{"id":110097,"date":"2017-03-09T11:58:40","date_gmt":"2017-03-09T13:58:40","guid":{"rendered":"http:\/\/aconteceunovale.com.br\/portal\/?p=110097"},"modified":"2017-03-09T11:58:40","modified_gmt":"2017-03-09T13:58:40","slug":"usado-para-reajustar-aluguel-igp-m-acumula-510-em-12-meses","status":"publish","type":"post","link":"https:\/\/aconteceunovale.com.br\/portal\/?p=110097","title":{"rendered":"Usado para reajustar aluguel, IGP-M acumula 5,10% em 12 meses"},"content":{"rendered":"<p>O \u00cdndice Geral de Pre\u00e7os &#8211; Mercado (IGP-M), utilizado no reajuste de contratos de aluguel, acumula taxa de 5,10% em 12 meses, segundo a primeira pr\u00e9via de mar\u00e7o do indicador, medido pela Funda\u00e7\u00e3o Get\u00falio Vargas. A pr\u00e9via de mar\u00e7o ficou em 0,25%, acima da taxa de 0,10% da primeira pr\u00e9via de fevereiro.<\/p>\n<p>A alta da taxa entre as pr\u00e9vias de fevereiro e mar\u00e7o foi influenciada pelos pre\u00e7os do atacado e pela constru\u00e7\u00e3o civil. A taxa de infla\u00e7\u00e3o do \u00cdndice de Pre\u00e7os ao Produtor Amplo, que mede o atacado, subiu de 0,01% na primeira pr\u00e9via de fevereiro para 0,23% na pr\u00e9via de mar\u00e7o. J\u00e1 o \u00cdndice Nacional de Custo da Constru\u00e7\u00e3o foi de 0,39% para 0,54% no per\u00edodo.<\/p>\n<p>E o \u00cdndice de Pre\u00e7os ao Consumidor, que mede a varia\u00e7\u00e3o de pre\u00e7os do varejo, teve uma queda na taxa de infla\u00e7\u00e3o, ao passar de 0,22% na primeira pr\u00e9via de fevereiro para 0,17% na primeira pr\u00e9via de mar\u00e7o.<\/p>\n<p><strong>VER PRIMEIRO<\/strong><\/p>\n<p><strong>Receba as not\u00edcias do Aconteceu no Vale em primeira m\u00e3o. Clique em curtir no endere\u00e7o <a href=\"https:\/\/www.facebook.com\/aconteceunovale\" target=\"_blank\"><font color=\"red\">www.facebook.com\/aconteceunovale<\/font><\/a> ou no box abaixo:<\/strong><\/p>\n<div class=\"fb-like\" data-href=\"https:\/\/www.facebook.com\/aconteceunovale\" data-width=\"120\" data-layout=\"standard\" data-action=\"like\" data-size=\"small\" data-show-faces=\"true\" data-share=\"true\"><\/div>\n<p><\/br><\/p>\n<p><em>(Fonte: Ag\u00eancia Brasil)<\/em><\/p>\n","protected":false},"excerpt":{"rendered":"<p>O \u00cdndice Geral de Pre\u00e7os &#8211; Mercado (IGP-M), utilizado no reajuste de contratos de aluguel, acumula taxa de 5,10% em 12 meses, segundo a primeira pr\u00e9via de mar\u00e7o do indicador, medido pela Funda\u00e7\u00e3o Get\u00falio Vargas. A pr\u00e9via de mar\u00e7o ficou em 0,25%, acima da taxa de 0,10% da primeira pr\u00e9via de fevereiro. A alta da [&hellip;]<\/p>\n","protected":false},"author":1,"featured_media":110098,"comment_status":"open","ping_status":"closed","sticky":false,"template":"","format":"standard","meta":{"amp_status":"","footnotes":""},"categories":[6,40239],"tags":[141613,44600,37230,113218,141611,113225,113219,141616,141615,141614,141610,141612],"class_list":["post-110097","post","type-post","status-publish","format-standard","has-post-thumbnail","hentry","category-br","category-economia-2","tag-aumento-igp-m","tag-fgv","tag-fundacao-getulio-vargas","tag-igp-m","tag-igp-m-acumula","tag-indice-de-precos-ao-produtor-amplo","tag-indice-geral-de-precos-mercado","tag-inflacao-do-aluguel","tag-previa","tag-reajuste-de-contratos-de-aluguel","tag-usado-para-reajustar-aluguel","tag-valor-igp-m"],"_links":{"self":[{"href":"https:\/\/aconteceunovale.com.br\/portal\/index.php?rest_route=\/wp\/v2\/posts\/110097","targetHints":{"allow":["GET"]}}],"collection":[{"href":"https:\/\/aconteceunovale.com.br\/portal\/index.php?rest_route=\/wp\/v2\/posts"}],"about":[{"href":"https:\/\/aconteceunovale.com.br\/portal\/index.php?rest_route=\/wp\/v2\/types\/post"}],"author":[{"embeddable":true,"href":"https:\/\/aconteceunovale.com.br\/portal\/index.php?rest_route=\/wp\/v2\/users\/1"}],"replies":[{"embeddable":true,"href":"https:\/\/aconteceunovale.com.br\/portal\/index.php?rest_route=%2Fwp%2Fv2%2Fcomments&post=110097"}],"version-history":[{"count":0,"href":"https:\/\/aconteceunovale.com.br\/portal\/index.php?rest_route=\/wp\/v2\/posts\/110097\/revisions"}],"wp:featuredmedia":[{"embeddable":true,"href":"https:\/\/aconteceunovale.com.br\/portal\/index.php?rest_route=\/wp\/v2\/media\/110098"}],"wp:attachment":[{"href":"https:\/\/aconteceunovale.com.br\/portal\/index.php?rest_route=%2Fwp%2Fv2%2Fmedia&parent=110097"}],"wp:term":[{"taxonomy":"category","embeddable":true,"href":"https:\/\/aconteceunovale.com.br\/portal\/index.php?rest_route=%2Fwp%2Fv2%2Fcategories&post=110097"},{"taxonomy":"post_tag","embeddable":true,"href":"https:\/\/aconteceunovale.com.br\/portal\/index.php?rest_route=%2Fwp%2Fv2%2Ftags&post=110097"}],"curies":[{"name":"wp","href":"https:\/\/api.w.org\/{rel}","templated":true}]}}