{"id":110045,"date":"2017-03-08T22:22:49","date_gmt":"2017-03-09T00:22:49","guid":{"rendered":"http:\/\/aconteceunovale.com.br\/portal\/?p=110045"},"modified":"2017-03-09T12:02:03","modified_gmt":"2017-03-09T14:02:03","slug":"bebe-morre-apos-se-afogar-em-balde-dentro-de-casa-em-montes-claros","status":"publish","type":"post","link":"https:\/\/aconteceunovale.com.br\/portal\/?p=110045","title":{"rendered":"Beb\u00ea morre ap\u00f3s se afogar em balde dentro de casa em Montes Claros"},"content":{"rendered":"<p>Um beb\u00ea de 1 ano e 2 meses se afogou em um balde e morreu, em Montes Claros, no Norte de Minas, nessa quarta-feira (8\/3). O menino chegou a ser levado para a Santa Casa da cidade, mas n\u00e3o resistiu e faleceu.<\/p>\n<p>Segundo a Pol\u00edcia Militar (PM), a m\u00e3e de Luan Vitor Soares dos Santos estava em casa com os quatro filhos, na rua Dona Luza Morais, no bairro Village do Lago II, quando se ausentou por alguns minutos para a ir \u00e0 casa de uma vizinha, buscar uma extens\u00e3o.<\/p>\n<p>Ela avisou \u00e0 filha mais velha, de 11 anos, pedindo que ficasse de olho nos irm\u00e3os. Minutos ap\u00f3s a aus\u00eancia da m\u00e3e, a menina encontrou um dos irm\u00e3os com a cabe\u00e7a dentro de um balde, sem nenhuma rea\u00e7\u00e3o. Ela tirou ele de l\u00e1 e percebeu que estava desacordado.<\/p>\n<p>O Corpo de Bombeiros foi chamado para socorro, mas antes da chegada dos militares, o menino foi encaminhado para uma unidade de sa\u00fade, pela m\u00e3e, que saiu correndo com a crian\u00e7a, logo que tomou ci\u00eancia da situa\u00e7\u00e3o.<\/p>\n<p>Os dois outros filhos da mulher tamb\u00e9m t\u00eam 1 ano e 2 meses. Eles eram trig\u00eameos.<\/p>\n<p><img decoding=\"async\" src=\"http:\/\/aconteceunovale.com.br\/portal\/wp-content\/uploads\/2017\/03\/afogamento_moc_balde.jpg\" alt=\"\" \/><em>Crian\u00e7a morreu ap\u00f3s se afogar em um balde (Foto: Reprodu\u00e7\u00e3o\/Inter TV)<\/em><br \/>\n<\/br><\/p>\n<p><strong>VER PRIMEIRO<\/strong><\/p>\n<p><strong>Receba as not\u00edcias do Aconteceu no Vale em primeira m\u00e3o. Clique em curtir no endere\u00e7o <a href=\"https:\/\/www.facebook.com\/aconteceunovale\" target=\"_blank\"><font color=\"red\">www.facebook.com\/aconteceunovale<\/font><\/a> ou no box abaixo:<\/strong><\/p>\n<div class=\"fb-like\" data-href=\"https:\/\/www.facebook.com\/aconteceunovale\" data-width=\"120\" data-layout=\"standard\" data-action=\"like\" data-size=\"small\" data-show-faces=\"true\" data-share=\"true\"><\/div>\n<p><\/br><\/p>\n<p><em>(Fonte: O Tempo)<\/em><\/p>\n","protected":false},"excerpt":{"rendered":"<p>Um beb\u00ea de 1 ano e 2 meses se afogou em um balde e morreu, em Montes Claros, no Norte de Minas, nessa quarta-feira (8\/3). O menino chegou a ser levado para a Santa Casa da cidade, mas n\u00e3o resistiu e faleceu. Segundo a Pol\u00edcia Militar (PM), a m\u00e3e de Luan Vitor Soares dos Santos [&hellip;]<\/p>\n","protected":false},"author":1,"featured_media":110046,"comment_status":"open","ping_status":"closed","sticky":false,"template":"","format":"standard","meta":{"amp_status":"","footnotes":""},"categories":[1236],"tags":[141526,141524,25405,141527,141523,1018,141617,210,141525],"class_list":["post-110045","post","type-post","status-publish","format-standard","has-post-thumbnail","hentry","category-norte_de_minas","tag-afogada-em-balde-em-montes-claros","tag-afogamento-em-balde-em-montes-claros","tag-afogamento-em-montes-claros","tag-bebe-morre-apos-se-afogar-em-balde-dentro-de-casa-em-montes-claros","tag-crianca-morre-apos-se-afogar-em-balde-dentro-de-casa-em-montes-claros","tag-destaque","tag-luan-vitor-soares-dos-santos","tag-montes-claros","tag-morte-por-afogamento-em-montes-claros"],"_links":{"self":[{"href":"https:\/\/aconteceunovale.com.br\/portal\/index.php?rest_route=\/wp\/v2\/posts\/110045","targetHints":{"allow":["GET"]}}],"collection":[{"href":"https:\/\/aconteceunovale.com.br\/portal\/index.php?rest_route=\/wp\/v2\/posts"}],"about":[{"href":"https:\/\/aconteceunovale.com.br\/portal\/index.php?rest_route=\/wp\/v2\/types\/post"}],"author":[{"embeddable":true,"href":"https:\/\/aconteceunovale.com.br\/portal\/index.php?rest_route=\/wp\/v2\/users\/1"}],"replies":[{"embeddable":true,"href":"https:\/\/aconteceunovale.com.br\/portal\/index.php?rest_route=%2Fwp%2Fv2%2Fcomments&post=110045"}],"version-history":[{"count":0,"href":"https:\/\/aconteceunovale.com.br\/portal\/index.php?rest_route=\/wp\/v2\/posts\/110045\/revisions"}],"wp:featuredmedia":[{"embeddable":true,"href":"https:\/\/aconteceunovale.com.br\/portal\/index.php?rest_route=\/wp\/v2\/media\/110046"}],"wp:attachment":[{"href":"https:\/\/aconteceunovale.com.br\/portal\/index.php?rest_route=%2Fwp%2Fv2%2Fmedia&parent=110045"}],"wp:term":[{"taxonomy":"category","embeddable":true,"href":"https:\/\/aconteceunovale.com.br\/portal\/index.php?rest_route=%2Fwp%2Fv2%2Fcategories&post=110045"},{"taxonomy":"post_tag","embeddable":true,"href":"https:\/\/aconteceunovale.com.br\/portal\/index.php?rest_route=%2Fwp%2Fv2%2Ftags&post=110045"}],"curies":[{"name":"wp","href":"https:\/\/api.w.org\/{rel}","templated":true}]}}