{"id":110042,"date":"2017-03-08T22:13:02","date_gmt":"2017-03-09T00:13:02","guid":{"rendered":"http:\/\/aconteceunovale.com.br\/portal\/?p=110042"},"modified":"2017-03-08T22:13:02","modified_gmt":"2017-03-09T00:13:02","slug":"bandidos-capotam-carro-apos-assalto-a-residencia-em-francisco-sa-no-norte-de-minas","status":"publish","type":"post","link":"https:\/\/aconteceunovale.com.br\/portal\/?p=110042","title":{"rendered":"Bandidos capotam carro ap\u00f3s assalto a resid\u00eancia em Francisco S\u00e1, no Norte de Minas"},"content":{"rendered":"<p>Criminosos assaltaram uma resid\u00eancia na madrugada desta quarta-feira (8) em Francisco S\u00e1, no Norte de Minas, e ainda fizeram os moradores de ref\u00e9ns. De acordo com informa\u00e7\u00f5es da Pol\u00edcia Militar, o crime foi em uma casa, conjugada com um com\u00e9rcio, no povoado de Canabrava. Os bandidos levaram o carro da fam\u00edlia, mas capotaram o ve\u00edculo durante a fuga; um menor foi apreendido.<\/p>\n<p>As v\u00edtimas, um homem de 61 e uma mulher de 56 anos, informaram que dormiam quando foram surpreendidos pelos assaltantes armados com rev\u00f3lver e facas. Eles relataram que foram agredidos, amarrados e amorda\u00e7ados. Os criminosos reviravam m\u00f3veis a procura de dinheiro e amea\u00e7avam matar as v\u00edtimas.<\/p>\n<p>Segundo o boletim de ocorr\u00eancia, a mulher relatou que n\u00e3o sabia sobre a exist\u00eancia de dinheiro no estabelecimento comercial, mas um dos assaltantes encontrou e disse que ia mat\u00e1-la. Ela afirmou que o criminoso recebeu uma ordem de um comparsa para n\u00e3o execut\u00e1-la, pois percebeu que a v\u00edtima era da mesma igreja evang\u00e9lica que a m\u00e3e dele. Eles fugiram deixando o homem e a mulher amarrados em cima de uma cama.<\/p>\n<p>Durante as buscas pelos envolvidos, os militares encontraram o carro roubado na estrada que liga ao povoado de Geraldo. O ve\u00edculo estava capotado e com parte dos objetos roubados. Em um matagal pr\u00f3ximo \u00e0 estrada, os militares encontraram um adolescente de 14 anos; ele apresentava escoria\u00e7\u00f5es e afirmou ter participado do crime.<\/p>\n<p>A PM diz ainda que o menor relatou que parte do grupo \u00e9 da cidade de Montes Claros. Ele disse ainda que foram chamados por um jovem de Francisco S\u00e1, para participar do crime. As buscas pelos outros envolvidos continuam na cidade, com ajuda de militares de cidades vizinhas. A PM acredita que um dos assaltantes esteja machucado, pois moradores viram um rapaz sendo carregado por outro, pr\u00f3ximo ao local do acidente.<\/p>\n<p><img decoding=\"async\" src=\"http:\/\/aconteceunovale.com.br\/portal\/wp-content\/uploads\/2017\/03\/capotamento_sf.jpg\" alt=\"\" \/><em>Ve\u00edculo roubado foi localizado em uma estrada rural (Foto: Pol\u00edcia Militar\/Divulga\u00e7\u00e3o)<\/em><br \/>\n<\/br><\/p>\n<p><strong>VER PRIMEIRO<\/strong><\/p>\n<p><strong>Receba as not\u00edcias do Aconteceu no Vale em primeira m\u00e3o. Clique em curtir no endere\u00e7o <a href=\"https:\/\/www.facebook.com\/aconteceunovale\" target=\"_blank\"><font color=\"red\">www.facebook.com\/aconteceunovale<\/font><\/a> ou no box abaixo:<\/strong><\/p>\n<div class=\"fb-like\" data-href=\"https:\/\/www.facebook.com\/aconteceunovale\" data-width=\"120\" data-layout=\"standard\" data-action=\"like\" data-size=\"small\" data-show-faces=\"true\" data-share=\"true\"><\/div>\n<p><\/br><\/p>\n<p><em>(Fonte: G1 Grande Minas)<\/em><\/p>\n","protected":false},"excerpt":{"rendered":"<p>Criminosos assaltaram uma resid\u00eancia na madrugada desta quarta-feira (8) em Francisco S\u00e1, no Norte de Minas, e ainda fizeram os moradores de ref\u00e9ns. De acordo com informa\u00e7\u00f5es da Pol\u00edcia Militar, o crime foi em uma casa, conjugada com um com\u00e9rcio, no povoado de Canabrava. Os bandidos levaram o carro da fam\u00edlia, mas capotaram o ve\u00edculo [&hellip;]<\/p>\n","protected":false},"author":1,"featured_media":110043,"comment_status":"open","ping_status":"closed","sticky":false,"template":"","format":"standard","meta":{"amp_status":"","footnotes":""},"categories":[1236],"tags":[141522,141521,141518,141517,141520,1395,141519],"class_list":["post-110042","post","type-post","status-publish","format-standard","has-post-thumbnail","hentry","category-norte_de_minas","tag-acidente-apos-roubo-em-francisco-sa","tag-acidente-bandidos-francisco-sa","tag-assalto-em-francisco-sa","tag-bandidos-capotam-carro-apos-assalto-a-residencia-em-francisco-sa","tag-capotamento-de-carro-em-francisco-sa","tag-francisco-sa","tag-roubo-em-francisco-sa"],"_links":{"self":[{"href":"https:\/\/aconteceunovale.com.br\/portal\/index.php?rest_route=\/wp\/v2\/posts\/110042","targetHints":{"allow":["GET"]}}],"collection":[{"href":"https:\/\/aconteceunovale.com.br\/portal\/index.php?rest_route=\/wp\/v2\/posts"}],"about":[{"href":"https:\/\/aconteceunovale.com.br\/portal\/index.php?rest_route=\/wp\/v2\/types\/post"}],"author":[{"embeddable":true,"href":"https:\/\/aconteceunovale.com.br\/portal\/index.php?rest_route=\/wp\/v2\/users\/1"}],"replies":[{"embeddable":true,"href":"https:\/\/aconteceunovale.com.br\/portal\/index.php?rest_route=%2Fwp%2Fv2%2Fcomments&post=110042"}],"version-history":[{"count":0,"href":"https:\/\/aconteceunovale.com.br\/portal\/index.php?rest_route=\/wp\/v2\/posts\/110042\/revisions"}],"wp:featuredmedia":[{"embeddable":true,"href":"https:\/\/aconteceunovale.com.br\/portal\/index.php?rest_route=\/wp\/v2\/media\/110043"}],"wp:attachment":[{"href":"https:\/\/aconteceunovale.com.br\/portal\/index.php?rest_route=%2Fwp%2Fv2%2Fmedia&parent=110042"}],"wp:term":[{"taxonomy":"category","embeddable":true,"href":"https:\/\/aconteceunovale.com.br\/portal\/index.php?rest_route=%2Fwp%2Fv2%2Fcategories&post=110042"},{"taxonomy":"post_tag","embeddable":true,"href":"https:\/\/aconteceunovale.com.br\/portal\/index.php?rest_route=%2Fwp%2Fv2%2Ftags&post=110042"}],"curies":[{"name":"wp","href":"https:\/\/api.w.org\/{rel}","templated":true}]}}