{"id":110034,"date":"2017-03-08T21:37:28","date_gmt":"2017-03-08T23:37:28","guid":{"rendered":"http:\/\/aconteceunovale.com.br\/portal\/?p=110034"},"modified":"2017-03-08T21:37:28","modified_gmt":"2017-03-08T23:37:28","slug":"vereador-mineiro-e-preso-suspeito-de-estuprar-seis-criancas","status":"publish","type":"post","link":"https:\/\/aconteceunovale.com.br\/portal\/?p=110034","title":{"rendered":"Vereador mineiro \u00e9 preso suspeito de estuprar seis crian\u00e7as"},"content":{"rendered":"<p>O conhecido &#8220;Carlos Henrique da R\u00e1dio&#8221;, 45 anos, radialista e atualmente vereador de Carmo do Cajuru, na regi\u00e3o Centro-Oeste de Minas Gerais, foi preso, na manh\u00e3 desta quarta-feira (8\/3), suspeito de estuprar, pelo menos, seis crian\u00e7as, entre 7 e 11 anos.<\/p>\n<p>Boatos na cidade levaram o delegado Weslley Amaral de Castro a investigar e realizar uma opera\u00e7\u00e3o para deter o pol\u00edtico Carlos Anderson da Silva e realizar buscas em sua casa, local onde os abusos eram realizados.<\/p>\n<p>&#8220;Ele se aproximava da fam\u00edlia das v\u00edtimas e depois de ter a confian\u00e7a dos familiares, ele pedia para deixarem as crian\u00e7as irem na casa dele. L\u00e1 tem um po\u00e7o, onde ficam uns animais, como patos, e ele deixava as crian\u00e7as nadarem, oferecia balas, doces, chamava para assistir filmes, oportunidade em que praticava os abusos, masturba-se e assistia v\u00eddeos pornogr\u00e1ficos na frente das crian\u00e7as. Todas as v\u00edtimas s\u00e3o extremamente carentes do ponto de vista social, econ\u00f4mico e at\u00e9 familiar&#8221;, revelou o delegado que est\u00e1 h\u00e1 cerca de 40 na cidade.<\/p>\n<p>Uma das meninas v\u00edtima teve o estupro comprovado por exame de corpo de delito, com ferimentos na vagina e no \u00e2nus. O delegado acredita que existam mais crian\u00e7as que poderiam ter sido violentadas pelo suspeito.<\/p>\n<p>Segundo Castro, os fatos ocorrem h\u00e1 pelo menos dois anos e todas as crian\u00e7as foram categ\u00f3ricas em relatar com riqueza de detalhes os abusos, de maneira coerente e un\u00edssona.<\/p>\n<p>A Pol\u00edcia Civil cumpriu mandado de pris\u00e3o preventiva e de busca e apreens\u00e3o. Foram apreendidos seis HDs externos, cinco pendrives, seis celulares, uma c\u00e2mera digital, v\u00e1rios DVDs, quatro fotos de v\u00edtimas, as quais se encontravam dentro de um cofre, bem como duas mochilas infantis com cadernos e l\u00e1pis (as quais eram novas e provavelmente seriam dadas de presente).<\/p>\n<p>As investiga\u00e7\u00f5es prosseguem para que seja verificado a exist\u00eancia de conte\u00fado ped\u00f3filo nas m\u00eddias apreendidas, bem como a exist\u00eancia de eventuais outras v\u00edtimas, at\u00e9 o momento n\u00e3o identificadas.<\/p>\n<p>Ainda, o suspeito foi autuado por crime ambiental, por possuir animais silvestres sem autoriza\u00e7\u00e3o. Foram encontrados cavalos, araras e um c\u00e1gado, em um c\u00fabico, o que demonstra maus tratos.<\/p>\n<p>O vereador j\u00e1 prestou depoimento ao delegado e negou os crime. Ele alegou gostar de crian\u00e7as e que sempre quis ajud\u00e1-las. Silva ser\u00e1 encaminhado para o Pres\u00eddio de Floramar, em Divin\u00f3polis, na mesma regi\u00e3o.<\/p>\n<p><img decoding=\"async\" src=\"http:\/\/aconteceunovale.com.br\/portal\/wp-content\/uploads\/2017\/03\/vereador_preso_mg_1.jpg\" alt=\"\" \/><em>Material apreendido pela pol\u00edcia (Divulga\u00e7\u00e3o\/PCMG)<\/em><br \/>\n<\/br><\/p>\n<p><strong>Vereador j\u00e1 foi preso anteriormente<\/strong><\/p>\n<p>Carlos Silva foi o vereador mais votado em 2016, recebendo 674 votos. Ele \u00e9 do PTD e ocupa umas das 11 cadeiras da C\u00e2mara Municipal. O pol\u00edtico j\u00e1 j\u00e1 foi preso por cal\u00fania em data anterior.<\/p>\n<p>O presidente da Casa Legislativa, Adriano Nogueira (PSB), afirmou que tamb\u00e9m j\u00e1 tinha ouvido os boatos, em rela\u00e7\u00e3o ao parlamentar, mas s\u00f3 agora, com a investiga\u00e7\u00e3o, \u00e9 que de fato a hist\u00f3ria veio a tona.<\/p>\n<p>&#8220;A gente sente muito com essa situa\u00e7\u00e3o que envolve uma cidade pequena. \u00c9 um fato concreto, temos que esperar a determina\u00e7\u00e3o jur\u00eddica do caso. Vamos analisar a situa\u00e7\u00e3o e tomar as provid\u00eancias. Para a c\u00e2mera n\u00e3o chegou nenhuma den\u00fancia e continuamos funcionando sem um vereador, at\u00e9 que saibamos como devemos agir legalmente&#8221;, pontou o vereador.<\/p>\n<p>Ainda, conforme Nogueira, coment\u00e1rios sobre a mau conduta de Silva eram ouvidos pela maioria da popula\u00e7\u00e3o da cidade, que tem pouco mais de 20 mil habitantes.<\/p>\n<p>As investiga\u00e7\u00f5es contaram com o trabalho do investigador Alisson e o Escriv\u00e3o Rodrigo, assim como apoio operacional do Delegado Dr. Diego Almeida Lopes Mendon\u00e7a, e investigadores Marcus Vin\u00edcius Ferrari Pinto, Vanderlei, Yuri, Heberth, Esrom e Matheus.<\/p>\n<p><img decoding=\"async\" src=\"http:\/\/aconteceunovale.com.br\/portal\/wp-content\/uploads\/2017\/03\/vereador_preso_mg_2.jpg\" alt=\"\" \/><em>Grupo de policiais realizou a pris\u00e3o do vereador (Divulga\u00e7\u00e3o\/PCMG)<\/em><br \/>\n<\/br><\/p>\n<p><strong>VER PRIMEIRO<\/strong><\/p>\n<p><strong>Receba as not\u00edcias do Aconteceu no Vale em primeira m\u00e3o. Clique em curtir no endere\u00e7o <a href=\"https:\/\/www.facebook.com\/aconteceunovale\" target=\"_blank\"><font color=\"red\">www.facebook.com\/aconteceunovale<\/font><\/a> ou no box abaixo:<\/strong><\/p>\n<div class=\"fb-like\" data-href=\"https:\/\/www.facebook.com\/aconteceunovale\" data-width=\"120\" data-layout=\"standard\" data-action=\"like\" data-size=\"small\" data-show-faces=\"true\" data-share=\"true\"><\/div>\n<p><\/br><\/p>\n<p><em>(Fonte: O Tempo \/ Fernanda Viegas)<\/em><\/p>\n","protected":false},"excerpt":{"rendered":"<p>O conhecido &#8220;Carlos Henrique da R\u00e1dio&#8221;, 45 anos, radialista e atualmente vereador de Carmo do Cajuru, na regi\u00e3o Centro-Oeste de Minas Gerais, foi preso, na manh\u00e3 desta quarta-feira (8\/3), suspeito de estuprar, pelo menos, seis crian\u00e7as, entre 7 e 11 anos. Boatos na cidade levaram o delegado Weslley Amaral de Castro a investigar e realizar [&hellip;]<\/p>\n","protected":false},"author":1,"featured_media":110035,"comment_status":"open","ping_status":"closed","sticky":false,"template":"","format":"standard","meta":{"amp_status":"","footnotes":""},"categories":[123,40240],"tags":[141510,141503,141505,141506,1654,141504,141507,141511,141508,141509],"class_list":["post-110034","post","type-post","status-publish","format-standard","has-post-thumbnail","hentry","category-gerais","category-politica-2","tag-carlos-anderson-da-silva","tag-carlos-henrique-da-radio","tag-carlos-henrique-da-radio-e-preso","tag-carlos-henrique-da-radio-e-preso-por-estupro","tag-carmo-do-cajuru","tag-prisao-de-carlos-henrique-da-radio","tag-prisao-de-vereador-em-carmo-do-cajuru","tag-vereador-mineiro-e-preso-suspeito-de-estuprar-seis-criancas","tag-vereador-preso-em-carmo-do-cajuru","tag-weslley-amaral-de-castro"],"_links":{"self":[{"href":"https:\/\/aconteceunovale.com.br\/portal\/index.php?rest_route=\/wp\/v2\/posts\/110034","targetHints":{"allow":["GET"]}}],"collection":[{"href":"https:\/\/aconteceunovale.com.br\/portal\/index.php?rest_route=\/wp\/v2\/posts"}],"about":[{"href":"https:\/\/aconteceunovale.com.br\/portal\/index.php?rest_route=\/wp\/v2\/types\/post"}],"author":[{"embeddable":true,"href":"https:\/\/aconteceunovale.com.br\/portal\/index.php?rest_route=\/wp\/v2\/users\/1"}],"replies":[{"embeddable":true,"href":"https:\/\/aconteceunovale.com.br\/portal\/index.php?rest_route=%2Fwp%2Fv2%2Fcomments&post=110034"}],"version-history":[{"count":0,"href":"https:\/\/aconteceunovale.com.br\/portal\/index.php?rest_route=\/wp\/v2\/posts\/110034\/revisions"}],"wp:featuredmedia":[{"embeddable":true,"href":"https:\/\/aconteceunovale.com.br\/portal\/index.php?rest_route=\/wp\/v2\/media\/110035"}],"wp:attachment":[{"href":"https:\/\/aconteceunovale.com.br\/portal\/index.php?rest_route=%2Fwp%2Fv2%2Fmedia&parent=110034"}],"wp:term":[{"taxonomy":"category","embeddable":true,"href":"https:\/\/aconteceunovale.com.br\/portal\/index.php?rest_route=%2Fwp%2Fv2%2Fcategories&post=110034"},{"taxonomy":"post_tag","embeddable":true,"href":"https:\/\/aconteceunovale.com.br\/portal\/index.php?rest_route=%2Fwp%2Fv2%2Ftags&post=110034"}],"curies":[{"name":"wp","href":"https:\/\/api.w.org\/{rel}","templated":true}]}}