{"id":109960,"date":"2017-03-07T20:24:49","date_gmt":"2017-03-07T22:24:49","guid":{"rendered":"http:\/\/aconteceunovale.com.br\/portal\/?p=109960"},"modified":"2017-03-07T20:24:49","modified_gmt":"2017-03-07T22:24:49","slug":"minas-tem-101-mortes-por-febre-amarela-e-bh-confirma-doenca-em-segundo-macaco","status":"publish","type":"post","link":"https:\/\/aconteceunovale.com.br\/portal\/?p=109960","title":{"rendered":"Minas tem 101 mortes por febre amarela e BH confirma doen\u00e7a em segundo macaco"},"content":{"rendered":"<p>Minas Gerais contabiliza 101 mortes por febre amarela este ano. Mais 83 est\u00e3o em an\u00e1lise. Os n\u00fameros s\u00e3o do novo boletim epidemiol\u00f3gico divulgado hoje (7) pela Secretaria de Sa\u00fade de Minas Gerais (SES-MG).<\/p>\n<p>Ao todo, o estado registra 1.076 notifica\u00e7\u00f5es da doen\u00e7a, das quais 57 foram descartadas e 272 s\u00e3o casos confirmados. O atual surto \u00e9 considerado o maior no Brasil desde 1980, quando o Minist\u00e9rio da Sa\u00fade passou a disponibilizar dados da s\u00e9rie hist\u00f3rica. At\u00e9 ent\u00e3o, o ano com a situa\u00e7\u00e3o mais grave havia ocorrido em 2000, quando morreram 40 pessoas.<\/p>\n<p>Os boletins da SES-MG est\u00e3o sendo divulgados \u00e0s ter\u00e7as e sextas-feiras. Ele traz ainda o n\u00famero de munic\u00edpios afetados. At\u00e9 o momento, 48 cidades mineiras t\u00eam confirma\u00e7\u00f5es de transmiss\u00e3o da doen\u00e7a e mais 89 analisam casos suspeitos.<\/p>\n<p>A febre amarela atinge humanos e macacos. A doen\u00e7a \u00e9 causada por um v\u00edrus da fam\u00edlia\u00a0<em>Flaviviridae<\/em>. No meio rural e silvestre, ele \u00e9 transmitida pelo mosquito\u00a0<em>Haemagogus<\/em>. Em \u00e1rea urbana, o vetor \u00e9 o\u00a0<em>Aedes aegypti<\/em>, o mesmo da dengue, do v\u00edrus zika e da febre chikungunya. Segundo o Minist\u00e9rio da Sa\u00fade, a transmiss\u00e3o da febre amarela no Brasil n\u00e3o ocorre em \u00e1reas urbanas desde 1942. At\u00e9 o momento, nenhum dos casos em Minas Gerais s\u00e3o considerados urbanos pelos \u00f3rg\u00e3os p\u00fablicos.<\/p>\n<p>A principal medida de combate \u00e0 doen\u00e7a \u00e9 a vacina\u00e7\u00e3o da popula\u00e7\u00e3o. O imunizante \u00e9 ofertado gratuitamente nos postos de sa\u00fade por meio do Sistema \u00danico de Sa\u00fade (SUS). A aplica\u00e7\u00e3o ocorre em dose \u00fanica, devendo ser refor\u00e7ada ap\u00f3s dez anos. No caso de crian\u00e7as, o Minist\u00e9rio da Sa\u00fade recomenda a administra\u00e7\u00e3o de uma dose aos 9 meses e um refor\u00e7o aos 4 anos.<\/p>\n<p><strong>Macacos<\/strong><\/p>\n<p>H\u00e1 duas semanas, a Regi\u00e3o Metropolitana de Belo Horizonte confirmou o primeiro caso de febre amarela. A v\u00edtima era do munic\u00edpio de Esmeraldas (MG) e faleceu em decorr\u00eancia da doen\u00e7a.<\/p>\n<p>A capital mineira, por\u00e9m, ainda n\u00e3o tem nenhuma notifica\u00e7\u00e3o de infec\u00e7\u00e3o em humanos. H\u00e1 algumas semanas, a Secretaria de Sa\u00fade de Belo Horizonte informou que\u00a0cinco moradores foram internados\u00a0e receberam alta. No entanto, todos eles estiveram em \u00e1reas afetadas pelo surto e a hip\u00f3tese trabalhada \u00e9 de poss\u00edvel infec\u00e7\u00e3o em outros munic\u00edpios.<\/p>\n<p>Por outro lado, a Secretaria de Sa\u00fade confirmou ontem (6) que um segundo macaco encontrado morto na capital mineira estava com febre amarela. O corpo do animal havia sido localizado na regi\u00e3o oeste da cidade. No m\u00eas passado, um macaco que morreu na regi\u00e3o de Venda Nova tamb\u00e9m teve exame positivo para a doen\u00e7a.<\/p>\n<p>A prefeitura de Belo Horizonte vem realizando algumas a\u00e7\u00f5es para evitar que humanos sejam infectados. Entre as medidas adotadas, est\u00e3o o\u00a0refor\u00e7o da vacina\u00e7\u00e3o e a interdi\u00e7\u00e3o\u00a0do Parque Jacques Cousteau, do Parque das Mangabeiras e do Parque da Serra do Curral.<\/p>\n<p><strong>VER PRIMEIRO<\/strong><\/p>\n<p><strong>Receba as not\u00edcias do Aconteceu no Vale em primeira m\u00e3o. Clique em curtir no endere\u00e7o <a href=\"https:\/\/www.facebook.com\/aconteceunovale\" target=\"_blank\"><font color=\"red\">www.facebook.com\/aconteceunovale<\/font><\/a> ou no box abaixo:<\/strong><\/p>\n<div class=\"fb-like\" data-href=\"https:\/\/www.facebook.com\/aconteceunovale\" data-width=\"120\" data-layout=\"standard\" data-action=\"like\" data-size=\"small\" data-show-faces=\"true\" data-share=\"true\"><\/div>\n<p><\/br><\/p>\n<p><em>(Fonte: Ag\u00eancia Brasil)<\/em><\/p>\n","protected":false},"excerpt":{"rendered":"<p>Minas Gerais contabiliza 101 mortes por febre amarela este ano. Mais 83 est\u00e3o em an\u00e1lise. Os n\u00fameros s\u00e3o do novo boletim epidemiol\u00f3gico divulgado hoje (7) pela Secretaria de Sa\u00fade de Minas Gerais (SES-MG). Ao todo, o estado registra 1.076 notifica\u00e7\u00f5es da doen\u00e7a, das quais 57 foram descartadas e 272 s\u00e3o casos confirmados. O atual surto [&hellip;]<\/p>\n","protected":false},"author":1,"featured_media":108658,"comment_status":"open","ping_status":"closed","sticky":false,"template":"","format":"standard","meta":{"amp_status":"","footnotes":""},"categories":[121,123,40242,122],"tags":[194,1017,141388,141384,141380,139886,139888,135063,1018,47713,135895,139640,135064,344,139693,131,141379,141390,141386,141382,136571,141389,141385,141381,19152,141387,141383,135893],"class_list":["post-109960","post","type-post","status-publish","format-standard","has-post-thumbnail","hentry","category-leste","category-gerais","category-saude-2","category-mucuri","tag-belo-horizonte","tag-bh","tag-casos-confirmados-de-febre-amarela-em-belo-horizonte","tag-casos-confirmados-de-febre-amarela-em-bh","tag-casos-confirmados-de-febre-amarela-em-minas-gerais","tag-casos-de-febre-amarela-em-belo-horizonte","tag-casos-de-febre-amarela-em-bh","tag-casos-de-febre-amarela-em-minas-gerais","tag-destaque","tag-febre-amarela","tag-febre-amarela-em-belo-horizonte","tag-febre-amarela-em-bh","tag-febre-amarela-em-minas-gerais","tag-ladainha","tag-macaco","tag-minas-gerais","tag-minas-tem-101-mortes-por-febre-amarela-e-bh-confirma-doenca-em-segundo-macaco","tag-morte-de-macaco","tag-mortes-por-febre-amarela-em-belo-horizonte","tag-mortes-por-febre-amarela-em-bh","tag-mortes-por-febre-amarela-em-minas-gerais","tag-obitos-por-febre-amarela-em-belo-horizonte","tag-obitos-por-febre-amarela-em-bh","tag-obitos-por-febre-amarela-em-minas-gerais","tag-saude","tag-vitimas-da-febre-amarela-em-belo-horizonte","tag-vitimas-da-febre-amarela-em-bh","tag-vitimas-da-febre-amarela-em-minas-gerais"],"_links":{"self":[{"href":"https:\/\/aconteceunovale.com.br\/portal\/index.php?rest_route=\/wp\/v2\/posts\/109960","targetHints":{"allow":["GET"]}}],"collection":[{"href":"https:\/\/aconteceunovale.com.br\/portal\/index.php?rest_route=\/wp\/v2\/posts"}],"about":[{"href":"https:\/\/aconteceunovale.com.br\/portal\/index.php?rest_route=\/wp\/v2\/types\/post"}],"author":[{"embeddable":true,"href":"https:\/\/aconteceunovale.com.br\/portal\/index.php?rest_route=\/wp\/v2\/users\/1"}],"replies":[{"embeddable":true,"href":"https:\/\/aconteceunovale.com.br\/portal\/index.php?rest_route=%2Fwp%2Fv2%2Fcomments&post=109960"}],"version-history":[{"count":0,"href":"https:\/\/aconteceunovale.com.br\/portal\/index.php?rest_route=\/wp\/v2\/posts\/109960\/revisions"}],"wp:featuredmedia":[{"embeddable":true,"href":"https:\/\/aconteceunovale.com.br\/portal\/index.php?rest_route=\/wp\/v2\/media\/108658"}],"wp:attachment":[{"href":"https:\/\/aconteceunovale.com.br\/portal\/index.php?rest_route=%2Fwp%2Fv2%2Fmedia&parent=109960"}],"wp:term":[{"taxonomy":"category","embeddable":true,"href":"https:\/\/aconteceunovale.com.br\/portal\/index.php?rest_route=%2Fwp%2Fv2%2Fcategories&post=109960"},{"taxonomy":"post_tag","embeddable":true,"href":"https:\/\/aconteceunovale.com.br\/portal\/index.php?rest_route=%2Fwp%2Fv2%2Ftags&post=109960"}],"curies":[{"name":"wp","href":"https:\/\/api.w.org\/{rel}","templated":true}]}}