{"id":109958,"date":"2017-03-07T20:20:58","date_gmt":"2017-03-07T22:20:58","guid":{"rendered":"http:\/\/aconteceunovale.com.br\/portal\/?p=109958"},"modified":"2017-03-07T20:20:58","modified_gmt":"2017-03-07T22:20:58","slug":"mpf-e-contra-concessao-de-habeas-corpus-para-eike-batista","status":"publish","type":"post","link":"https:\/\/aconteceunovale.com.br\/portal\/?p=109958","title":{"rendered":"MPF \u00e9 contra concess\u00e3o de habeas corpus para Eike Batista"},"content":{"rendered":"<p>O Minist\u00e9rio P\u00fablico Federal (MPF) se manifestou contra a liberta\u00e7\u00e3o do empres\u00e1rio Eike Batista, do ex-subsecret\u00e1rio-adjunto de Comunica\u00e7\u00e3o do Estado do Rio, Francisco de Assis Neto, e de Carlos Bezerra, citado como operador financeiro do ex-governador S\u00e9rgio Cabral. A posi\u00e7\u00e3o do MPF contra a concess\u00e3o de\u00a0<em>habeas corpus\u00a0<\/em>aos tr\u00eas foi informada nesta ter\u00e7a-feira (7) ao Tribunal Regional Federal da 2\u00aa Regi\u00e3o (TRF2).<\/p>\n<p>Os\u00a0<em>habeas corpus\u00a0<\/em>ser\u00e3o julgados pela Justi\u00e7a Federal nesta quarta-feira (8) e o MPF refutou a liberta\u00e7\u00e3o provis\u00f3ria e medidas alternativas \u00e0 pris\u00e3o por considerar que elas n\u00e3o neutralizariam os riscos que a liberdade dos r\u00e9us oferece ao atual est\u00e1gio das investiga\u00e7\u00f5es da for\u00e7a-tarefa da Lava Jato. Para os procuradores, as pris\u00f5es preventivas de Eike, Assis Neto e Bezerra continuam necess\u00e1rias para garantir a ordem p\u00fablica e a aplica\u00e7\u00e3o da lei penal.<\/p>\n<p>\u201cN\u00e3o se pode vincular a grav\u00edssima crise no estado exclusivamente \u00e0 corrup\u00e7\u00e3o no governo, mas desconsiderar essa rela\u00e7\u00e3o \u00e9 imposs\u00edvel. A popula\u00e7\u00e3o sofre, de forma p\u00fablica e not\u00f3ria, os efeitos de um governo de inc\u00faria, cujo l\u00edder m\u00e1ximo acumulou, no m\u00ednimo, US$ 100 milh\u00f5es\u201d, dizem os procuradores regionais Silvana Batini, M\u00f4nica de R\u00e9, Carlos Aguiar e Andr\u00e9a Bay\u00e3o nos pareceres. \u201cA resposta imediata da Justi\u00e7a no encarceramento dos principais membros da organiza\u00e7\u00e3o \u00e9 forma de preservar a dignidade da Justi\u00e7a e tamb\u00e9m garantir a ordem p\u00fablica, hoje seriamente amea\u00e7ada.\u201d<\/p>\n<p>As informa\u00e7\u00f5es foram divulgadas pela assessoria do MPF.<\/p>\n<p><strong>VER PRIMEIRO<\/strong><\/p>\n<p><strong>Receba as not\u00edcias do Aconteceu no Vale em primeira m\u00e3o. Clique em curtir no endere\u00e7o <a href=\"https:\/\/www.facebook.com\/aconteceunovale\" target=\"_blank\"><font color=\"red\">www.facebook.com\/aconteceunovale<\/font><\/a> ou no box abaixo:<\/strong><\/p>\n<div class=\"fb-like\" data-href=\"https:\/\/www.facebook.com\/aconteceunovale\" data-width=\"120\" data-layout=\"standard\" data-action=\"like\" data-size=\"small\" data-show-faces=\"true\" data-share=\"true\"><\/div>\n<p><\/br><\/p>\n<p><em>(Ag\u00eancia Brasil)<\/em><\/p>\n","protected":false},"excerpt":{"rendered":"<p>O Minist\u00e9rio P\u00fablico Federal (MPF) se manifestou contra a liberta\u00e7\u00e3o do empres\u00e1rio Eike Batista, do ex-subsecret\u00e1rio-adjunto de Comunica\u00e7\u00e3o do Estado do Rio, Francisco de Assis Neto, e de Carlos Bezerra, citado como operador financeiro do ex-governador S\u00e9rgio Cabral. A posi\u00e7\u00e3o do MPF contra a concess\u00e3o de\u00a0habeas corpus\u00a0aos tr\u00eas foi informada nesta ter\u00e7a-feira (7) ao Tribunal [&hellip;]<\/p>\n","protected":false},"author":1,"featured_media":87370,"comment_status":"open","ping_status":"closed","sticky":false,"template":"","format":"standard","meta":{"amp_status":"","footnotes":""},"categories":[6],"tags":[141377,141376,23444,141378,141375,18887,141374,18095],"class_list":["post-109958","post","type-post","status-publish","format-standard","has-post-thumbnail","hentry","category-br","tag-carlos-bezerra","tag-concessao-de-habeas-corpus-para-eike-batista","tag-eike-batista","tag-francisco-de-assis-neto","tag-habeas-corpus-para-eike-batista","tag-mpf","tag-mpf-e-contra-concessao-de-habeas-corpus-para-eike-batista","tag-operacao-lava-jato"],"_links":{"self":[{"href":"https:\/\/aconteceunovale.com.br\/portal\/index.php?rest_route=\/wp\/v2\/posts\/109958","targetHints":{"allow":["GET"]}}],"collection":[{"href":"https:\/\/aconteceunovale.com.br\/portal\/index.php?rest_route=\/wp\/v2\/posts"}],"about":[{"href":"https:\/\/aconteceunovale.com.br\/portal\/index.php?rest_route=\/wp\/v2\/types\/post"}],"author":[{"embeddable":true,"href":"https:\/\/aconteceunovale.com.br\/portal\/index.php?rest_route=\/wp\/v2\/users\/1"}],"replies":[{"embeddable":true,"href":"https:\/\/aconteceunovale.com.br\/portal\/index.php?rest_route=%2Fwp%2Fv2%2Fcomments&post=109958"}],"version-history":[{"count":0,"href":"https:\/\/aconteceunovale.com.br\/portal\/index.php?rest_route=\/wp\/v2\/posts\/109958\/revisions"}],"wp:featuredmedia":[{"embeddable":true,"href":"https:\/\/aconteceunovale.com.br\/portal\/index.php?rest_route=\/wp\/v2\/media\/87370"}],"wp:attachment":[{"href":"https:\/\/aconteceunovale.com.br\/portal\/index.php?rest_route=%2Fwp%2Fv2%2Fmedia&parent=109958"}],"wp:term":[{"taxonomy":"category","embeddable":true,"href":"https:\/\/aconteceunovale.com.br\/portal\/index.php?rest_route=%2Fwp%2Fv2%2Fcategories&post=109958"},{"taxonomy":"post_tag","embeddable":true,"href":"https:\/\/aconteceunovale.com.br\/portal\/index.php?rest_route=%2Fwp%2Fv2%2Ftags&post=109958"}],"curies":[{"name":"wp","href":"https:\/\/api.w.org\/{rel}","templated":true}]}}