{"id":109915,"date":"2017-03-06T21:49:56","date_gmt":"2017-03-06T23:49:56","guid":{"rendered":"http:\/\/aconteceunovale.com.br\/portal\/?p=109915"},"modified":"2017-03-06T21:57:48","modified_gmt":"2017-03-06T23:57:48","slug":"filho-de-vereador-foge-da-pm-e-atropela-mulher-que-seguia-para-igreja-em-montes-claros","status":"publish","type":"post","link":"https:\/\/aconteceunovale.com.br\/portal\/?p=109915","title":{"rendered":"Filho de vereador foge da PM e atropela mulher que seguia para igreja em Montes Claros"},"content":{"rendered":"<p>Dois homens foram presos ap\u00f3s se envolverem em um atropelamento de uma mulher de 49 anos na noite deste domingo (5\/3), na Avenida Nossa Senhora de F\u00e1tima, em Montes Claros. De acordo com a Pol\u00edcia Militar, o condutor da motocicleta, de 21 anos, e o garupa, de 18, fugiram de uma abordagem policial no Bairro S\u00e3o Geraldo II. O condutor, Lucas Ara\u00fajo, \u00e9 filho vereador Idelfonso Pereira Ara\u00fajo (PMDB).<\/p>\n<p>Os militares foram at\u00e9 o Bairro S\u00e3o Geraldo II para verificarem den\u00fancia sobre disparo de arma de fogo. No local, os dois homens estavam em atitude suspeita, e, ao serem abordados, eles fugiram em uma moto sentido a BR-365. Durante a fuga, na altura do Bairro Jardim S\u00e3o Geraldo, eles atropelaram a mulher. Segunda a fam\u00edlia, ela estava indo para a igreja quando foi atingida.<\/p>\n<p>A v\u00edtima foi socorrida pelo Samu e encaminhada ao hospital. A assessoria da unidade de sa\u00fade informou que a mulher passou por tr\u00eas procedimentos cir\u00fargicos e respira com ajuda de aparelhos.<\/p>\n<p><img decoding=\"async\" src=\"http:\/\/aconteceunovale.com.br\/portal\/wp-content\/uploads\/2017\/03\/atropelamento_moc_1.jpg\" alt=\"\" \/><em>Condutor fugiu de uma abordagem policial (Foto: Aur\u00e9lio Vidal\/Reprodu\u00e7\u00e3o G1)<\/em><br \/>\n<\/br><\/p>\n<p>Ap\u00f3s o atropelamento, os homens fugiram, mas foram presos no Bairro Chiquinho Guimar\u00e3es. No momento do acidente, os dois ca\u00edram e a moto bateu em um carro estacionado na via. Antes de serem conduzidos para a delegacia, eles passaram por avalia\u00e7\u00e3o m\u00e9dica.<\/p>\n<p>De acordo com a pol\u00edcia, Lucas Ara\u00fajo, negou fazer o teste do etil\u00f4metro e n\u00e3o assinou o termo de recusa do teste. O garupa foi conduzido para a delegacia por desobedi\u00eancia. A motocicleta foi removida ao p\u00e1tio do Detran.<\/p>\n<p>O filho do parlamentar foi investigado em 2014 por tirar fotos dentro de uma viatura da Pol\u00edcia Militar fazendo gestos obscenos e postar em redes sociais. Na \u00e9poca, o vereador lamentou o fato e disse que o filho tinha um comportamento exemplar.<\/p>\n<p><strong>Opera\u00e7\u00e3o<\/strong><\/p>\n<p>Ap\u00f3s o atropelamento, os militares realizaram uma opera\u00e7\u00e3o no Bairro S\u00e3o Geraldo II. Quatro motocicletas e quatro carros foram apreendidos. Ainda de acordo com a Pol\u00edcia Militar, tr\u00eas pessoas foram presas for embriaguez ao volante e dire\u00e7\u00e3o perigosa.<\/p>\n<p><img decoding=\"async\" src=\"http:\/\/aconteceunovale.com.br\/portal\/wp-content\/uploads\/2017\/03\/atropelamento_moc_2.jpg\" alt=\"\" \/><em>Militares realizaram uma opera\u00e7\u00e3o logo ap\u00f3s o atropelamento (Foto: PM\/Divulga\u00e7\u00e3o)<\/em><br \/>\n<\/br><\/p>\n<p><strong><\/p>\n<h4>Filho de vereador responder\u00e1 por dois crimes<\/h4>\n<p><\/strong><\/p>\n<p>O delegado regional da Pol\u00edcia Civil, Jurandir Rodrigues, afirmou na tarde desta segunda-feira (6) que Lucas Ara\u00fajo ir\u00e1 responder por dois crimes; les\u00e3o corporal no tr\u00e2nsito, agravada por omiss\u00e3o de socorro \u2013 j\u00e1 que ap\u00f3s o acidente ele tentou fugir do local-, e por embriaguez ao volante.<\/p>\n<p>\u201cEle passou por exames cl\u00ednicos ainda na madrugada. O resultado n\u00e3o comprovou a ingest\u00e3o de \u00e1lcool, mas a Pol\u00edcia Civil conseguiu provar por prova testemunhal dos militares que atenderam a ocorr\u00eancia e tamb\u00e9m pelo h\u00e1lito et\u00edlico\u201d, disse o delegado.<\/p>\n<p><strong>VER PRIMEIRO<\/strong><\/p>\n<p><strong>Receba as not\u00edcias do Aconteceu no Vale em primeira m\u00e3o. Clique em curtir no endere\u00e7o <a href=\"https:\/\/www.facebook.com\/aconteceunovale\" target=\"_blank\"><font color=\"red\">www.facebook.com\/aconteceunovale<\/font><\/a> ou no box abaixo:<\/strong><\/p>\n<div class=\"fb-like\" data-href=\"https:\/\/www.facebook.com\/aconteceunovale\" data-width=\"120\" data-layout=\"standard\" data-action=\"like\" data-size=\"small\" data-show-faces=\"true\" data-share=\"true\"><\/div>\n<p><\/br><\/p>\n<p><em>(Fonte: G1 Grande Minas)<\/em><\/p>\n","protected":false},"excerpt":{"rendered":"<p>Dois homens foram presos ap\u00f3s se envolverem em um atropelamento de uma mulher de 49 anos na noite deste domingo (5\/3), na Avenida Nossa Senhora de F\u00e1tima, em Montes Claros. De acordo com a Pol\u00edcia Militar, o condutor da motocicleta, de 21 anos, e o garupa, de 18, fugiram de uma abordagem policial no Bairro [&hellip;]<\/p>\n","protected":false},"author":1,"featured_media":109916,"comment_status":"open","ping_status":"closed","sticky":false,"template":"","format":"standard","meta":{"amp_status":"","footnotes":""},"categories":[1236],"tags":[65737,141314,15021,1018,141318,141317,17281,210,114199,141315,141316,18096],"class_list":["post-109915","post","type-post","status-publish","format-standard","has-post-thumbnail","hentry","category-norte_de_minas","tag-atropelamento-em-montes-claros","tag-atropelamento-na-avenida-nossa-senhora-de-fatima","tag-avenida-nossa-senhora-de-fatima","tag-destaque","tag-filho-de-vereador-foge-da-pm-e-atropela-mulher-que-seguia-para-igreja-em-montes-claros","tag-idelfonso-pereira-araujo","tag-lucas-araujo","tag-montes-claros","tag-mulher-atropelada-em-montes-claros","tag-mulher-atropelada-na-avenida-nossa-senhora-de-fatima","tag-mulher-atropelada-por-filho-de-vereador-em-montes-claros","tag-pmdb"],"_links":{"self":[{"href":"https:\/\/aconteceunovale.com.br\/portal\/index.php?rest_route=\/wp\/v2\/posts\/109915","targetHints":{"allow":["GET"]}}],"collection":[{"href":"https:\/\/aconteceunovale.com.br\/portal\/index.php?rest_route=\/wp\/v2\/posts"}],"about":[{"href":"https:\/\/aconteceunovale.com.br\/portal\/index.php?rest_route=\/wp\/v2\/types\/post"}],"author":[{"embeddable":true,"href":"https:\/\/aconteceunovale.com.br\/portal\/index.php?rest_route=\/wp\/v2\/users\/1"}],"replies":[{"embeddable":true,"href":"https:\/\/aconteceunovale.com.br\/portal\/index.php?rest_route=%2Fwp%2Fv2%2Fcomments&post=109915"}],"version-history":[{"count":0,"href":"https:\/\/aconteceunovale.com.br\/portal\/index.php?rest_route=\/wp\/v2\/posts\/109915\/revisions"}],"wp:featuredmedia":[{"embeddable":true,"href":"https:\/\/aconteceunovale.com.br\/portal\/index.php?rest_route=\/wp\/v2\/media\/109916"}],"wp:attachment":[{"href":"https:\/\/aconteceunovale.com.br\/portal\/index.php?rest_route=%2Fwp%2Fv2%2Fmedia&parent=109915"}],"wp:term":[{"taxonomy":"category","embeddable":true,"href":"https:\/\/aconteceunovale.com.br\/portal\/index.php?rest_route=%2Fwp%2Fv2%2Fcategories&post=109915"},{"taxonomy":"post_tag","embeddable":true,"href":"https:\/\/aconteceunovale.com.br\/portal\/index.php?rest_route=%2Fwp%2Fv2%2Ftags&post=109915"}],"curies":[{"name":"wp","href":"https:\/\/api.w.org\/{rel}","templated":true}]}}