{"id":109912,"date":"2017-03-06T21:41:13","date_gmt":"2017-03-06T23:41:13","guid":{"rendered":"http:\/\/aconteceunovale.com.br\/portal\/?p=109912"},"modified":"2017-03-06T21:41:39","modified_gmt":"2017-03-06T23:41:39","slug":"com-divida-de-r-348-milhoes-prefeito-de-governador-valadares-decreta-situacao-de-crise-financeira","status":"publish","type":"post","link":"https:\/\/aconteceunovale.com.br\/portal\/?p=109912","title":{"rendered":"Com d\u00edvida de R$ 348 milh\u00f5es, prefeito de Governador Valadares decreta situa\u00e7\u00e3o de crise financeira"},"content":{"rendered":"<p>O prefeito de Governador Valadares, Andr\u00e9 Merlo (PSDB), decretou na manh\u00e3 desta segunda-feira (6) situa\u00e7\u00e3o emergencial de crise financeira. De acordo com o prefeito, o munic\u00edpio tem uma d\u00edvida de R$ 348 milh\u00f5es, entre financiamentos, d\u00edvidas n\u00e3o pagas, consigna\u00e7\u00f5es, d\u00e9bitos do Servi\u00e7o Aut\u00f4nomo de \u00c1gua e Esgoto (SAAE) e outros.<\/p>\n<p>O decreto foi assinado ap\u00f3s uma apresenta\u00e7\u00e3o do balan\u00e7o financeiro do munic\u00edpio. Segundo o prefeito, Governador Valadares n\u00e3o tem dinheiro para quitar todas as d\u00edvidas imediatamente, e algumas medidas, como renegocia\u00e7\u00e3o de d\u00edvidas, ser\u00e3o tomadas para que os pagamentos sejam feitos.<\/p>\n<p>\u201cNos preocupa muito essa d\u00edvida. Valadares j\u00e1 n\u00e3o tem capacidade de endividamento junto aos agentes financeiros. N\u00f3s precisamos aumentar nossa receita, arrecadar mais em impostos, sem aumentar tributos. Vamos contingenciar o nosso or\u00e7amento em torno de 25%. N\u00f3s estamos pedindo aos secret\u00e1rios que reduzam o seu or\u00e7amento em torno de 20 a 30%\u201d, destacou o prefeito.<\/p>\n<p>Andr\u00e9 Merlo disse ainda que o SAAE da cidade tem uma d\u00edvida de mais de R$ 36 milh\u00f5es, em d\u00e9bitos diversos, al\u00e9m de uma d\u00edvida espec\u00edfica com a Ag\u00eancia Nacional de \u00c1guas (ANA), de 10,3 milh\u00f5es. O prefeito tamb\u00e9m comentou que identificou, durante uma auditoria, que servidores municipais n\u00e3o teriam se apresentado ao servi\u00e7o at\u00e9 esta data e que foram identificados pagamentos de sal\u00e1rios superiores ao teto do prefeito municipal, o que \u00e9 ilegal.<\/p>\n<p>\u201cEsse servidor, se n\u00e3o aparecer para assinar a folha, a partir do m\u00eas de abril j\u00e1 n\u00e3o receber\u00e1. Se ele n\u00e3o aparecer, ser\u00e1 exclu\u00eddo do quadro e considerado servidor fantasma. Em rela\u00e7\u00e3o ao teto, o maior sal\u00e1rio permitido por lei \u00e9 o do prefeito. A partir deste m\u00eas j\u00e1 n\u00e3o vamos pagar o limite, que hoje \u00e9 em torno de R$ 12.900\u201d.<\/p>\n<p><strong>A\u00e7\u00f5es para conter a crise<\/strong><\/p>\n<p>Segundo Andr\u00e9 Merlo, dentre as a\u00e7\u00f5es que ser\u00e3o tomadas pela Prefeitura para resolver a situa\u00e7\u00e3o de crise financeira, est\u00e3o renegocia\u00e7\u00f5es de d\u00edvidas, redu\u00e7\u00f5es de horas extras, auditoria interna na folha de pagamentos dos servidores, revis\u00e3o de alugu\u00e9is e revis\u00e3o de contratos do munic\u00edpio, que geram uma d\u00edvida de cerca de R$ 4 milh\u00f5es de anuais, segundo a administra\u00e7\u00e3o p\u00fablica.<\/p>\n<p>Apesar da crise, o prefeito destacou que espera realizar algumas obras consideradas emergenciais, como a capta\u00e7\u00e3o alternativa de \u00e1gua, combate ao mosquito Aedes aegypti e reforma do parque no municipal. Andr\u00e9 Merlo tamb\u00e9m falou sobre as obras de melhorias no aeroporto da cidade, que encerra seu prazo de conclus\u00e3o este m\u00eas. \u201c\u00c9 um problema mais grave. N\u00f3s estamos indo pra Bras\u00edlia (DF) para pedir pelo menos mais seis meses. Alguns procedimentos, desde 2010, n\u00e3o foram cumpridos. J\u00e1 providenciamos a compra da esta\u00e7\u00e3o meteorol\u00f3gica, estamos regularizando a homologa\u00e7\u00e3o do r\u00e1dio e v\u00e1rias outras situa\u00e7\u00f5es est\u00e3o sendo regularizadas\u201d, garantiu.<\/p>\n<p><img decoding=\"async\" src=\"http:\/\/aconteceunovale.com.br\/portal\/wp-content\/uploads\/2017\/03\/andre_merlo.jpg\" alt=\"\" \/><em>Merlo decretou situa\u00e7\u00e3o de crise financeira (Foto: Reprodu\u00e7\u00e3o\/P\u00e1gina Caso de Pol\u00edcia)<\/em><br \/>\n<\/br><\/p>\n<p><strong>VER PRIMEIRO<\/strong><\/p>\n<p><strong>Receba as not\u00edcias do Aconteceu no Vale em primeira m\u00e3o. Clique em curtir no endere\u00e7o <a href=\"https:\/\/www.facebook.com\/aconteceunovale\" target=\"_blank\"><font color=\"red\">www.facebook.com\/aconteceunovale<\/font><\/a> ou no box abaixo:<\/strong><\/p>\n<div class=\"fb-like\" data-href=\"https:\/\/www.facebook.com\/aconteceunovale\" data-width=\"120\" data-layout=\"standard\" data-action=\"like\" data-size=\"small\" data-show-faces=\"true\" data-share=\"true\"><\/div>\n<p><\/br><\/p>\n<p><em>(Fonte: G1 dos Vales)<\/em><\/p>\n","protected":false},"excerpt":{"rendered":"<p>O prefeito de Governador Valadares, Andr\u00e9 Merlo (PSDB), decretou na manh\u00e3 desta segunda-feira (6) situa\u00e7\u00e3o emergencial de crise financeira. De acordo com o prefeito, o munic\u00edpio tem uma d\u00edvida de R$ 348 milh\u00f5es, entre financiamentos, d\u00edvidas n\u00e3o pagas, consigna\u00e7\u00f5es, d\u00e9bitos do Servi\u00e7o Aut\u00f4nomo de \u00c1gua e Esgoto (SAAE) e outros. O decreto foi assinado ap\u00f3s [&hellip;]<\/p>\n","protected":false},"author":1,"featured_media":109913,"comment_status":"open","ping_status":"closed","sticky":false,"template":"","format":"standard","meta":{"amp_status":"","footnotes":""},"categories":[121],"tags":[101405,141313,141309,141310,1018,247,141308,35082,7882,141311,141312],"class_list":["post-109912","post","type-post","status-publish","format-standard","has-post-thumbnail","hentry","category-leste","tag-andre-merlo","tag-com-divida-de-r-348-milhoes","tag-crise-financeira-em-governador-valadares","tag-crise-na-prefeitura-de-governador-valadares","tag-destaque","tag-governador-valadares","tag-prefeito-de-governador-valadares-decreta-situacao-de-crise-financeira","tag-prefeitura-de-governador-valadares","tag-psdb","tag-rombo-na-prefeitura-de-governador-valadares","tag-situacao-da-prefeitura-de-governador-valadares"],"_links":{"self":[{"href":"https:\/\/aconteceunovale.com.br\/portal\/index.php?rest_route=\/wp\/v2\/posts\/109912","targetHints":{"allow":["GET"]}}],"collection":[{"href":"https:\/\/aconteceunovale.com.br\/portal\/index.php?rest_route=\/wp\/v2\/posts"}],"about":[{"href":"https:\/\/aconteceunovale.com.br\/portal\/index.php?rest_route=\/wp\/v2\/types\/post"}],"author":[{"embeddable":true,"href":"https:\/\/aconteceunovale.com.br\/portal\/index.php?rest_route=\/wp\/v2\/users\/1"}],"replies":[{"embeddable":true,"href":"https:\/\/aconteceunovale.com.br\/portal\/index.php?rest_route=%2Fwp%2Fv2%2Fcomments&post=109912"}],"version-history":[{"count":0,"href":"https:\/\/aconteceunovale.com.br\/portal\/index.php?rest_route=\/wp\/v2\/posts\/109912\/revisions"}],"wp:featuredmedia":[{"embeddable":true,"href":"https:\/\/aconteceunovale.com.br\/portal\/index.php?rest_route=\/wp\/v2\/media\/109913"}],"wp:attachment":[{"href":"https:\/\/aconteceunovale.com.br\/portal\/index.php?rest_route=%2Fwp%2Fv2%2Fmedia&parent=109912"}],"wp:term":[{"taxonomy":"category","embeddable":true,"href":"https:\/\/aconteceunovale.com.br\/portal\/index.php?rest_route=%2Fwp%2Fv2%2Fcategories&post=109912"},{"taxonomy":"post_tag","embeddable":true,"href":"https:\/\/aconteceunovale.com.br\/portal\/index.php?rest_route=%2Fwp%2Fv2%2Ftags&post=109912"}],"curies":[{"name":"wp","href":"https:\/\/api.w.org\/{rel}","templated":true}]}}