{"id":109909,"date":"2017-03-06T21:25:02","date_gmt":"2017-03-06T23:25:02","guid":{"rendered":"http:\/\/aconteceunovale.com.br\/portal\/?p=109909"},"modified":"2017-03-06T21:25:02","modified_gmt":"2017-03-06T23:25:02","slug":"mpf-pede-suspensao-de-concurso-publico-do-ifmg","status":"publish","type":"post","link":"https:\/\/aconteceunovale.com.br\/portal\/?p=109909","title":{"rendered":"MPF pede suspens\u00e3o de concurso p\u00fablico do IFMG"},"content":{"rendered":"<p>A Procuradoria Regional dos Direitos do Cidad\u00e3o (PRDC), \u00f3rg\u00e3o do Minist\u00e9rio P\u00fablico Federal (MPF), ingressou com a\u00e7\u00e3o civil p\u00fablica contra o Instituto Federal de Educa\u00e7\u00e3o, Ci\u00eancia e Tecnologia de Minas Gerais (IFMG), pedindo a suspens\u00e3o imediata do andamento do concurso p\u00fablico regido pelo Edital n\u00ba 124\/2016. O objetivo da a\u00e7\u00e3o \u00e9 impedir o fracionamento indevido do n\u00famero de vagas reservadas a negros e a pessoas com defici\u00eancia nos concursos p\u00fablicos promovidos pela institui\u00e7\u00e3o.<\/p>\n<p>A previs\u00e3o de cotas em concursos p\u00fablicos para pessoas com defici\u00eancia \u00e9 uma obriga\u00e7\u00e3o estabelecida pelo artigo 37, VIII, da Constitui\u00e7\u00e3o Federal, regulamentado pela Lei 8.112\/90, a qual definiu o limite m\u00ednimo de 5% at\u00e9 o m\u00e1ximo de 20% das vagas oferecidas.<\/p>\n<p>A cota racial, por sua vez, foi determinada pela Lei 12.990\/2014, que garantiu \u00e0s pessoas negras o percentual de 20% das vagas oferecidas nos concursos para provimento de cargos efetivos e empregos p\u00fablicos no \u00e2mbito da administra\u00e7\u00e3o p\u00fablica federal, das autarquias, das funda\u00e7\u00f5es p\u00fablicas, das empresas p\u00fablicas e das sociedades de economia mista controladas pela Uni\u00e3o.<\/p>\n<p>O IFMG, no entanto, embora tenha previsto a reserva de vagas, ao fracionar os cargos por \u00e1rea de atua\u00e7\u00e3o e por localidade, na pr\u00e1tica inviabilizou as cotas. <\/p>\n<p>\u00c9 o caso do Edital n\u00ba 124, publicado em 30 de agosto de 2016, para o preenchimento de vagas do cargo de T\u00e9cnico Administrativo em Educa\u00e7\u00e3o, que, apesar de prever textualmente a reserva, dividiu os cargos por \u00e1rea e por localidade. Para exemplificar, o edital ofereceu 5 vagas para o cargo de Administrador, mas dividiu-as por quatro locais de provimento: Formiga (1), Ouro Branco (1), Reitoria (1) e Ribeir\u00e3o das Neves (2).  <\/p>\n<p>O procurador regional dos Direitos do Cidad\u00e3o, Edmundo Dias, observa na a\u00e7\u00e3o que, &#8220;como resultado desse fracionamento, do total de 100 vagas oferecidas no concurso, somente duas foram reservadas a negros, em localidades onde havia mais de duas vagas em disputa, mas nenhuma vaga para pessoas com defici\u00eancia, tornando sem qualquer efetividade a previs\u00e3o do artigo 37, VIII, da Constitui\u00e7\u00e3o brasileira, e reduzindo significativamente a da Lei 12.990\/2014&#8221;.<\/p>\n<p>De acordo com o MPF, a aplica\u00e7\u00e3o correta da lei, diante do n\u00famero total de cargos oferecidos e das pr\u00f3prias disposi\u00e7\u00f5es do edital &#8211; que em tese previu, para pessoas com defici\u00eancia, a reserva no limite m\u00e1ximo, que \u00e9 de 20% das vagas -, imporia que fossem reservadas 22 vagas para pessoas com defici\u00eancia e outras 22 vagas para candidatos negros. <\/p>\n<p>E ainda que fosse poss\u00edvel o fracionamento do c\u00f4mputo de vagas por \u00e1rea de atua\u00e7\u00e3o, se considerado o n\u00famero de vagas por cargo, independentemente de suas diferentes localidades, o edital deveria ter reservado pelo menos 12 vagas para pessoas com defici\u00eancia e outras 19 vagas para negros, registra a a\u00e7\u00e3o.<\/p>\n<p><strong>Pedidos<\/strong><\/p>\n<p>O MPF pediu, na a\u00e7\u00e3o, que a Justi\u00e7a Federal suspenda o andamento do concurso at\u00e9 que o IFMG promova a retifica\u00e7\u00e3o do  Edital n\u00ba 124\/2016, para adequ\u00e1-lo \u00e0 legisla\u00e7\u00e3o que prev\u00ea a reserva de vagas aos negros e \u00e0s pessoas com defici\u00eancia.<\/p>\n<p>A a\u00e7\u00e3o tamb\u00e9m pediu que a institui\u00e7\u00e3o de ensino seja impedida de adotar, em seus pr\u00f3ximos editais, o mesmo tipo de procedimento, devendo a reserva de vagas incidir sobre o total oferecido no concurso, bem como sobre as que surgirem no decorrer dos processos seletivos.<\/p>\n<p><strong>IFMG<\/strong><\/p>\n<p>O IFMG diz n\u00e3o ter sido notificado da a\u00e7\u00e3o do MPF e vai se pronunciar depois de se inteirar da a\u00e7\u00e3o.<\/p>\n<p><strong>VER PRIMEIRO<\/strong><\/p>\n<p><strong>Receba as not\u00edcias do Aconteceu no Vale em primeira m\u00e3o. Clique em curtir no endere\u00e7o <a href=\"https:\/\/www.facebook.com\/aconteceunovale\" target=\"_blank\"><font color=\"red\">www.facebook.com\/aconteceunovale<\/font><\/a> ou no box abaixo:<\/strong><\/p>\n<div class=\"fb-like\" data-href=\"https:\/\/www.facebook.com\/aconteceunovale\" data-width=\"120\" data-layout=\"standard\" data-action=\"like\" data-size=\"small\" data-show-faces=\"true\" data-share=\"true\"><\/div>\n<p><\/br><\/p>\n<p><em>(Fonte: MPF em Minas)<\/em><\/p>\n","protected":false},"excerpt":{"rendered":"<p>A Procuradoria Regional dos Direitos do Cidad\u00e3o (PRDC), \u00f3rg\u00e3o do Minist\u00e9rio P\u00fablico Federal (MPF), ingressou com a\u00e7\u00e3o civil p\u00fablica contra o Instituto Federal de Educa\u00e7\u00e3o, Ci\u00eancia e Tecnologia de Minas Gerais (IFMG), pedindo a suspens\u00e3o imediata do andamento do concurso p\u00fablico regido pelo Edital n\u00ba 124\/2016. O objetivo da a\u00e7\u00e3o \u00e9 impedir o fracionamento indevido [&hellip;]<\/p>\n","protected":false},"author":1,"featured_media":109910,"comment_status":"open","ping_status":"closed","sticky":false,"template":"","format":"standard","meta":{"amp_status":"","footnotes":""},"categories":[40237,123],"tags":[141304,1513,160,5667,18887,141303,1529,141307,141306,3674,141305],"class_list":["post-109909","post","type-post","status-publish","format-standard","has-post-thumbnail","hentry","category-concursos","category-gerais","tag-concurso-publico-do-ifmg","tag-formiga","tag-ifmg","tag-ministerio-publico-federal","tag-mpf","tag-mpf-pede-suspensao-de-concurso-publico-do-ifmg","tag-ouro-branco","tag-prdc","tag-procuradoria-regional-dos-direitos-do-cidadao","tag-ribeirao-das-neves","tag-suspensao-de-concurso-publico-do-ifmg"],"_links":{"self":[{"href":"https:\/\/aconteceunovale.com.br\/portal\/index.php?rest_route=\/wp\/v2\/posts\/109909","targetHints":{"allow":["GET"]}}],"collection":[{"href":"https:\/\/aconteceunovale.com.br\/portal\/index.php?rest_route=\/wp\/v2\/posts"}],"about":[{"href":"https:\/\/aconteceunovale.com.br\/portal\/index.php?rest_route=\/wp\/v2\/types\/post"}],"author":[{"embeddable":true,"href":"https:\/\/aconteceunovale.com.br\/portal\/index.php?rest_route=\/wp\/v2\/users\/1"}],"replies":[{"embeddable":true,"href":"https:\/\/aconteceunovale.com.br\/portal\/index.php?rest_route=%2Fwp%2Fv2%2Fcomments&post=109909"}],"version-history":[{"count":0,"href":"https:\/\/aconteceunovale.com.br\/portal\/index.php?rest_route=\/wp\/v2\/posts\/109909\/revisions"}],"wp:featuredmedia":[{"embeddable":true,"href":"https:\/\/aconteceunovale.com.br\/portal\/index.php?rest_route=\/wp\/v2\/media\/109910"}],"wp:attachment":[{"href":"https:\/\/aconteceunovale.com.br\/portal\/index.php?rest_route=%2Fwp%2Fv2%2Fmedia&parent=109909"}],"wp:term":[{"taxonomy":"category","embeddable":true,"href":"https:\/\/aconteceunovale.com.br\/portal\/index.php?rest_route=%2Fwp%2Fv2%2Fcategories&post=109909"},{"taxonomy":"post_tag","embeddable":true,"href":"https:\/\/aconteceunovale.com.br\/portal\/index.php?rest_route=%2Fwp%2Fv2%2Ftags&post=109909"}],"curies":[{"name":"wp","href":"https:\/\/api.w.org\/{rel}","templated":true}]}}