{"id":109907,"date":"2017-03-06T21:03:27","date_gmt":"2017-03-06T23:03:27","guid":{"rendered":"http:\/\/aconteceunovale.com.br\/portal\/?p=109907"},"modified":"2017-03-06T21:03:27","modified_gmt":"2017-03-06T23:03:27","slug":"dono-de-lava-a-jato-devera-indenizar-cliente-que-teve-carro-roubado-em-montes-claros","status":"publish","type":"post","link":"https:\/\/aconteceunovale.com.br\/portal\/?p=109907","title":{"rendered":"Dono de lava a jato dever\u00e1 indenizar cliente que teve carro roubado em Montes Claros"},"content":{"rendered":"<p>A 18\u00aa C\u00e2mara C\u00edvel do TJMG (Tribunal de Justi\u00e7a de Minas Gerais) condenou o propriet\u00e1rio de um lava a jato de Montes Claros a indenizar um cliente cujo carro foi roubado no estabelecimento. A v\u00edtima deve ser reparada em R$32.100 por danos materiais e em R$7 mil por danos morais.<\/p>\n<p>Segundo os autos, no dia 27 de fevereiro de 2015, o cliente deixou um Golf Sportline no lava a jato, e o ve\u00edculo foi roubado por assaltantes armados.<\/p>\n<p>Em sua defesa, a empresa argumentou que o fato de ter havido assalto \u00e0 m\u00e3o armada representa caso de for\u00e7a maior, porque ela n\u00e3o teria como impedir o roubo do autom\u00f3vel.<\/p>\n<p>Como em primeira inst\u00e2ncia o pedido de indeniza\u00e7\u00e3o foi julgado improcedente, a v\u00edtima recorreu ao Tribunal. O relator, desembargador Arnaldo Maciel, modificou a senten\u00e7a com o argumento de que o estabelecimento \u00e9 respons\u00e1vel pela seguran\u00e7a dentro do local, inclusive de seus clientes. \u201cOs elementos e provas constantes dos autos n\u00e3o permitem qualquer outra conclus\u00e3o, sen\u00e3o a de que o autor realmente faz jus ao recebimento de parte das indeniza\u00e7\u00f5es pleiteadas\u201d, afirma.<\/p>\n<p>Os desembargadores S\u00e9rgio Andr\u00e9 Fonseca Xavier e Vasconcelos Lins votaram de acordo com o relator. Ficaram vencidos os desembargadores Jo\u00e3o C\u00e2ncio e Mota e Silva, que tiveram o mesmo entendimento do juiz de primeira inst\u00e2ncia.<\/p>\n<p><strong>VER PRIMEIRO<\/strong><\/p>\n<p><strong>Receba as not\u00edcias do Aconteceu no Vale em primeira m\u00e3o. Clique em curtir no endere\u00e7o <a href=\"https:\/\/www.facebook.com\/aconteceunovale\" target=\"_blank\"><font color=\"red\">www.facebook.com\/aconteceunovale<\/font><\/a> ou no box abaixo:<\/strong><\/p>\n<div class=\"fb-like\" data-href=\"https:\/\/www.facebook.com\/aconteceunovale\" data-width=\"120\" data-layout=\"standard\" data-action=\"like\" data-size=\"small\" data-show-faces=\"true\" data-share=\"true\"><\/div>\n<p><\/br><\/p>\n<p><em>(Fonte: TJMG)<\/em><\/p>\n","protected":false},"excerpt":{"rendered":"<p>A 18\u00aa C\u00e2mara C\u00edvel do TJMG (Tribunal de Justi\u00e7a de Minas Gerais) condenou o propriet\u00e1rio de um lava a jato de Montes Claros a indenizar um cliente cujo carro foi roubado no estabelecimento. A v\u00edtima deve ser reparada em R$32.100 por danos materiais e em R$7 mil por danos morais. Segundo os autos, no dia [&hellip;]<\/p>\n","protected":false},"author":1,"featured_media":78106,"comment_status":"open","ping_status":"closed","sticky":false,"template":"","format":"standard","meta":{"amp_status":"","footnotes":""},"categories":[1236],"tags":[141298,141300,141302,141301,210,141299,270,92646],"class_list":["post-109907","post","type-post","status-publish","format-standard","has-post-thumbnail","hentry","category-norte_de_minas","tag-18a-camara-civel-do-tjmg","tag-condenacao-de-proprietario-de-um-lava-a-jato-de-montes-claros","tag-dono-de-lava-a-jato-devera-indenizar-cliente-que-teve-carro-roubado-em-montes-claros","tag-dono-de-lava-jato-devera-indenizar-cliente-que-teve-carro-roubado-em-montes-claros","tag-montes-claros","tag-proprietario-de-um-lava-a-jato-de-montes-claros","tag-tjmg","tag-tribunal-de-justica-de-minas-gerais"],"_links":{"self":[{"href":"https:\/\/aconteceunovale.com.br\/portal\/index.php?rest_route=\/wp\/v2\/posts\/109907","targetHints":{"allow":["GET"]}}],"collection":[{"href":"https:\/\/aconteceunovale.com.br\/portal\/index.php?rest_route=\/wp\/v2\/posts"}],"about":[{"href":"https:\/\/aconteceunovale.com.br\/portal\/index.php?rest_route=\/wp\/v2\/types\/post"}],"author":[{"embeddable":true,"href":"https:\/\/aconteceunovale.com.br\/portal\/index.php?rest_route=\/wp\/v2\/users\/1"}],"replies":[{"embeddable":true,"href":"https:\/\/aconteceunovale.com.br\/portal\/index.php?rest_route=%2Fwp%2Fv2%2Fcomments&post=109907"}],"version-history":[{"count":0,"href":"https:\/\/aconteceunovale.com.br\/portal\/index.php?rest_route=\/wp\/v2\/posts\/109907\/revisions"}],"wp:featuredmedia":[{"embeddable":true,"href":"https:\/\/aconteceunovale.com.br\/portal\/index.php?rest_route=\/wp\/v2\/media\/78106"}],"wp:attachment":[{"href":"https:\/\/aconteceunovale.com.br\/portal\/index.php?rest_route=%2Fwp%2Fv2%2Fmedia&parent=109907"}],"wp:term":[{"taxonomy":"category","embeddable":true,"href":"https:\/\/aconteceunovale.com.br\/portal\/index.php?rest_route=%2Fwp%2Fv2%2Fcategories&post=109907"},{"taxonomy":"post_tag","embeddable":true,"href":"https:\/\/aconteceunovale.com.br\/portal\/index.php?rest_route=%2Fwp%2Fv2%2Ftags&post=109907"}],"curies":[{"name":"wp","href":"https:\/\/api.w.org\/{rel}","templated":true}]}}