{"id":109901,"date":"2017-03-06T20:53:19","date_gmt":"2017-03-06T22:53:19","guid":{"rendered":"http:\/\/aconteceunovale.com.br\/portal\/?p=109901"},"modified":"2017-03-06T20:53:19","modified_gmt":"2017-03-06T22:53:19","slug":"tres-municipios-de-minas-gerais-realizam-novas-eleicoes-no-proximo-domingo","status":"publish","type":"post","link":"https:\/\/aconteceunovale.com.br\/portal\/?p=109901","title":{"rendered":"Tr\u00eas munic\u00edpios de Minas Gerais realizam novas elei\u00e7\u00f5es no pr\u00f3ximo domingo"},"content":{"rendered":"<p>Os eleitores das cidades mineiras de Alvorada de Minas, Erv\u00e1lia e S\u00e3o Bento Abade voltar\u00e3o \u00e0s urnas neste domingo (12) para eleger prefeitos e vice-prefeitos em novas elei\u00e7\u00f5es. Nesses munic\u00edpios, o pleito de 2016 para o referido cargo eletivo foi anulado pela Justi\u00e7a Eleitoral porque o candidato que recebeu a maioria dos votos v\u00e1lidos teve o registro de candidatura indeferido. A vota\u00e7\u00e3o ocorrer\u00e1 das 8h \u00e0s 17h, no hor\u00e1rio local.<\/p>\n<p>De acordo com o artigo 224 do C\u00f3digo Eleitoral (Lei n\u00ba 4.737\/1965), \u201cSe a nulidade atingir a mais de metade dos votos do pa\u00eds nas elei\u00e7\u00f5es presidenciais, do Estado nas elei\u00e7\u00f5es federais e estaduais ou do munic\u00edpio nas elei\u00e7\u00f5es municipais, julgar-se-\u00e3o prejudicadas as demais vota\u00e7\u00f5es e o Tribunal marcar\u00e1 dia para nova elei\u00e7\u00e3o dentro do prazo de 20 a 40 dias\u201d.<\/p>\n<p>A Reforma Eleitoral 2015 (Lei n\u00ba 13.165) incluiu no artigo 224 do C\u00f3digo Eleitoral o par\u00e1grafo 3\u00ba. Segundo o dispositivo, devem ocorrer novas elei\u00e7\u00f5es sempre que houver, independentemente do n\u00famero de votos anulados e ap\u00f3s o tr\u00e2nsito em julgado, \u201cdecis\u00e3o da Justi\u00e7a Eleitoral que importe o indeferimento do registro, a cassa\u00e7\u00e3o do diploma ou a perda do mandato de candidato eleito em pleito majorit\u00e1rio\u201d.<\/p>\n<p>As instru\u00e7\u00f5es para a realiza\u00e7\u00e3o dessas elei\u00e7\u00f5es s\u00e3o estabelecidas por meio de resolu\u00e7\u00e3o espec\u00edfica aprovada por cada Tribunal Regional Eleitoral (TRE).<\/p>\n<p><strong>Alvorada de Minas<\/strong><\/p>\n<p>Em Alvorada de Minas, o candidato a prefeito mais votado em outubro de 2016, Danilio Cl\u00e9ssio Ferreira, da coliga\u00e7\u00e3o PTB\/DEM\/PV\/PTdoB\/SD, teve seu registro indeferido. A Justi\u00e7a Eleitoral entendeu que, apesar de Danilio ter se desincompatibilizado do cargo de secret\u00e1rio municipal, n\u00e3o se afastou das fun\u00e7\u00f5es, tendo praticado atos como servidor p\u00fablico no per\u00edodo vedado. A inelegibilidade que fundamentou a decis\u00e3o \u00e9 a prevista no artigo 1\u00ba, inciso II, al\u00ednea l, da Lei Complementar n\u00ba 64\/1990.<\/p>\n<p>Concorrem no pleito deste domingo tr\u00eas candidatos. Carlos Frederico Caldeira de Abreu (PMDB) \u00e9 veterin\u00e1rio, tem 47 anos, nasceu em Belo Horizonte (MG) e tem como vice De De Xisto. J\u00e1 Cleber Bosco Padilha, o Cleber do Esporte, \u00e9 o candidato da coliga\u00e7\u00e3o \u201cUnidos por Alvorada\u201d (PTdoB\/PHS), \u00e9 professor de ensino m\u00e9dio, tem 39 anos, natural de Serro (MG) e tem como vice Jo\u00e3o Pedro. O agr\u00f4nomo Vitor Hugo Ferreira dos Santos, o Vitor de Salvador, concorre pela coliga\u00e7\u00e3o \u201cUnidos com a For\u00e7a do Povo\u201d (SD\/PP\/DEM\/PDT), tem 36 anos, tamb\u00e9m \u00e9 natural de Serro (MG) e tem como candidato a vice-prefeito Cristiano Tib\u00farcio.<\/p>\n<p><strong>Erv\u00e1lia<\/strong><\/p>\n<p>No caso do munic\u00edpio de Erv\u00e1lia, na Zona da Mata mineira, o candidato a prefeito mais votado no ano passado, Edson Rezende (DEM), teve seu registro indeferido pela Justi\u00e7a Eleitoral em raz\u00e3o de contas p\u00fablicas rejeitadas. A inelegibilidade que baseou a decis\u00e3o \u00e9 a do artigo 1\u00ba, inciso I, al\u00ednea g, da Lei Complementar 64\/1990.<\/p>\n<p>S\u00e3o dois os concorrentes \u00e0 Prefeitura de Erv\u00e1lia no pleito deste domingo: Alex Ruela de Almeida, da coliga\u00e7\u00e3o \u201cUnidos por Erv\u00e1lia\u201d (PSDB\/PR\/PSB\/SD), \u00e9 empres\u00e1rio, tem 46 anos, \u00e9 natural de Visconde do Rio Branco (MG) e tem como vice Luciano Caetano de Andrade, o Luciano do Periquito; e Eloisio Antonio de Castro (DEM), o Eloisio Cunha, da coliga\u00e7\u00e3o \u201cRumo aos Novos Tempos\u201d (DEM\/PT), comerciante, 48 anos, natural de Erv\u00e1lia e que tem como candidato a vice Jos\u00e9 Mauro Godinho (PT).<\/p>\n<p><strong>S\u00e3o Bento Abade<\/strong><\/p>\n<p>A rejei\u00e7\u00e3o de contas p\u00fablicas tamb\u00e9m foi o motivo para o indeferimento do registro da candidata mais votada para a Prefeitura de S\u00e3o Bento Abade, Janete Rezende Silva, da coliga\u00e7\u00e3o \u201cRenovar para Crescer\u201d (PRB\/PRTB\/PT\/PSDC\/PTdoB).<\/p>\n<p>Tr\u00eas candidatos concorrem ao cargo de prefeito da cidade do sul de Minas na vota\u00e7\u00e3o de domingo. Eneias Machado de Souza, trabalhador metal\u00fargico e sider\u00fargico, 32 anos, natural de S\u00e3o Bento Abade, concorre pela coliga\u00e7\u00e3o \u201cRenova\u00e7\u00e3o\u201d (PTB\/PR) e tem como vice Luizinho do Antonio Chico. Pelo PDT, concorre Jos\u00e9 Roberto Furtado, o Non\u00f4, 64 anos, carpinteiro, nascido em S\u00e3o Bento Abade, que tem como vice Lauro Izidoro da Silva. E pela coliga\u00e7\u00e3o \u201cRenovar para crescer\u201d (PRTB\/PT), concorre Jane Rezende Silva Elizei, a Jane irm\u00e3 da Janete, de 45 anos, agente administrativa, nascida em Tr\u00eas Cora\u00e7\u00f5es (MG), cujo vice \u00e9 Ad\u00e9lio.<\/p>\n<p><strong>VER PRIMEIRO<\/strong><\/p>\n<p><strong>Receba as not\u00edcias do Aconteceu no Vale em primeira m\u00e3o. Clique em curtir no endere\u00e7o <a href=\"https:\/\/www.facebook.com\/aconteceunovale\" target=\"_blank\"><font color=\"red\">www.facebook.com\/aconteceunovale<\/font><\/a> ou no box abaixo:<\/strong><\/p>\n<div class=\"fb-like\" data-href=\"https:\/\/www.facebook.com\/aconteceunovale\" data-width=\"120\" data-layout=\"standard\" data-action=\"like\" data-size=\"small\" data-show-faces=\"true\" data-share=\"true\"><\/div>\n<p><\/br><\/p>\n<p><em>(Fonte: TSE)<\/em><\/p>\n","protected":false},"excerpt":{"rendered":"<p>Os eleitores das cidades mineiras de Alvorada de Minas, Erv\u00e1lia e S\u00e3o Bento Abade voltar\u00e3o \u00e0s urnas neste domingo (12) para eleger prefeitos e vice-prefeitos em novas elei\u00e7\u00f5es. Nesses munic\u00edpios, o pleito de 2016 para o referido cargo eletivo foi anulado pela Justi\u00e7a Eleitoral porque o candidato que recebeu a maioria dos votos v\u00e1lidos teve [&hellip;]<\/p>\n","protected":false},"author":1,"featured_media":95688,"comment_status":"open","ping_status":"closed","sticky":false,"template":"","format":"standard","meta":{"amp_status":"","footnotes":""},"categories":[123,40240],"tags":[972,139620,139622,139625,137166,137165,137164,137161,137163,989,137162,1500,139623,139626,139627,139628,137167,1625,154,141290,139621,139624],"class_list":["post-109901","post","type-post","status-publish","format-standard","has-post-thumbnail","hentry","category-gerais","category-politica-2","tag-alvorada-de-minas","tag-carlos-frederico-caldeira-de-abreu","tag-cleber-bosco-padilha","tag-cristiano-jose-de-aguiar","tag-danilio-clessio-ferreira","tag-eleicao-em-alvorada-de-minas","tag-eleicao-para-prefeito-em-alvorada-de-minas","tag-eleicoes-extemporaneas","tag-eleicoes-extemporaneas-em-alvorada-de-minas","tag-eleicoes-suplementares","tag-eleicoes-suplementares-em-alvorada-de-minas","tag-ervalia","tag-joao-pedro-de-oliveira-lima","tag-partidos-definem-candidatos-para-as-eleicoes-suplementares-de-marco-em-alvorada-de-minas","tag-partidos-definem-candidatos-para-as-eleicoes-suplementares-de-marco-em-ervalia","tag-partidos-definem-candidatos-para-as-eleicoes-suplementares-de-marco-em-sao-bento-abade","tag-populacao-de-alvorada-de-minas-escolhera-novo-prefeito-em-marco","tag-sao-bento-abade","tag-serro","tag-tres-municipios-de-minas-gerais-realizam-novas-eleicoes-no-proximo-domingo","tag-vandeir-pimenta-moreira","tag-vitor-hugo-ferreira-dos-santos"],"_links":{"self":[{"href":"https:\/\/aconteceunovale.com.br\/portal\/index.php?rest_route=\/wp\/v2\/posts\/109901","targetHints":{"allow":["GET"]}}],"collection":[{"href":"https:\/\/aconteceunovale.com.br\/portal\/index.php?rest_route=\/wp\/v2\/posts"}],"about":[{"href":"https:\/\/aconteceunovale.com.br\/portal\/index.php?rest_route=\/wp\/v2\/types\/post"}],"author":[{"embeddable":true,"href":"https:\/\/aconteceunovale.com.br\/portal\/index.php?rest_route=\/wp\/v2\/users\/1"}],"replies":[{"embeddable":true,"href":"https:\/\/aconteceunovale.com.br\/portal\/index.php?rest_route=%2Fwp%2Fv2%2Fcomments&post=109901"}],"version-history":[{"count":0,"href":"https:\/\/aconteceunovale.com.br\/portal\/index.php?rest_route=\/wp\/v2\/posts\/109901\/revisions"}],"wp:featuredmedia":[{"embeddable":true,"href":"https:\/\/aconteceunovale.com.br\/portal\/index.php?rest_route=\/wp\/v2\/media\/95688"}],"wp:attachment":[{"href":"https:\/\/aconteceunovale.com.br\/portal\/index.php?rest_route=%2Fwp%2Fv2%2Fmedia&parent=109901"}],"wp:term":[{"taxonomy":"category","embeddable":true,"href":"https:\/\/aconteceunovale.com.br\/portal\/index.php?rest_route=%2Fwp%2Fv2%2Fcategories&post=109901"},{"taxonomy":"post_tag","embeddable":true,"href":"https:\/\/aconteceunovale.com.br\/portal\/index.php?rest_route=%2Fwp%2Fv2%2Ftags&post=109901"}],"curies":[{"name":"wp","href":"https:\/\/api.w.org\/{rel}","templated":true}]}}