{"id":109896,"date":"2017-03-06T18:24:33","date_gmt":"2017-03-06T20:24:33","guid":{"rendered":"http:\/\/aconteceunovale.com.br\/portal\/?p=109896"},"modified":"2017-03-06T18:24:33","modified_gmt":"2017-03-06T20:24:33","slug":"trump-assina-novo-decreto-que-restringe-imigracao","status":"publish","type":"post","link":"https:\/\/aconteceunovale.com.br\/portal\/?p=109896","title":{"rendered":"Trump assina novo decreto que restringe imigra\u00e7\u00e3o"},"content":{"rendered":"<p>O presidente dos Estados Unidos (EUA), Donald Trump, assinou hoje (6\/3)  uma nova vers\u00e3o do seu pol\u00eamico decreto sobre imigra\u00e7\u00e3o que havia sido bloqueado pela Justi\u00e7a americana, diminuindo de sete para seis o n\u00famero de pa\u00edses atingidos, com a retirada do Iraque da lista.<\/p>\n<p>A vers\u00e3o corrigida do veto migrat\u00f3rio seguir\u00e1 proibindo temporariamente a entrada de refugiados e suspender\u00e1 a emiss\u00e3o de vistos para cidad\u00e3os do Ir\u00e3, da Som\u00e1lia, do I\u00eamen, da L\u00edbia, da S\u00edria e do Sud\u00e3o, todos eles pa\u00edses de maioria mu\u00e7ulmana.<\/p>\n<p>O novo decreto exclui os cidad\u00e3os do Iraque e os dos seis pa\u00edses afetados que tenham resid\u00eancia permanente nos EUA ou j\u00e1 estejam de posse de um visto, informou a conselheira presidencial Kellyanne Conway \u00e0 rede de TV americana Fox.<\/p>\n<p>Kellyanne destacou que, no novo decreto, h\u00e1 &#8220;seis ou sete grandes pontos&#8221; que &#8220;esclarecem&#8221; quem ser\u00e1 afetado e que os refugiados s\u00edrios &#8220;s\u00e3o tratados da mesma maneira que todos os demais&#8221;.<\/p>\n<p>No primeiro veto migrat\u00f3rio, emitido em 27 de janeiro, Trump proibiu a entrada no pa\u00eds de todos os cidad\u00e3os de sete pa\u00edses de maioria mu\u00e7ulmana (Ir\u00e3, Iraque, Som\u00e1lia, Y\u00eamen, L\u00edbia, S\u00edria e Sud\u00e3o) durante 90 dias e suspendeu o programa de acolhida de refugiados durante 120 dias.<\/p>\n<p><strong>VER PRIMEIRO<\/strong><\/p>\n<p><strong>Receba as not\u00edcias do Aconteceu no Vale em primeira m\u00e3o. Clique em curtir no endere\u00e7o <a href=\"https:\/\/www.facebook.com\/aconteceunovale\" target=\"_blank\"><font color=\"red\">www.facebook.com\/aconteceunovale<\/font><\/a> ou no box abaixo:<\/strong><\/p>\n<div class=\"fb-like\" data-href=\"https:\/\/www.facebook.com\/aconteceunovale\" data-width=\"120\" data-layout=\"standard\" data-action=\"like\" data-size=\"small\" data-show-faces=\"true\" data-share=\"true\"><\/div>\n<p><\/br><\/p>\n<p><em>(Fonte: Ag\u00eancia T\u00e9lam)<\/em><\/p>\n","protected":false},"excerpt":{"rendered":"<p>O presidente dos Estados Unidos (EUA), Donald Trump, assinou hoje (6\/3) uma nova vers\u00e3o do seu pol\u00eamico decreto sobre imigra\u00e7\u00e3o que havia sido bloqueado pela Justi\u00e7a americana, diminuindo de sete para seis o n\u00famero de pa\u00edses atingidos, com a retirada do Iraque da lista. A vers\u00e3o corrigida do veto migrat\u00f3rio seguir\u00e1 proibindo temporariamente a entrada [&hellip;]<\/p>\n","protected":false},"author":1,"featured_media":107495,"comment_status":"open","ping_status":"closed","sticky":false,"template":"","format":"standard","meta":{"amp_status":"","footnotes":""},"categories":[28848],"tags":[141273,79020,15469,50315,78788,137642,21608,141275,14380,141274,141277,15835,119699,14379,34349,34347,141272,141276],"class_list":["post-109896","post","type-post","status-publish","format-standard","has-post-thumbnail","hentry","category-mundo","tag-decreto-sobre-imigracao","tag-donald-trump","tag-estados-unidos","tag-eua","tag-iemen","tag-ira","tag-iraque","tag-kellyanne-conway","tag-libia","tag-nova-versao-do-decreto-sobre-imigracao","tag-novo-decreto-sobre-imigracao","tag-presidente-dos-estados-unidos","tag-presidente-dos-eua","tag-siria","tag-somalia","tag-sudao","tag-trump-assina-novo-decreto-que-restringe-imigracao","tag-yemen"],"_links":{"self":[{"href":"https:\/\/aconteceunovale.com.br\/portal\/index.php?rest_route=\/wp\/v2\/posts\/109896","targetHints":{"allow":["GET"]}}],"collection":[{"href":"https:\/\/aconteceunovale.com.br\/portal\/index.php?rest_route=\/wp\/v2\/posts"}],"about":[{"href":"https:\/\/aconteceunovale.com.br\/portal\/index.php?rest_route=\/wp\/v2\/types\/post"}],"author":[{"embeddable":true,"href":"https:\/\/aconteceunovale.com.br\/portal\/index.php?rest_route=\/wp\/v2\/users\/1"}],"replies":[{"embeddable":true,"href":"https:\/\/aconteceunovale.com.br\/portal\/index.php?rest_route=%2Fwp%2Fv2%2Fcomments&post=109896"}],"version-history":[{"count":0,"href":"https:\/\/aconteceunovale.com.br\/portal\/index.php?rest_route=\/wp\/v2\/posts\/109896\/revisions"}],"wp:featuredmedia":[{"embeddable":true,"href":"https:\/\/aconteceunovale.com.br\/portal\/index.php?rest_route=\/wp\/v2\/media\/107495"}],"wp:attachment":[{"href":"https:\/\/aconteceunovale.com.br\/portal\/index.php?rest_route=%2Fwp%2Fv2%2Fmedia&parent=109896"}],"wp:term":[{"taxonomy":"category","embeddable":true,"href":"https:\/\/aconteceunovale.com.br\/portal\/index.php?rest_route=%2Fwp%2Fv2%2Fcategories&post=109896"},{"taxonomy":"post_tag","embeddable":true,"href":"https:\/\/aconteceunovale.com.br\/portal\/index.php?rest_route=%2Fwp%2Fv2%2Ftags&post=109896"}],"curies":[{"name":"wp","href":"https:\/\/api.w.org\/{rel}","templated":true}]}}