{"id":109886,"date":"2017-03-06T11:09:59","date_gmt":"2017-03-06T13:09:59","guid":{"rendered":"http:\/\/aconteceunovale.com.br\/portal\/?p=109886"},"modified":"2017-03-06T11:09:59","modified_gmt":"2017-03-06T13:09:59","slug":"inflacao-para-familias-com-renda-ate-25-salarios-minimos-e-de-411-em-12-meses","status":"publish","type":"post","link":"https:\/\/aconteceunovale.com.br\/portal\/?p=109886","title":{"rendered":"Infla\u00e7\u00e3o para fam\u00edlias com renda at\u00e9 2,5 sal\u00e1rios m\u00ednimos \u00e9 de 4,11% em 12 meses"},"content":{"rendered":"<p>A infla\u00e7\u00e3o para fam\u00edlias com renda de at\u00e9 2,5 sal\u00e1rios m\u00ednimos, medida pelo \u00cdndice de Pre\u00e7os ao Consumidor &#8211; Classe 1 (IPC-C1), acumula 4,11% em 12 meses. A taxa \u00e9 menor que a registrada pelo \u00cdndice de Pre\u00e7os ao Consumidor \u2013 Brasil (IPC-BR), que mede a infla\u00e7\u00e3o para todas as faixas de renda e que acumula varia\u00e7\u00e3o de 4,57% no per\u00edodo.<\/p>\n<p>Os dados foram divulgados hoje (6) pela Funda\u00e7\u00e3o Get\u00falio Vargas (FGV). Apenas em fevereiro, a infla\u00e7\u00e3o medida pelo IPC-C1 ficou em 0,07%, taxa inferior ao percentual de janeiro: 0,54%.<\/p>\n<p>A queda do IPC-C1 foi provocada por recuos em seis das oito classes de despesas que comp\u00f5em o \u00edndice, entre elas, alimenta\u00e7\u00e3o, que passou de uma infla\u00e7\u00e3o de 0,34% em janeiro para uma defla\u00e7\u00e3o (queda de pre\u00e7os) de 0,45% em fevereiro.<\/p>\n<p>A infla\u00e7\u00e3o dos transportes, por exemplo, recuou de 2,07% para 0,72%. Os custos com vestu\u00e1rio, que j\u00e1 tinham ca\u00eddo 0,14% em janeiro, tiveram uma queda ainda maior em fevereiro: 0,37%.<\/p>\n<p><img decoding=\"async\" src=\"http:\/\/aconteceunovale.com.br\/portal\/wp-content\/uploads\/2017\/03\/inflacao_familias.jpg\" alt=\"\" \/><em>O item alimenta\u00e7\u00e3o passou de uma infla\u00e7\u00e3o de 0,34% em janeiro para uma defla\u00e7\u00e3o de 0,45% em fevereiro (Foto: T\u00e2nia R\u00eago\/Ag\u00eancia Brasil)<\/em><br \/>\n<\/br><\/p>\n<p><strong>VER PRIMEIRO<\/strong><\/p>\n<p><strong>Receba as not\u00edcias do Aconteceu no Vale em primeira m\u00e3o. Clique em curtir no endere\u00e7o <a href=\"https:\/\/www.facebook.com\/aconteceunovale\" target=\"_blank\"><font color=\"red\">www.facebook.com\/aconteceunovale<\/font><\/a> ou no box abaixo:<\/strong><\/p>\n<div class=\"fb-like\" data-href=\"https:\/\/www.facebook.com\/aconteceunovale\" data-width=\"120\" data-layout=\"standard\" data-action=\"like\" data-size=\"small\" data-show-faces=\"true\" data-share=\"true\"><\/div>\n<p><\/br><\/p>\n<p><em>(Ag\u00eancia Brasil)<\/em><\/p>\n","protected":false},"excerpt":{"rendered":"<p>A infla\u00e7\u00e3o para fam\u00edlias com renda de at\u00e9 2,5 sal\u00e1rios m\u00ednimos, medida pelo \u00cdndice de Pre\u00e7os ao Consumidor &#8211; Classe 1 (IPC-C1), acumula 4,11% em 12 meses. A taxa \u00e9 menor que a registrada pelo \u00cdndice de Pre\u00e7os ao Consumidor \u2013 Brasil (IPC-BR), que mede a infla\u00e7\u00e3o para todas as faixas de renda e que [&hellip;]<\/p>\n","protected":false},"author":1,"featured_media":109887,"comment_status":"open","ping_status":"closed","sticky":false,"template":"","format":"standard","meta":{"amp_status":"","footnotes":""},"categories":[6,40239],"tags":[141253,44600,37230,113229,6116,106984,141257,141256,117361,141255,141254],"class_list":["post-109886","post","type-post","status-publish","format-standard","has-post-thumbnail","hentry","category-br","category-economia-2","tag-dados-comparativos","tag-fgv","tag-fundacao-getulio-vargas","tag-indice-de-precos-ao-consumidor","tag-inflacao","tag-inflacao-no-brasil","tag-ipc-br","tag-ipc-c1","tag-numeros","tag-queda-da-inflacao","tag-taxa-de-inflacao"],"_links":{"self":[{"href":"https:\/\/aconteceunovale.com.br\/portal\/index.php?rest_route=\/wp\/v2\/posts\/109886","targetHints":{"allow":["GET"]}}],"collection":[{"href":"https:\/\/aconteceunovale.com.br\/portal\/index.php?rest_route=\/wp\/v2\/posts"}],"about":[{"href":"https:\/\/aconteceunovale.com.br\/portal\/index.php?rest_route=\/wp\/v2\/types\/post"}],"author":[{"embeddable":true,"href":"https:\/\/aconteceunovale.com.br\/portal\/index.php?rest_route=\/wp\/v2\/users\/1"}],"replies":[{"embeddable":true,"href":"https:\/\/aconteceunovale.com.br\/portal\/index.php?rest_route=%2Fwp%2Fv2%2Fcomments&post=109886"}],"version-history":[{"count":0,"href":"https:\/\/aconteceunovale.com.br\/portal\/index.php?rest_route=\/wp\/v2\/posts\/109886\/revisions"}],"wp:featuredmedia":[{"embeddable":true,"href":"https:\/\/aconteceunovale.com.br\/portal\/index.php?rest_route=\/wp\/v2\/media\/109887"}],"wp:attachment":[{"href":"https:\/\/aconteceunovale.com.br\/portal\/index.php?rest_route=%2Fwp%2Fv2%2Fmedia&parent=109886"}],"wp:term":[{"taxonomy":"category","embeddable":true,"href":"https:\/\/aconteceunovale.com.br\/portal\/index.php?rest_route=%2Fwp%2Fv2%2Fcategories&post=109886"},{"taxonomy":"post_tag","embeddable":true,"href":"https:\/\/aconteceunovale.com.br\/portal\/index.php?rest_route=%2Fwp%2Fv2%2Ftags&post=109886"}],"curies":[{"name":"wp","href":"https:\/\/api.w.org\/{rel}","templated":true}]}}