{"id":109881,"date":"2017-03-06T11:01:14","date_gmt":"2017-03-06T13:01:14","guid":{"rendered":"http:\/\/aconteceunovale.com.br\/portal\/?p=109881"},"modified":"2017-03-06T11:01:14","modified_gmt":"2017-03-06T13:01:14","slug":"acoes-contra-o-trafico-de-animais-em-minas-gerais-aplicam-mais-de-r-2-milhoes-em-multas","status":"publish","type":"post","link":"https:\/\/aconteceunovale.com.br\/portal\/?p=109881","title":{"rendered":"A\u00e7\u00f5es contra o tr\u00e1fico de animais em Minas Gerais aplicam mais de R$ 2 milh\u00f5es em multas"},"content":{"rendered":"<p>O tr\u00e1fico de animais silvestres movimenta grande quantidade em dinheiro e coloca em risco a diversidade da fauna. \u00c9 crime sujeito a multa, que pode chegar a quase R$ 9 mil por esp\u00e9cime, e at\u00e9 pris\u00e3o.<\/p>\n<p>A Diretoria de Fiscaliza\u00e7\u00e3o dos Recursos Faun\u00edsticos e Pesqueiros da Secretaria de Estado de Meio Ambiente e Desenvolvimento Sustent\u00e1vel (Semad) realiza constantes atividades de prote\u00e7\u00e3o da fauna e flora no Estado. Somente em 2016 foram 1.563 esp\u00e9cimes apreendidas em 18 opera\u00e7\u00f5es, com aplica\u00e7\u00e3o de R$ 2.207.825,98 em multas.<\/p>\n<p>O trabalho \u00e9 feito com a atua\u00e7\u00e3o conjunta da Diretoria de Meio Ambiente da Pol\u00edcia Militar do Estado de Minas Gerais e demais institui\u00e7\u00f5es do Sistema Estadual de Meio Ambiente de Minas Gerais (Sisema).<\/p>\n<p>No Estado, as esp\u00e9cimes que t\u00eam sido mais traficadas s\u00e3o o p\u00e1ssaro Can\u00e1rio-da-terra, tamb\u00e9m conhecido como Chapinha, e o Trinca-ferro (tempera-viola). O Trinca-ferro \u00e9 um dos p\u00e1ssaros silvestres mais visados pelos traficantes, especialmente pelo seu canto. J\u00e1 o Can\u00e1rio-da-terra, por ser um animal territorialista, \u00e9 bastante utilizado para a pr\u00e1tica de rinhas.<\/p>\n<p>De acordo com o coordenador de Fiscaliza\u00e7\u00e3o de Recursos Faun\u00edsticos da Semad, Diego Maximiano, a regi\u00e3o Norte de Minas Gerais est\u00e1 entre as principais rotas de tr\u00e1fico de animais. \u201cO Norte \u00e9 muito visado devido \u00e0 sua posi\u00e7\u00e3o estrat\u00e9gica, o entroncamento da regi\u00e3o com rodovias e divisas entre estados\u201d, afirma.<\/p>\n<p>Na Regi\u00e3o Metropolitana de Belo Horizonte tamb\u00e9m h\u00e1 registro de recepta\u00e7\u00e3o, guarda e com\u00e9rcio dos animais, al\u00e9m de captura de algumas esp\u00e9cies. A multa para o crime varia entre R$ 897,09 at\u00e9 R$ 8.970,86 por cada esp\u00e9cime, sendo o mais alto valor aplicado quando se trata de animais amea\u00e7ados de extin\u00e7\u00e3o.<\/p>\n<p>Se os animais apreendidos estiverem amea\u00e7ados de extin\u00e7\u00e3o, a pessoa responde criminalmente, podendo receber pena de seis meses a um ano de pris\u00e3o, de acordo com a Lei de Crimes Ambientais 9.605\/1998.<\/p>\n<p>As esp\u00e9cimes mais amea\u00e7adas s\u00e3o: curi\u00f3, bicudo, pixox\u00f3, cigarra verdadeira, papagaio do peito roxo, Arara-canind\u00e9 e Arara-vermelha.<\/p>\n<p>Quem mant\u00e9m animais irregulares em cativeiro pode fazer a entrega volunt\u00e1ria no Centro de Triagem de Animais Silvestre (Cetas) mais pr\u00f3ximo de sua casa. \u201cA entrega espont\u00e2nea \u00e9 prevista na Lei n\u00ba 9605\/98 e isenta o entregador de quaisquer penalidades administrativas e criminais\u201d, ressalta Maximiano. <\/p>\n<p><img decoding=\"async\" src=\"http:\/\/aconteceunovale.com.br\/portal\/wp-content\/uploads\/2017\/03\/apreensao.jpg\" alt=\"\" \/><em>Somente em 2016 foram 1.563 esp\u00e9cimes apreendidas em 18 opera\u00e7\u00f5es (Divulga\u00e7\u00e3o\/Semad)<\/em><br \/>\n<\/br><\/p>\n<p><strong>Opera\u00e7\u00f5es<\/strong><\/p>\n<p>Duas opera\u00e7\u00f5es recentes, da Secretaria de Estado de Meio Ambiente (Semad), com apoio da Pol\u00edcia Militar Ambiental, para coibir o tr\u00e1fico de animais ocorreram em janeiro \u00faltimo na cidade de Ituiutaba, regi\u00e3o do Tri\u00e2ngulo Mineiro, e em Contagem, no Territ\u00f3rio Metropolitano.<\/p>\n<p>No Tri\u00e2ngulo foram apreendidos mais de 100 p\u00e1ssaros encontrados em cativeiro, de oito esp\u00e9cimes da fauna brasileira. Apesar de possuir autoriza\u00e7\u00e3o do Ibama, o local apresentava irregularidades, como anilhas de p\u00e1ssaros adulteradas.<\/p>\n<p>Os criadores foram autuados e um Termo Circunstanciado de Ocorr\u00eancia (TCO), assinado. Os animais foram encaminhados para Belo Horizonte para triagem. Em Contagem foram apreendidos 26 animais, dentre eles p\u00e1ssaros, papagaio e uma maritaca.<\/p>\n<p>Ap\u00f3s o resgate pela Semad, os animais passam por uma avalia\u00e7\u00e3o cl\u00ednica e f\u00edsica feita por veterin\u00e1rios e bi\u00f3logos da equipe. \u00c9 feita a soltura daqueles que estiverem aptos a serem reintroduzidos na natureza.<\/p>\n<p>Os considerados inaptos s\u00e3o encaminhados para o Centro de Triagem de Animais Silvestres de Belo Horizonte (Cetas-BH), que tem gest\u00e3o compartilhada entre o Instituto Brasileiro do Meio Ambiente e dos Recursos Naturais Renov\u00e1veis (Ibama) e o Instituto Estadual de Florestas (IEF).<\/p>\n<p><img decoding=\"async\" src=\"http:\/\/aconteceunovale.com.br\/portal\/wp-content\/uploads\/2017\/03\/trafico_animais_mg_1.png\" alt=\"\" \/><br \/>\n<\/br><\/p>\n<p><strong>Den\u00fancias<\/strong><\/p>\n<p>A den\u00fancia de cidad\u00e3os auxilia o Estado na realiza\u00e7\u00e3o das opera\u00e7\u00f5es para coibir os crimes. Pode ser feita por meio do site da Semad (basta preencher um formul\u00e1rio) e tamb\u00e9m nos canais 155 (LigMinas), de segunda a sexta, das 7h \u00e0s 19h; pelos Correios Formul\u00e1rio para den\u00fancia (preenchendo formul\u00e1rio e encaminhando para o NUDEN correspondente), de acordo com sua \u00e1rea de abrang\u00eancia; e presencialmente no NUDEN mais pr\u00f3ximo da regi\u00e3o, clique aqui .<\/p>\n<p>\u00c9 necess\u00e1rio fornecer as seguintes informa\u00e7\u00f5es para que a den\u00fancia possa ser atendida: dados do denunciado, localiza\u00e7\u00e3o e fato denunciado. Em todos os canais de den\u00fancia, o cidad\u00e3o pode manter o anonimato.<\/p>\n<p><img decoding=\"async\" src=\"http:\/\/aconteceunovale.com.br\/portal\/wp-content\/uploads\/2017\/03\/trafico_animais_mg_2.png\" alt=\"\" \/><br \/>\n<\/br><\/p>\n<p><strong>VER PRIMEIRO<\/strong><\/p>\n<p><strong>Receba as not\u00edcias do Aconteceu no Vale em primeira m\u00e3o. Clique em curtir no endere\u00e7o <a href=\"https:\/\/www.facebook.com\/aconteceunovale\" target=\"_blank\"><font color=\"red\">www.facebook.com\/aconteceunovale<\/font><\/a> ou no box abaixo:<\/strong><\/p>\n<div class=\"fb-like\" data-href=\"https:\/\/www.facebook.com\/aconteceunovale\" data-width=\"120\" data-layout=\"standard\" data-action=\"like\" data-size=\"small\" data-show-faces=\"true\" data-share=\"true\"><\/div>\n<p><\/br><\/p>\n<p><em>(Ag\u00eancia Minas)<\/em><\/p>\n","protected":false},"excerpt":{"rendered":"<p>O tr\u00e1fico de animais silvestres movimenta grande quantidade em dinheiro e coloca em risco a diversidade da fauna. \u00c9 crime sujeito a multa, que pode chegar a quase R$ 9 mil por esp\u00e9cime, e at\u00e9 pris\u00e3o. A Diretoria de Fiscaliza\u00e7\u00e3o dos Recursos Faun\u00edsticos e Pesqueiros da Secretaria de Estado de Meio Ambiente e Desenvolvimento Sustent\u00e1vel [&hellip;]<\/p>\n","protected":false},"author":1,"featured_media":109884,"comment_status":"open","ping_status":"closed","sticky":false,"template":"","format":"standard","meta":{"amp_status":"","footnotes":""},"categories":[123],"tags":[141252,141244,141245,141250,141249,141248,79327,79333,40574,141242,956,141238,79331,1018,141239,141236,203,141234,141235,141243,141251,141246,141247,141241,24666,35397,141237,141240,63677,124806,79326],"class_list":["post-109881","post","type-post","status-publish","format-standard","has-post-thumbnail","hentry","category-gerais","tag-acoes-contra-o-trafico-de-animais-em-minas-gerais-aplicam-mais-de-r-2-milhoes-em-multas","tag-arara-caninde","tag-arara-vermelha","tag-aves-mais-apreendidas-em-minas","tag-aves-mais-traficadas","tag-aves-mais-traficadas-em-minas","tag-bicudo","tag-canario-da-terra","tag-chapinha","tag-cigarra-verdadeira","tag-contagem","tag-coordenador-de-fiscalizacao-de-recursos-faunisticos-da-semad","tag-curio","tag-destaque","tag-diego-maximiano","tag-diretoria-de-fiscalizacao-dos-recursos-faunisticos-e-pesqueiros-da-secretaria-de-estado-de-meio-ambiente-e-desenvolvimento-sustentavel","tag-ituiutaba","tag-multa-por-trafico-de-animais-silvestres-em-minas-gerais","tag-numeros-do-trafico-de-animais-silvestres-em-minas-gerais","tag-papagaio-do-peito-roxo","tag-passaros-mais-apreendidos-em-minas","tag-passaros-mais-traficados","tag-passaros-mais-traficados-em-minas-gerais","tag-pixoxo","tag-semad","tag-sisema","tag-sistema-estadual-de-meio-ambiente-de-minas-gerais","tag-tempera-viola","tag-trafico-de-animais-silvestres","tag-trafico-de-animais-silvestres-em-minas-gerais","tag-trinca-ferro"],"_links":{"self":[{"href":"https:\/\/aconteceunovale.com.br\/portal\/index.php?rest_route=\/wp\/v2\/posts\/109881","targetHints":{"allow":["GET"]}}],"collection":[{"href":"https:\/\/aconteceunovale.com.br\/portal\/index.php?rest_route=\/wp\/v2\/posts"}],"about":[{"href":"https:\/\/aconteceunovale.com.br\/portal\/index.php?rest_route=\/wp\/v2\/types\/post"}],"author":[{"embeddable":true,"href":"https:\/\/aconteceunovale.com.br\/portal\/index.php?rest_route=\/wp\/v2\/users\/1"}],"replies":[{"embeddable":true,"href":"https:\/\/aconteceunovale.com.br\/portal\/index.php?rest_route=%2Fwp%2Fv2%2Fcomments&post=109881"}],"version-history":[{"count":0,"href":"https:\/\/aconteceunovale.com.br\/portal\/index.php?rest_route=\/wp\/v2\/posts\/109881\/revisions"}],"wp:featuredmedia":[{"embeddable":true,"href":"https:\/\/aconteceunovale.com.br\/portal\/index.php?rest_route=\/wp\/v2\/media\/109884"}],"wp:attachment":[{"href":"https:\/\/aconteceunovale.com.br\/portal\/index.php?rest_route=%2Fwp%2Fv2%2Fmedia&parent=109881"}],"wp:term":[{"taxonomy":"category","embeddable":true,"href":"https:\/\/aconteceunovale.com.br\/portal\/index.php?rest_route=%2Fwp%2Fv2%2Fcategories&post=109881"},{"taxonomy":"post_tag","embeddable":true,"href":"https:\/\/aconteceunovale.com.br\/portal\/index.php?rest_route=%2Fwp%2Fv2%2Ftags&post=109881"}],"curies":[{"name":"wp","href":"https:\/\/api.w.org\/{rel}","templated":true}]}}