{"id":109878,"date":"2017-03-05T23:59:17","date_gmt":"2017-03-06T01:59:17","guid":{"rendered":"http:\/\/aconteceunovale.com.br\/portal\/?p=109878"},"modified":"2017-03-05T23:59:17","modified_gmt":"2017-03-06T01:59:17","slug":"camara-retoma-discussoes-sobre-reformas-trabalhista-e-da-previdencia","status":"publish","type":"post","link":"https:\/\/aconteceunovale.com.br\/portal\/?p=109878","title":{"rendered":"C\u00e2mara retoma discuss\u00f5es sobre reformas trabalhista e da Previd\u00eancia"},"content":{"rendered":"<p>Ap\u00f3s o feriado do carnaval, a C\u00e2mara dos Deputados retoma os trabalhos com discuss\u00f5es sobre as reformas trabalhista e da Previd\u00eancia. Em audi\u00eancias p\u00fablicas nesta semana, deputados e convidados debater\u00e3o as mudan\u00e7as propostas pelo governo para essas duas \u00e1reas.<\/p>\n<p>A Comiss\u00e3o Especial da Reforma da Previd\u00eancia, que analisa e discute o m\u00e9rito da Proposta de Emenda Constitucional (PEC) 287, far\u00e1 tr\u00eas audi\u00eancias p\u00fablicas ao longo da semana. Na ter\u00e7a-feira (7), ser\u00e3o discutidas as aposentadorias de profissionais envolvidos em atividades de risco, como os policiais.<\/p>\n<p>Na quarta (8), ser\u00e1 a vez dos professores e dos trabalhadores que atuam em atividades que prejudicam a sa\u00fade. Na quinta (9), a discuss\u00e3o ser\u00e1 sobre as novas regras de aposentadoria para servidores p\u00fablicos.<\/p>\n<p>A primeira audi\u00eancia da comiss\u00e3o especial, no dia 15 de fevereiro, teve participa\u00e7\u00e3o do ministro-chefe da Casa Civil, Eliseu Padilha, e do secret\u00e1rio nacional da Previd\u00eancia Social, Marcelo Caetano, que apresentaram detalhes da proposta do governo. Outra audi\u00eancia debateu com t\u00e9cnicos do governo e representantes dos servidores o Regime Pr\u00f3prio de Previd\u00eancia Social a que est\u00e1 submetido o funcionalismo p\u00fablico.<\/p>\n<p>A PEC 287 foi enviada \u00e0 C\u00e2mara no fim do ano passado pelo governo e prev\u00ea idade m\u00ednima de 65 anos para homens e mulheres se aposentarem. O tempo m\u00ednimo de contribui\u00e7\u00e3o deve subir de 15 anos para 25 anos. Pelo novo modelo, para se aposentar com acesso ao benef\u00edcio integral ser\u00e1 necess\u00e1rio contribuir ao longo de 49 anos.<\/p>\n<p>Na sexta-feira (3), o presidente da C\u00e2mara dos Deputados, Rodrigo Maia (DEM-RJ), disse que a expectativa \u00e9 que a reforma da Previd\u00eancia seja aprovada no plen\u00e1rio da C\u00e2mara na segunda quinzena de abril. Ele defendeu a aprova\u00e7\u00e3o sem flexibiliza\u00e7\u00e3o da proposta enviada pelo governo ao Congresso.<\/p>\n<p><strong>Reforma Trabalhista<\/strong><\/p>\n<p>J\u00e1 a Comiss\u00e3o Especial da Reforma Trabalhista, que analisa as mudan\u00e7as propostas no Projeto de Lei do Executivo 6.788\/16, realizar\u00e1 duas audi\u00eancias p\u00fablicas esta semana. Na quarta-feira (8), a reforma trabalhista ser\u00e1 debatida com as confedera\u00e7\u00f5es patronais. Na quinta-feira (9), o tema ser\u00e1 direito do trabalho urbano.<\/p>\n<p>A comiss\u00e3o especial j\u00e1 debateu a reforma em outras duas audi\u00eancias. O projeto de lei altera as regras da Consolida\u00e7\u00e3o das Leis do Trabalho (CLT) e outros dispositivos. Tamb\u00e9m possibilita que, nas negocia\u00e7\u00f5es entre patr\u00e3o e empregado, os acordos coletivos tenham mais valor do que o previsto na legisla\u00e7\u00e3o, permitindo, entre outros pontos, o parcelamento de f\u00e9rias e mudan\u00e7as na jornada de trabalho.<\/p>\n<p><strong>VER PRIMEIRO<\/strong><\/p>\n<p><strong>Receba as not\u00edcias do Aconteceu no Vale em primeira m\u00e3o. Clique em curtir no endere\u00e7o <a href=\"https:\/\/www.facebook.com\/aconteceunovale\" target=\"_blank\"><font color=\"red\">www.facebook.com\/aconteceunovale<\/font><\/a> ou no box abaixo:<\/strong><\/p>\n<div class=\"fb-like\" data-href=\"https:\/\/www.facebook.com\/aconteceunovale\" data-width=\"120\" data-layout=\"standard\" data-action=\"like\" data-size=\"small\" data-show-faces=\"true\" data-share=\"true\"><\/div>\n<p><\/br><\/p>\n<p><em>(Fonte: Ag\u00eancia Brasil)<\/em><\/p>\n","protected":false},"excerpt":{"rendered":"<p>Ap\u00f3s o feriado do carnaval, a C\u00e2mara dos Deputados retoma os trabalhos com discuss\u00f5es sobre as reformas trabalhista e da Previd\u00eancia. Em audi\u00eancias p\u00fablicas nesta semana, deputados e convidados debater\u00e3o as mudan\u00e7as propostas pelo governo para essas duas \u00e1reas. A Comiss\u00e3o Especial da Reforma da Previd\u00eancia, que analisa e discute o m\u00e9rito da Proposta de [&hellip;]<\/p>\n","protected":false},"author":1,"featured_media":99315,"comment_status":"open","ping_status":"closed","sticky":false,"template":"","format":"standard","meta":{"amp_status":"","footnotes":""},"categories":[6,40240],"tags":[141233,21888,20922,141230,141232,141231,59559,110209,114586,129499,1831],"class_list":["post-109878","post","type-post","status-publish","format-standard","has-post-thumbnail","hentry","category-br","category-politica-2","tag-audiencias","tag-camara","tag-camara-dos-deputados","tag-camara-retoma-discussoes-sobre-reformas-trabalhista-e-da-previdencia","tag-discussao-sobre-reforma-da-previdencia","tag-discussao-sobre-reforma-trabalhista","tag-previdencia","tag-reforma-da-previdencia","tag-reforma-trabalhista","tag-reformas","tag-trabalho"],"_links":{"self":[{"href":"https:\/\/aconteceunovale.com.br\/portal\/index.php?rest_route=\/wp\/v2\/posts\/109878","targetHints":{"allow":["GET"]}}],"collection":[{"href":"https:\/\/aconteceunovale.com.br\/portal\/index.php?rest_route=\/wp\/v2\/posts"}],"about":[{"href":"https:\/\/aconteceunovale.com.br\/portal\/index.php?rest_route=\/wp\/v2\/types\/post"}],"author":[{"embeddable":true,"href":"https:\/\/aconteceunovale.com.br\/portal\/index.php?rest_route=\/wp\/v2\/users\/1"}],"replies":[{"embeddable":true,"href":"https:\/\/aconteceunovale.com.br\/portal\/index.php?rest_route=%2Fwp%2Fv2%2Fcomments&post=109878"}],"version-history":[{"count":0,"href":"https:\/\/aconteceunovale.com.br\/portal\/index.php?rest_route=\/wp\/v2\/posts\/109878\/revisions"}],"wp:featuredmedia":[{"embeddable":true,"href":"https:\/\/aconteceunovale.com.br\/portal\/index.php?rest_route=\/wp\/v2\/media\/99315"}],"wp:attachment":[{"href":"https:\/\/aconteceunovale.com.br\/portal\/index.php?rest_route=%2Fwp%2Fv2%2Fmedia&parent=109878"}],"wp:term":[{"taxonomy":"category","embeddable":true,"href":"https:\/\/aconteceunovale.com.br\/portal\/index.php?rest_route=%2Fwp%2Fv2%2Fcategories&post=109878"},{"taxonomy":"post_tag","embeddable":true,"href":"https:\/\/aconteceunovale.com.br\/portal\/index.php?rest_route=%2Fwp%2Fv2%2Ftags&post=109878"}],"curies":[{"name":"wp","href":"https:\/\/api.w.org\/{rel}","templated":true}]}}