{"id":109865,"date":"2017-03-05T10:22:00","date_gmt":"2017-03-05T12:22:00","guid":{"rendered":"http:\/\/aconteceunovale.com.br\/portal\/?p=109865"},"modified":"2017-03-06T00:08:10","modified_gmt":"2017-03-06T02:08:10","slug":"policial-militar-e-baleado-na-cabeca-durante-ocorrencia-em-jaiba-no-norte-de-minas","status":"publish","type":"post","link":"https:\/\/aconteceunovale.com.br\/portal\/?p=109865","title":{"rendered":"Policial militar \u00e9 baleado na cabe\u00e7a durante ocorr\u00eancia em Ja\u00edba, no Norte de Minas"},"content":{"rendered":"<p>Um sargento da Pol\u00edcia Militar (PM) foi baleado na cabe\u00e7a, durante uma abordagem a suspeitos, em Ja\u00edba, no Norte de Minas, na noite desse s\u00e1bado (4\/3). Ele est\u00e1 internado em estado grave.<\/p>\n<p>De acordo com a PM da cidade, a v\u00edtima estava em uma abordagem, junto com outros policiais, quando levou um tiro na cabe\u00e7a. Os suspeitos, cerca de sete homens, fugiram por um matagal e, at\u00e9 o momento, ningu\u00e9m foi preso.<\/p>\n<p>&#8220;Os militares foram fazer um abordagem, mediante den\u00fancia do 190, sobre um homem que tem mandado de pris\u00e3o em aberto, No local, os suspeitos atiraram e fugiram. As buscas continuam, com ajuda de equipes de cidades pr\u00f3ximas&#8221;, contou o comandante da Companhia da Pol\u00edcia Militar em Ja\u00edba, capit\u00e3o Ant\u00f4nio Alkimin.<\/p>\n<p>O crime aconteceu no bairro Morada do Sol. O militar foi encaminhado para a Santa Casa de Montes Claros, na mesma regi\u00e3o, onde os funcion\u00e1rios se recusaram a atualizar o estado de sa\u00fade do militar.<\/p>\n<p>Sobre a possibilidade de ter sido um crime premeditado, o capit\u00e3o nega. &#8220;Foi uma fatalidade da abordagem, n\u00e3o foi emboscada, n\u00e3o foi direcionada, foi uma quest\u00e3o de oportunidade&#8221;, pontuou.<\/p>\n<p>O sargento ferido estava na companhia de mais tr\u00eas policiais.<\/p>\n<p><strong>VER PRIMEIRO<\/strong><\/p>\n<p><strong>Receba as not\u00edcias do Aconteceu no Vale em primeira m\u00e3o. Clique em curtir no endere\u00e7o <a href=\"https:\/\/www.facebook.com\/aconteceunovale\" target=\"_blank\"><font color=\"red\">www.facebook.com\/aconteceunovale<\/font><\/a> ou no box abaixo:<\/strong><\/p>\n<div class=\"fb-like\" data-href=\"https:\/\/www.facebook.com\/aconteceunovale\" data-width=\"120\" data-layout=\"standard\" data-action=\"like\" data-size=\"small\" data-show-faces=\"true\" data-share=\"true\"><\/div>\n<p><\/br><\/p>\n<p><em>(Fonte: O Tempo)<\/em><\/p>\n","protected":false},"excerpt":{"rendered":"<p>Um sargento da Pol\u00edcia Militar (PM) foi baleado na cabe\u00e7a, durante uma abordagem a suspeitos, em Ja\u00edba, no Norte de Minas, na noite desse s\u00e1bado (4\/3). Ele est\u00e1 internado em estado grave. De acordo com a PM da cidade, a v\u00edtima estava em uma abordagem, junto com outros policiais, quando levou um tiro na cabe\u00e7a. [&hellip;]<\/p>\n","protected":false},"author":1,"featured_media":76989,"comment_status":"open","ping_status":"closed","sticky":false,"template":"","format":"standard","meta":{"amp_status":"","footnotes":""},"categories":[1236],"tags":[1058,141208,141206,210,141204,141205,141207,141209],"class_list":["post-109865","post","type-post","status-publish","format-standard","has-post-thumbnail","hentry","category-norte_de_minas","tag-jaiba","tag-joao-jose-machado-neto","tag-militar-baleado-em-jaiba","tag-montes-claros","tag-pm-baleado-em-jaiba","tag-policial-baleado-em-jaiba","tag-policial-militar-e-baleado-na-cabeca-durante-ocorrencia-em-jaiba","tag-sargento-joao-jose-machado-neto"],"_links":{"self":[{"href":"https:\/\/aconteceunovale.com.br\/portal\/index.php?rest_route=\/wp\/v2\/posts\/109865","targetHints":{"allow":["GET"]}}],"collection":[{"href":"https:\/\/aconteceunovale.com.br\/portal\/index.php?rest_route=\/wp\/v2\/posts"}],"about":[{"href":"https:\/\/aconteceunovale.com.br\/portal\/index.php?rest_route=\/wp\/v2\/types\/post"}],"author":[{"embeddable":true,"href":"https:\/\/aconteceunovale.com.br\/portal\/index.php?rest_route=\/wp\/v2\/users\/1"}],"replies":[{"embeddable":true,"href":"https:\/\/aconteceunovale.com.br\/portal\/index.php?rest_route=%2Fwp%2Fv2%2Fcomments&post=109865"}],"version-history":[{"count":0,"href":"https:\/\/aconteceunovale.com.br\/portal\/index.php?rest_route=\/wp\/v2\/posts\/109865\/revisions"}],"wp:featuredmedia":[{"embeddable":true,"href":"https:\/\/aconteceunovale.com.br\/portal\/index.php?rest_route=\/wp\/v2\/media\/76989"}],"wp:attachment":[{"href":"https:\/\/aconteceunovale.com.br\/portal\/index.php?rest_route=%2Fwp%2Fv2%2Fmedia&parent=109865"}],"wp:term":[{"taxonomy":"category","embeddable":true,"href":"https:\/\/aconteceunovale.com.br\/portal\/index.php?rest_route=%2Fwp%2Fv2%2Fcategories&post=109865"},{"taxonomy":"post_tag","embeddable":true,"href":"https:\/\/aconteceunovale.com.br\/portal\/index.php?rest_route=%2Fwp%2Fv2%2Ftags&post=109865"}],"curies":[{"name":"wp","href":"https:\/\/api.w.org\/{rel}","templated":true}]}}