{"id":109860,"date":"2017-03-05T09:57:27","date_gmt":"2017-03-05T11:57:27","guid":{"rendered":"http:\/\/aconteceunovale.com.br\/portal\/?p=109860"},"modified":"2017-03-05T09:57:27","modified_gmt":"2017-03-05T11:57:27","slug":"producao-de-queijo-minas-artesanal-ganha-reforco","status":"publish","type":"post","link":"https:\/\/aconteceunovale.com.br\/portal\/?p=109860","title":{"rendered":"Produ\u00e7\u00e3o de Queijo Minas Artesanal ganha refor\u00e7o"},"content":{"rendered":"<p>Mais um incentivo para a melhoria da produ\u00e7\u00e3o e qualidade do Queijo Minas Artesanal. A Empresa de Assist\u00eancia T\u00e9cnica e Extens\u00e3o Rural do Estado (Emater-MG) est\u00e1 iniciando os trabalhos estabelecidos em conv\u00eanio com o Minist\u00e9rio da Agricultura, Pecu\u00e1ria e Abastecimento (Mapa) para o Programa de Melhoramento da Qualidade do Queijo Minas Artesanal. <\/p>\n<p>O conv\u00eanio, no valor de R$ 828 mil, prev\u00ea o atendimento a 600 produtores dos 75 munic\u00edpios inseridos nas sete regi\u00f5es produtoras caracterizadas (Arax\u00e1, Canastra, Campo das Vertentes, Cerrado, Serra do Salitre, Serro e Tri\u00e2ngulo Mineiro).<\/p>\n<p>A confirma\u00e7\u00e3o vem da coordenadora estadual do Programa Queijo Minas Artesanal da Emater-MG, Maria Edinice Rodrigues, que participou de uma reuni\u00e3o de dois dias, na sede da empresa, em Belo Horizonte.<\/p>\n<p>No encontro, que reuniu diretoria t\u00e9cnica, extensionistas, coordenadores regionais e gerentes, al\u00e9m de representantes do IMA, Mapa e Secretaria de Estado de Agricultura, foram discutidas as metas do conv\u00eanio e o planejamento das a\u00e7\u00f5es.  O presidente da Emater-MG, Glenio Martins, tamb\u00e9m esteve presente.<\/p>\n<p>Maria Edinice aponta que entre as metas est\u00e1 a capacita\u00e7\u00e3o de 80 extensionistas e de produtores. Estes \u00faltimos em boas pr\u00e1ticas de agropecu\u00e1ria e boas pr\u00e1ticas de fabrica\u00e7\u00e3o, dependendo do resultado do levantamento que ser\u00e1 feito pelos t\u00e9cnicos, das reais necessidades dos produtores e respectivas regi\u00f5es.<\/p>\n<p>A iniciativa prev\u00ea ainda a realiza\u00e7\u00e3o de dias de campo em propriedades com queijarias, a impress\u00e3o de material t\u00e9cnico, a compra e distribui\u00e7\u00e3o de insumos para serem doados aos produtores contemplados no programa. Tamb\u00e9m est\u00e3o previstas reuni\u00f5es locais para o lan\u00e7amento do programa.<\/p>\n<p>\u201cA reuni\u00e3o em Belo Horizonte aconteceu com todas as equipes regionais que trabalham com o Queijo Minas Artesanal no Estado. Tivemos um nivelamento interno de como executarmos o conv\u00eanio e planejarmos as a\u00e7\u00f5es no campo. Reunimos tamb\u00e9m com os parceiros e a diretoria t\u00e9cnica da Emater-MG\u201d, explica a coordenadora estadual.<\/p>\n<p><strong>Caracter\u00edsticas do Queijo Minas Artesanal<\/strong><\/p>\n<p>\u00c9 considerado Queijo Minas Artesanal aquele que \u00e9 originado das sete regi\u00f5es produtoras do Estado, tendo caracter\u00edsticas de produ\u00e7\u00e3o artesanal e que utiliza m\u00e3o de obra familiar. N\u00e3o \u00e9 permitida a produ\u00e7\u00e3o em alta escala e precisa ser fabricado com leite cru e pingo (um tipo de coalho). Outra exig\u00eancia \u00e9 que ele precisa ser maturado entre 17 a 22 dias, dependendo da regi\u00e3o. A casca tem de ser lisa e amarela.<\/p>\n<p>Por reunir tradi\u00e7\u00e3o e cultura, desde que come\u00e7ou a ser fabricado no s\u00e9culo XVIII e possuir essas caracter\u00edsticas peculiares, o Queijo Minas Artesanal teve o seu modo de fabrica\u00e7\u00e3o registrado como Patrim\u00f4nio Cultural Imaterial Brasileiro pelo Instituto do Patrim\u00f4nio Hist\u00f3rico e Art\u00edstico Nacional (Iphan).<\/p>\n<p>Segundo Maria Edinice, o Estado trabalha com um n\u00famero de 9 mil fam\u00edlias que produzem um total de 220 mil toneladas do Queijo Minas Artesanal por ano. O Programa Queijo Minas Artesanal foi desenvolvido pelo Governo de Minas Gerais para aprimorar a qualidade do produto.<\/p>\n<p>A Emater-MG orienta os produtores em boas pr\u00e1ticas de fabrica\u00e7\u00e3o, para garantir a seguran\u00e7a alimentar e facilitar o cadastramento das queijarias junto ao IMA, \u00f3rg\u00e3o respons\u00e1vel pela inspe\u00e7\u00e3o sanit\u00e1ria. Entre os objetivos do programa est\u00e3o a seguran\u00e7a alimentar, por meio do controle sanit\u00e1rio no processo de produ\u00e7\u00e3o, o incentivo e fortalecimento \u00e0 organiza\u00e7\u00e3o dos produtores e a legaliza\u00e7\u00e3o das queijarias. <\/p>\n<p><img decoding=\"async\" src=\"http:\/\/aconteceunovale.com.br\/portal\/wp-content\/uploads\/2017\/03\/queijo_minas.jpg\" alt=\"\" \/><em>Produ\u00e7\u00e3o de Queijo Minas Artesanal ganha refor\u00e7o (Foto: Divulga\u00e7\u00e3o\/Emater)<\/em><br \/>\n<\/br><\/p>\n<p><strong>VER PRIMEIRO<\/strong><\/p>\n<p><strong>Receba as not\u00edcias do Aconteceu no Vale em primeira m\u00e3o. Clique em curtir no endere\u00e7o <a href=\"https:\/\/www.facebook.com\/aconteceunovale\" target=\"_blank\"><font color=\"red\">www.facebook.com\/aconteceunovale<\/font><\/a> ou no box abaixo:<\/strong><\/p>\n<div class=\"fb-like\" data-href=\"https:\/\/www.facebook.com\/aconteceunovale\" data-width=\"120\" data-layout=\"standard\" data-action=\"like\" data-size=\"small\" data-show-faces=\"true\" data-share=\"true\"><\/div>\n<p><\/br><\/p>\n<p><em>(Ag\u00eancia Minas)<\/em><\/p>\n","protected":false},"excerpt":{"rendered":"<p>Mais um incentivo para a melhoria da produ\u00e7\u00e3o e qualidade do Queijo Minas Artesanal. A Empresa de Assist\u00eancia T\u00e9cnica e Extens\u00e3o Rural do Estado (Emater-MG) est\u00e1 iniciando os trabalhos estabelecidos em conv\u00eanio com o Minist\u00e9rio da Agricultura, Pecu\u00e1ria e Abastecimento (Mapa) para o Programa de Melhoramento da Qualidade do Queijo Minas Artesanal. O conv\u00eanio, no [&hellip;]<\/p>\n","protected":false},"author":1,"featured_media":109861,"comment_status":"open","ping_status":"closed","sticky":false,"template":"","format":"standard","meta":{"amp_status":"","footnotes":""},"categories":[123],"tags":[1504,8431,36992,141197,378,141195,1018,25775,141193,141191,141187,141190,141196,141192,141186,141185,141194,50433,141189,50429,154,50430,141188],"class_list":["post-109860","post","type-post","status-publish","format-standard","has-post-thumbnail","hentry","category-gerais","tag-araxa","tag-campo-das-vertentes","tag-canastra","tag-caracteristicas-do-queijo-minas-artesanal","tag-cerrado","tag-coordenadora-estadual-do-programa-queijo-minas-artesanal-da-emater-mg","tag-destaque","tag-emater-mg","tag-empresa-de-assistencia-tecnica-e-extensao-rural-do-estado","tag-incentivo-para-a-melhoria-da-producao-e-qualidade-do-queijo-minas-artesanal","tag-investimento-na-producao-de-queijo-minas-artesanal","tag-investimento-no-queijo-minas-artesanal","tag-maria-edinice-rodrigues","tag-melhoria-da-producao-e-qualidade-do-queijo-minas-artesanal","tag-producao-de-queijo-minas-artesanal","tag-producao-de-queijo-minas-artesanal-ganha-reforco","tag-programa-de-melhoramento-da-qualidade-do-queijo-minas-artesanal","tag-queijo-minas-artesanal","tag-recursos-para-producao-de-queijo-minas-artesanal","tag-serra-do-salitre","tag-serro","tag-triangulo-mineiro","tag-verba-para-producao-de-queijo-minas-artesanal"],"_links":{"self":[{"href":"https:\/\/aconteceunovale.com.br\/portal\/index.php?rest_route=\/wp\/v2\/posts\/109860","targetHints":{"allow":["GET"]}}],"collection":[{"href":"https:\/\/aconteceunovale.com.br\/portal\/index.php?rest_route=\/wp\/v2\/posts"}],"about":[{"href":"https:\/\/aconteceunovale.com.br\/portal\/index.php?rest_route=\/wp\/v2\/types\/post"}],"author":[{"embeddable":true,"href":"https:\/\/aconteceunovale.com.br\/portal\/index.php?rest_route=\/wp\/v2\/users\/1"}],"replies":[{"embeddable":true,"href":"https:\/\/aconteceunovale.com.br\/portal\/index.php?rest_route=%2Fwp%2Fv2%2Fcomments&post=109860"}],"version-history":[{"count":0,"href":"https:\/\/aconteceunovale.com.br\/portal\/index.php?rest_route=\/wp\/v2\/posts\/109860\/revisions"}],"wp:featuredmedia":[{"embeddable":true,"href":"https:\/\/aconteceunovale.com.br\/portal\/index.php?rest_route=\/wp\/v2\/media\/109861"}],"wp:attachment":[{"href":"https:\/\/aconteceunovale.com.br\/portal\/index.php?rest_route=%2Fwp%2Fv2%2Fmedia&parent=109860"}],"wp:term":[{"taxonomy":"category","embeddable":true,"href":"https:\/\/aconteceunovale.com.br\/portal\/index.php?rest_route=%2Fwp%2Fv2%2Fcategories&post=109860"},{"taxonomy":"post_tag","embeddable":true,"href":"https:\/\/aconteceunovale.com.br\/portal\/index.php?rest_route=%2Fwp%2Fv2%2Ftags&post=109860"}],"curies":[{"name":"wp","href":"https:\/\/api.w.org\/{rel}","templated":true}]}}