{"id":109857,"date":"2017-03-05T09:41:02","date_gmt":"2017-03-05T11:41:02","guid":{"rendered":"http:\/\/aconteceunovale.com.br\/portal\/?p=109857"},"modified":"2017-03-05T09:41:02","modified_gmt":"2017-03-05T11:41:02","slug":"populacao-ja-recebe-beneficios-das-obras-na-rodovia-entre-curvelo-e-cordisburgo","status":"publish","type":"post","link":"https:\/\/aconteceunovale.com.br\/portal\/?p=109857","title":{"rendered":"Popula\u00e7\u00e3o j\u00e1 recebe benef\u00edcios das obras na rodovia entre Curvelo e Cordisburgo"},"content":{"rendered":"<p>A popula\u00e7\u00e3o j\u00e1 sente os efeitos positivos das obras realizadas na LMG \u2013 754, entre Curvelo e Cordisburgo, um dos compromissos assumidos pelo Governo de Minas Gerais durante as reuni\u00f5es do F\u00f3rum Regional do Territ\u00f3rio Central. O empreendimento, que dever\u00e1 ser conclu\u00eddo no final de mar\u00e7o, inclui a pavimenta\u00e7\u00e3o do trecho de 40,25 quil\u00f4metros, assim como a implanta\u00e7\u00e3o e pavimenta\u00e7\u00e3o da pista dupla da Avenida Brasil, em Curvelo, com 2,7 quil\u00f4metros de extens\u00e3o.<\/p>\n<p>Segundo o secret\u00e1rio Wadson Ribeiro, da\u00a0Secretaria Extraordin\u00e1ria de Desenvolvimento Integrado e F\u00f3runs Regionais (Seedif), a obra \u00e9 uma reivindica\u00e7\u00e3o antiga da popula\u00e7\u00e3o local e a conclus\u00e3o do projeto foi destacada como prioridade nos f\u00f3runs. \u201cAs obras na LMG-754 mostram a contribui\u00e7\u00e3o cont\u00ednua da popula\u00e7\u00e3o no planejamento das a\u00e7\u00f5es de governo. Estamos colocando em pr\u00e1tica um dos objetivos principais do Governo de Minas Gerais que \u00e9 exatamente ouvir para governar\u201d, observa.<\/p>\n<p><strong>Projeto robusto<\/strong><\/p>\n<p>O empreendimento, executado pelo\u00a0Departamento de Edifica\u00e7\u00f5es e Estradas de Rodagem (DEER), vinculado \u00e0\u00a0Secretaria de Estado de Transportes e Obras P\u00fablicas (Setop), \u00e9 um projeto robusto. O investimento total previsto \u00e9 no valor de R$ 87,68 milh\u00f5es, sendo R$ 57,6 milh\u00f5es aplicados a partir de 2015.<\/p>\n<p>Al\u00e9m da pavimenta\u00e7\u00e3o do trecho de 40,25 quil\u00f4metros, na estrada foram constru\u00eddas cinco pontes, duas sobre o Riacho Fundo, uma sobre o Ribeir\u00e3o Maquin\u00e9 e outra sobre o C\u00f3rrego Quintino Vargas. A maior estrutura, com 180 metros de extens\u00e3o e 12 metros de largura, \u00e9 a ponte sobre o Ribeir\u00e3o do On\u00e7a e a Ferrovia Centro Atl\u00e2ntica (FCA), pr\u00f3ximo \u00e0 cidade de Cordisburgo.<\/p>\n<p><img decoding=\"async\" src=\"http:\/\/aconteceunovale.com.br\/portal\/wp-content\/uploads\/2017\/03\/obra_curvelo_cordisburgo.jpg\" alt=\"\" \/><em>O investimento total previsto \u00e9 no valor de R$ 87,68 milh\u00f5es (Divulga\u00e7\u00e3o\/DEER-MG)<\/em><br \/>\n<\/br><\/p>\n<p><strong>Redu\u00e7\u00e3o da dist\u00e2ncia<\/strong><\/p>\n<p>A LMG \u2013 754, conhecida como Rodovia dos Cristais, \u00e9 uma importante via de acesso \u00e0 Belo Horizonte, principalmente para os munic\u00edpios de Curvelo, Cordisburgo e outras cidades do entorno. O trecho onde as melhorias est\u00e3o sendo realizadas j\u00e1 permite o tr\u00e1fego. Depois de finalizadas, as obras v\u00e3o beneficiar diretamente cerca de 100 mil pessoas.<\/p>\n<p>Mas a popula\u00e7\u00e3o j\u00e1 sente as melhorias. Entre os ganhos est\u00e3o a fluidez no tr\u00e2nsito e a redu\u00e7\u00e3o, em 30 minutos, do tempo de viagem entre Curvelo e\u00a0Belo Horizonte e tamb\u00e9m entre as cidades da regi\u00e3o.\u00a0\u201cHoje a gente vai a Sete Lagoas em uma hora, passando pela Rodovia dos Cristais. Antes, o percurso era de uma hora e meia\u201d, afirma Cristina Abreu, diretora comercial do Clube dos Diretores Lojistas (CDL) de Curvelo.<\/p>\n<p><strong>Com\u00e9rcio, turismo e esportes<\/strong><\/p>\n<p>Para Cristina, empres\u00e1ria do setor imobili\u00e1rio, a obra dotou a regi\u00e3o de uma infraestrutura que permitir\u00e1 o fomento da economia local. Ela lembra dos benef\u00edcios para o com\u00e9rcio e para o turismo na terra de Jo\u00e3o Guimar\u00e3es Rosa e na gruta do Maquin\u00e9.<\/p>\n<p>Outro atrativo local \u00e9 o automobilismo. A nova estrutura da estrada vai facilitar o fluxo de pessoas que circula na \u00e1rea na \u00e9poca dos campeonatos feitos no aut\u00f3dromo de Curvelo, rec\u00e9m inaugurado. \u201cEssa obra \u00e9 determinante para o desenvolvimento local, al\u00e9m de ter valorizado a entrada da cidade\u201d afirma o diretor do Circuito dos Cristais, Marco T\u00falio, destacando a utilidade da via para o p\u00fablico de competi\u00e7\u00f5es, como a Stock Car.<\/p>\n<p><strong>Agroneg\u00f3cio<\/strong><\/p>\n<p>Lideran\u00e7as dos produtores rurais consideram o novo vetor um salto para o agroneg\u00f3cio da regi\u00e3o, que possui uma importante bacia leiteira, rebanho de corte e lavoura de eucalipto. Para o presidente da Associa\u00e7\u00e3o Mineira dos Criadores de Zebu (AMCZ), Gustavo Salvo, a obra na rodovia contribui para a log\u00edstica de escoamento da produ\u00e7\u00e3o.<\/p>\n<p>\u201cSempre foi um sonho vermos esta estrada pavimentada. Meu pai sonhava com isso desde a d\u00e9cada de setenta e s\u00f3 agora se concretizou. \u00c9 isto que a gente espera do Estado, principalmente o produtor rural: a melhoria da infraestrutura\u201d, ressalta Gustavo Salvo.<\/p>\n<p>O presidente do Sindicato dos Produtores Rurais de Curvelo, \u00c2ngelo Augusto de Souza, tamb\u00e9m pontuou o impacto do empreendimento. \u201cA obra \u00e9 muito significativa para os produtores de leite porque encurta a dist\u00e2ncia e melhora o tr\u00e1fego. Atende a regi\u00e3o Central e ainda pessoas dos munic\u00edpios do Vale do Jequitinhonha que passam por aqui para ir a Belo Horizonte\u201d, afirma.<\/p>\n<p><strong>Diagn\u00f3stico do territ\u00f3rio<\/strong><\/p>\n<p>O Territ\u00f3rio Central \u00e9 composto por dois microterrit\u00f3rios: Central Leste e Central Oeste, abrangendo um total de 17 munic\u00edpios. Durante as rodadas dos F\u00f3runs Regionais no territ\u00f3rio foram levantados 291 problemas e necessidades por meio dos formul\u00e1rios de diagn\u00f3stico.<\/p>\n<p>Os itens foram distribu\u00eddos entre cinco eixos tem\u00e1ticos: Sa\u00fade e Prote\u00e7\u00e3o Social (89), Desenvolvimento Produtivo, Cient\u00edfico e Tecnol\u00f3gico (72), Educa\u00e7\u00e3o e Cultura (52), Infraestrutura e log\u00edstica (47) e Seguran\u00e7a P\u00fablica (31).<\/p>\n<p>O subsecret\u00e1rio dos\u00a0F\u00f3runs Regionais de Governo, Fernando Tadeu David, disse que as propostas serviram de base para a elabora\u00e7\u00e3o do Plano Plurianual de A\u00e7\u00e3o Governamental (PPAG) e do Plano Mineiro de Desenvolvimento Integrado (PMDI). \u201cS\u00e3o muitos os obst\u00e1culos enfrentados pelo governo para atender todas as necessidades da popula\u00e7\u00e3o, mas sem um bom diagn\u00f3stico n\u00e3o seria poss\u00edvel um planejamento que busque sanar o que \u00e9 mais urgente\u201d, afirma Fernando Tadeu David.<\/p>\n<p>A diretora da CDL de Curvelo, Cristina Abreu, esteve presente em uma das reuni\u00f5es e considera os f\u00f3runs uma forma de a sociedade participar das decis\u00f5es do governo. \u201cNos f\u00f3runs a popula\u00e7\u00e3o tem a chance de falar para o governo ou para os seus interlocutores quais as nossas reais necessidades, o que est\u00e1 faltando nos munic\u00edpios\u201d, conclui.<\/p>\n<p><strong>VER PRIMEIRO<\/strong><\/p>\n<p><strong>Receba as not\u00edcias do Aconteceu no Vale em primeira m\u00e3o. Clique em curtir no endere\u00e7o <a href=\"https:\/\/www.facebook.com\/aconteceunovale\" target=\"_blank\"><font color=\"red\">www.facebook.com\/aconteceunovale<\/font><\/a> ou no box abaixo:<\/strong><\/p>\n<div class=\"fb-like\" data-href=\"https:\/\/www.facebook.com\/aconteceunovale\" data-width=\"120\" data-layout=\"standard\" data-action=\"like\" data-size=\"small\" data-show-faces=\"true\" data-share=\"true\"><\/div>\n<p><\/br><\/p>\n<p><em>(Fonte: Ag\u00eancia Minas)<\/em><\/p>\n","protected":false},"excerpt":{"rendered":"<p>A popula\u00e7\u00e3o j\u00e1 sente os efeitos positivos das obras realizadas na LMG \u2013 754, entre Curvelo e Cordisburgo, um dos compromissos assumidos pelo Governo de Minas Gerais durante as reuni\u00f5es do F\u00f3rum Regional do Territ\u00f3rio Central. O empreendimento, que dever\u00e1 ser conclu\u00eddo no final de mar\u00e7o, inclui a pavimenta\u00e7\u00e3o do trecho de 40,25 quil\u00f4metros, assim [&hellip;]<\/p>\n","protected":false},"author":1,"featured_media":109858,"comment_status":"open","ping_status":"closed","sticky":false,"template":"","format":"standard","meta":{"amp_status":"","footnotes":""},"categories":[123],"tags":[105836,141182,141176,141183,30022,141184,197,141178,54226,141177,141179,105835,141181,141175,141174,141180,105838],"class_list":["post-109857","post","type-post","status-publish","format-standard","has-post-thumbnail","hentry","category-gerais","tag-asfaltamento-da-lmg-754","tag-asfaltamento-da-rodovia-dos-cristais","tag-asfaltamento-da-rodovia-entre-curvelo-e-cordisburgo","tag-cdl-de-curvelo","tag-cordisburgo","tag-cristina-abreu","tag-curvelo","tag-forum-regional-do-territorio-central","tag-lmg-754","tag-obra-na-lmg-754","tag-pavimentacao-da-avenida-brasil-em-curvelo","tag-pavimentacao-da-lmg-754","tag-pavimentacao-da-rodovia-dos-cristais","tag-pavimentacao-da-rodovia-entre-curvelo-e-cordisburgo","tag-populacao-ja-recebe-beneficios-das-obras-na-rodovia-entre-curvelo-e-cordisburgo","tag-rodovia-dos-cristais","tag-rodovia-entre-curvelo-e-cordisburgo"],"_links":{"self":[{"href":"https:\/\/aconteceunovale.com.br\/portal\/index.php?rest_route=\/wp\/v2\/posts\/109857","targetHints":{"allow":["GET"]}}],"collection":[{"href":"https:\/\/aconteceunovale.com.br\/portal\/index.php?rest_route=\/wp\/v2\/posts"}],"about":[{"href":"https:\/\/aconteceunovale.com.br\/portal\/index.php?rest_route=\/wp\/v2\/types\/post"}],"author":[{"embeddable":true,"href":"https:\/\/aconteceunovale.com.br\/portal\/index.php?rest_route=\/wp\/v2\/users\/1"}],"replies":[{"embeddable":true,"href":"https:\/\/aconteceunovale.com.br\/portal\/index.php?rest_route=%2Fwp%2Fv2%2Fcomments&post=109857"}],"version-history":[{"count":0,"href":"https:\/\/aconteceunovale.com.br\/portal\/index.php?rest_route=\/wp\/v2\/posts\/109857\/revisions"}],"wp:featuredmedia":[{"embeddable":true,"href":"https:\/\/aconteceunovale.com.br\/portal\/index.php?rest_route=\/wp\/v2\/media\/109858"}],"wp:attachment":[{"href":"https:\/\/aconteceunovale.com.br\/portal\/index.php?rest_route=%2Fwp%2Fv2%2Fmedia&parent=109857"}],"wp:term":[{"taxonomy":"category","embeddable":true,"href":"https:\/\/aconteceunovale.com.br\/portal\/index.php?rest_route=%2Fwp%2Fv2%2Fcategories&post=109857"},{"taxonomy":"post_tag","embeddable":true,"href":"https:\/\/aconteceunovale.com.br\/portal\/index.php?rest_route=%2Fwp%2Fv2%2Ftags&post=109857"}],"curies":[{"name":"wp","href":"https:\/\/api.w.org\/{rel}","templated":true}]}}