{"id":109854,"date":"2017-03-05T09:34:39","date_gmt":"2017-03-05T11:34:39","guid":{"rendered":"http:\/\/aconteceunovale.com.br\/portal\/?p=109854"},"modified":"2017-03-05T09:34:39","modified_gmt":"2017-03-05T11:34:39","slug":"minas-gerais-incentiva-novos-voos-turisticos-para-rotas-internacionais","status":"publish","type":"post","link":"https:\/\/aconteceunovale.com.br\/portal\/?p=109854","title":{"rendered":"Minas Gerais incentiva novos voos tur\u00edsticos para rotas internacionais"},"content":{"rendered":"<p>Ap\u00f3s um trabalho de reaproxima\u00e7\u00e3o com as companhias a\u00e9reas, que haviam deixado de comercializar voos internacionais tendo Minas Gerais como destino tur\u00edstico, a Secretaria de Estado de Turismo de Minas Gerais (Setur-MG) comemora a chegada dos primeiros voos sem escala entre Belo Horizonte e Buenos Aires, capital argentina.<\/p>\n<p>Nos pr\u00f3ximos dias 5 e 6 de mar\u00e7o, a Gol Linhas A\u00e9reas Inteligentes e a Azul Linhas A\u00e9reas, respectivamente, lan\u00e7am, em voos inaugurais, as novas rotas que ligam Belo Horizonte (Confins) a Buenos Aires (Ezeiza), destino muito procurado pelos mineiros. Por outro lado, Minas Gerais se consolida como uma das portas de entrada para os argentinos.<\/p>\n<p>\u201cAcreditamos que esse resultado positivo \u00e9 fruto do di\u00e1logo que iniciamos com as companhias a\u00e9reas, apresentando e divulgando nossos atrativos tur\u00edsticos e contribuindo com as empresas na recep\u00e7\u00e3o dos visitantes\u201d, declara o secret\u00e1rio de Estado de Turismo de Minas Gerais, Ricardo Faria.<\/p>\n<p>Segundo informa\u00e7\u00f5es da Azul, a companhia ter\u00e1 sa\u00eddas di\u00e1rias e sem escalas e os voos ser\u00e3o cumpridos com os jatos Embraer 195, que t\u00eam capacidade para at\u00e9 118 passageiros e contam com mais de 40 canais de TV SKY ao vivo (dispon\u00edvel em territ\u00f3rio brasileiro) em telas individuais. Tamb\u00e9m a bordo, os usu\u00e1rios poder\u00e3o se deliciar com snacks e bebida \u00e0 vontade e sem custo adicional.<\/p>\n<p>Os voos da Gol ser\u00e3o operados com aeronaves Boeing 737-800, com capacidade para at\u00e9 170 passageiros. A companhia ter\u00e1 um voo direto semanal, conectando a capital mineira \u00e0 capital portenha. Segundo dados da companhia a\u00e9rea, os passageiros que embarcam em Confins ter\u00e3o \u00e0 disposi\u00e7\u00e3o um voo aos domingos, com destino \u00e0 Buenos Aires. Na rota inversa, de Ezeiza para Confins, o voo ser\u00e1 \u00e0s segundas-feiras.<\/p>\n<p>\u201cCom a possibilidade dos voos sem escala, acreditamos no crescimento do n\u00famero de turistas em Minas Gerais. A comercializa\u00e7\u00e3o desses voos coloca Minas Gerais na lista de op\u00e7\u00f5es de destinos tur\u00edsticos para os argentinos. Temos muitos atrativos para que eles se sintam provocados a conhecer n\u00e3o apenas a capital mineira, assim como as cidades hist\u00f3ricas e as in\u00fameras belezas que o estado possui\u201d, conclui o secret\u00e1rio Ricardo Faria.<\/p>\n<p><em>Buenos Aires receber\u00e1 voos diretos da capital mineira (Foto: Site Mente Argentina)<\/em><br \/>\n<\/br><\/p>\n<p><strong>VER PRIMEIRO<\/strong><\/p>\n<p><strong>Receba as not\u00edcias do Aconteceu no Vale em primeira m\u00e3o. Clique em curtir no endere\u00e7o <a href=\"https:\/\/www.facebook.com\/aconteceunovale\" target=\"_blank\"><font color=\"red\">www.facebook.com\/aconteceunovale<\/font><\/a> ou no box abaixo:<\/strong><\/p>\n<div class=\"fb-like\" data-href=\"https:\/\/www.facebook.com\/aconteceunovale\" data-width=\"120\" data-layout=\"standard\" data-action=\"like\" data-size=\"small\" data-show-faces=\"true\" data-share=\"true\"><\/div>\n<p><\/br><\/p>\n<p><em>(Ag\u00eancia Minas)<\/em><\/p>\n","protected":false},"excerpt":{"rendered":"<p>Ap\u00f3s um trabalho de reaproxima\u00e7\u00e3o com as companhias a\u00e9reas, que haviam deixado de comercializar voos internacionais tendo Minas Gerais como destino tur\u00edstico, a Secretaria de Estado de Turismo de Minas Gerais (Setur-MG) comemora a chegada dos primeiros voos sem escala entre Belo Horizonte e Buenos Aires, capital argentina. Nos pr\u00f3ximos dias 5 e 6 de [&hellip;]<\/p>\n","protected":false},"author":1,"featured_media":109855,"comment_status":"open","ping_status":"closed","sticky":false,"template":"","format":"standard","meta":{"amp_status":"","footnotes":""},"categories":[123,28848],"tags":[1077,194,1017,23885,141173,22090,1018,141172,25562,136187,141163,141164,141166,141165,141168,88470,134916,141169,141170,141167,141171],"class_list":["post-109854","post","type-post","status-publish","format-standard","has-post-thumbnail","hentry","category-gerais","category-mundo","tag-azul-linhas-aereas","tag-belo-horizonte","tag-bh","tag-buenos-aires","tag-buenos-aires-recebera-voos-diretos-da-capital-mineira","tag-confins","tag-destaque","tag-ezeiza","tag-gol-linhas-aereas","tag-gol-linhas-aereas-inteligentes","tag-minas-gerais-incentiva-novos-voos-turisticos-para-rotas-internacionais","tag-rotas-internacionais","tag-rotas-internacionais-a-partir-de-minas","tag-rotas-internacionais-de-minas","tag-rotas-internacionais-partindo-de-minas","tag-secretaria-de-estado-de-turismo-de-minas-gerais","tag-setur-mg","tag-voos-diretos-entre-belo-horizonte-e-buenos-aires","tag-voos-entre-belo-horizonte-e-buenos-aires","tag-voos-internacionais-partindo-de-minas","tag-voos-sem-escala-entre-belo-horizonte-e-buenos-aires"],"_links":{"self":[{"href":"https:\/\/aconteceunovale.com.br\/portal\/index.php?rest_route=\/wp\/v2\/posts\/109854","targetHints":{"allow":["GET"]}}],"collection":[{"href":"https:\/\/aconteceunovale.com.br\/portal\/index.php?rest_route=\/wp\/v2\/posts"}],"about":[{"href":"https:\/\/aconteceunovale.com.br\/portal\/index.php?rest_route=\/wp\/v2\/types\/post"}],"author":[{"embeddable":true,"href":"https:\/\/aconteceunovale.com.br\/portal\/index.php?rest_route=\/wp\/v2\/users\/1"}],"replies":[{"embeddable":true,"href":"https:\/\/aconteceunovale.com.br\/portal\/index.php?rest_route=%2Fwp%2Fv2%2Fcomments&post=109854"}],"version-history":[{"count":0,"href":"https:\/\/aconteceunovale.com.br\/portal\/index.php?rest_route=\/wp\/v2\/posts\/109854\/revisions"}],"wp:featuredmedia":[{"embeddable":true,"href":"https:\/\/aconteceunovale.com.br\/portal\/index.php?rest_route=\/wp\/v2\/media\/109855"}],"wp:attachment":[{"href":"https:\/\/aconteceunovale.com.br\/portal\/index.php?rest_route=%2Fwp%2Fv2%2Fmedia&parent=109854"}],"wp:term":[{"taxonomy":"category","embeddable":true,"href":"https:\/\/aconteceunovale.com.br\/portal\/index.php?rest_route=%2Fwp%2Fv2%2Fcategories&post=109854"},{"taxonomy":"post_tag","embeddable":true,"href":"https:\/\/aconteceunovale.com.br\/portal\/index.php?rest_route=%2Fwp%2Fv2%2Ftags&post=109854"}],"curies":[{"name":"wp","href":"https:\/\/api.w.org\/{rel}","templated":true}]}}