{"id":109849,"date":"2017-03-05T08:35:25","date_gmt":"2017-03-05T10:35:25","guid":{"rendered":"http:\/\/aconteceunovale.com.br\/portal\/?p=109849"},"modified":"2017-03-05T08:35:25","modified_gmt":"2017-03-05T10:35:25","slug":"montes-claros-confirma-morte-de-seis-macacos-por-febre-amarela-2","status":"publish","type":"post","link":"https:\/\/aconteceunovale.com.br\/portal\/?p=109849","title":{"rendered":"Montes Claros confirma morte de seis macacos por febre amarela"},"content":{"rendered":"<p>O Centro de Controle de Zoonoses (CCZ) confirmou, na tarde de s\u00e1bado (4\/3), que pelo menos seis macacos morreram por febre amarela em Montes Claros. Destes, tr\u00eas casos foram na \u00e1rea urbana do munic\u00edpio, sendo o \u00faltimo caso confirmado na sexta-feira (3). Nenhum caso da doen\u00e7a foi identificada em seres humanos.<\/p>\n<p>Ainda segundo o CCZ, a cidade possui mais de 40 ocorr\u00eancias de primatas mortos no munic\u00edpio, mas as causas das mortes ainda s\u00e3o investigadas. A Prefeitura afirmou que, mesmo com os casos registrados na \u00e1rea urbana, a situa\u00e7\u00e3o \u00e9 considerada controlada, devido \u00e0s a\u00e7\u00f5es de imuniza\u00e7\u00e3o dos seres humanos.<\/p>\n<p>Segundo a prefeitura, 100% do p\u00fablico alvo a ser imunizado na \u00e1rea rural foi vacinado. Na \u00e1rea urbana, os trabalhos se intensificaram no combate ao Aedes aegypti e vacina\u00e7\u00e3o dos moradores. O munic\u00edpio afirma que a campanha de vacina\u00e7\u00e3o na \u00e1rea urbana continua nos centros de sa\u00fade.<\/p>\n<p><img decoding=\"async\" src=\"http:\/\/aconteceunovale.com.br\/portal\/wp-content\/uploads\/2017\/03\/macaco_febre_amarela_moc.jpg\" alt=\"\" \/><em>CCZ confirmou morte de macacos por febre amarela (Foto: J\u00fanior Mendon\u00e7a\/Gazeta Norte Mineira)<\/em><br \/>\n<\/br><\/p>\n<p><strong>VER PRIMEIRO<\/strong><\/p>\n<p><strong>Receba as not\u00edcias do Aconteceu no Vale em primeira m\u00e3o. Clique em curtir no endere\u00e7o <a href=\"https:\/\/www.facebook.com\/aconteceunovale\" target=\"_blank\"><font color=\"red\">www.facebook.com\/aconteceunovale<\/font><\/a> ou no box abaixo:<\/strong><\/p>\n<div class=\"fb-like\" data-href=\"https:\/\/www.facebook.com\/aconteceunovale\" data-width=\"120\" data-layout=\"standard\" data-action=\"like\" data-size=\"small\" data-show-faces=\"true\" data-share=\"true\"><\/div>\n<p><\/br><\/p>\n<p><em>(Fonte: G1 Grande Minas)<\/em><\/p>\n","protected":false},"excerpt":{"rendered":"<p>O Centro de Controle de Zoonoses (CCZ) confirmou, na tarde de s\u00e1bado (4\/3), que pelo menos seis macacos morreram por febre amarela em Montes Claros. Destes, tr\u00eas casos foram na \u00e1rea urbana do munic\u00edpio, sendo o \u00faltimo caso confirmado na sexta-feira (3). Nenhum caso da doen\u00e7a foi identificada em seres humanos. Ainda segundo o CCZ, [&hellip;]<\/p>\n","protected":false},"author":1,"featured_media":109846,"comment_status":"open","ping_status":"closed","sticky":false,"template":"","format":"standard","meta":{"amp_status":"","footnotes":""},"categories":[1236,40242],"tags":[141154,141149,141150,137510,210,141155,141152,141153,141151],"class_list":["post-109849","post","type-post","status-publish","format-standard","has-post-thumbnail","hentry","category-norte_de_minas","category-saude-2","tag-casos-de-febre-amarela-em-montes-claros","tag-ccz-de-montes-claros","tag-centro-de-controle-de-zoonoses-de-montes-claros","tag-febre-amarela-em-montes-claros","tag-montes-claros","tag-montes-claros-confirma-morte-de-seis-macacos-por-febre-amarela","tag-morte-de-macacos-em-montes-claros","tag-morte-de-macacos-por-febre-amarela-em-montes-claros","tag-seis-macacos-morreram-por-febre-amarela-em-montes-claros"],"_links":{"self":[{"href":"https:\/\/aconteceunovale.com.br\/portal\/index.php?rest_route=\/wp\/v2\/posts\/109849","targetHints":{"allow":["GET"]}}],"collection":[{"href":"https:\/\/aconteceunovale.com.br\/portal\/index.php?rest_route=\/wp\/v2\/posts"}],"about":[{"href":"https:\/\/aconteceunovale.com.br\/portal\/index.php?rest_route=\/wp\/v2\/types\/post"}],"author":[{"embeddable":true,"href":"https:\/\/aconteceunovale.com.br\/portal\/index.php?rest_route=\/wp\/v2\/users\/1"}],"replies":[{"embeddable":true,"href":"https:\/\/aconteceunovale.com.br\/portal\/index.php?rest_route=%2Fwp%2Fv2%2Fcomments&post=109849"}],"version-history":[{"count":0,"href":"https:\/\/aconteceunovale.com.br\/portal\/index.php?rest_route=\/wp\/v2\/posts\/109849\/revisions"}],"wp:featuredmedia":[{"embeddable":true,"href":"https:\/\/aconteceunovale.com.br\/portal\/index.php?rest_route=\/wp\/v2\/media\/109846"}],"wp:attachment":[{"href":"https:\/\/aconteceunovale.com.br\/portal\/index.php?rest_route=%2Fwp%2Fv2%2Fmedia&parent=109849"}],"wp:term":[{"taxonomy":"category","embeddable":true,"href":"https:\/\/aconteceunovale.com.br\/portal\/index.php?rest_route=%2Fwp%2Fv2%2Fcategories&post=109849"},{"taxonomy":"post_tag","embeddable":true,"href":"https:\/\/aconteceunovale.com.br\/portal\/index.php?rest_route=%2Fwp%2Fv2%2Ftags&post=109849"}],"curies":[{"name":"wp","href":"https:\/\/api.w.org\/{rel}","templated":true}]}}