{"id":109836,"date":"2017-03-05T07:25:19","date_gmt":"2017-03-05T09:25:19","guid":{"rendered":"http:\/\/aconteceunovale.com.br\/portal\/?p=109836"},"modified":"2017-03-05T07:25:19","modified_gmt":"2017-03-05T09:25:19","slug":"adolescente-de-nanuque-e-assassinado-no-centro-socioeducativo-de-governador-valadares","status":"publish","type":"post","link":"https:\/\/aconteceunovale.com.br\/portal\/?p=109836","title":{"rendered":"Adolescente de Nanuque \u00e9 assassinado no Centro Socioeducativo de Governador Valadares"},"content":{"rendered":"<p>Um jovem de 15 anos morreu depois de levar golpes de chu\u00e7o &#8211; esp\u00e9cie de arma feita por um ferro pontiagudo &#8211; na noite de sexta-feira (3), no Centro Socioeducativo S\u00e3o Francisco de Assis, em Governador Valadares, no Vale do Rio Doce. O adolescente foi morto por um de seus colegas de alojamento.<\/p>\n<p>De acordo com a Secretaria de Seguran\u00e7a P\u00fablica, a v\u00edtima foi socorrida pela equipe de seguran\u00e7a da unidade e encaminhada para Hospital Regional do Munic\u00edpio, mas n\u00e3o resistiu aos ferimentos e acabou falecendo no hospital.<\/p>\n<p>O autor do crime, um adolescente de 16 anos, assumiu a autoria do assassinato e foi ouvido pela Pol\u00edcia Civil na manh\u00e3 de s\u00e1bado (4). <\/p>\n<p>O jovem morto era de Nanuque, cidade do Vale do Mucuri, e cumpria a senten\u00e7a no Centro Socioeducativo por tentativa de homic\u00eddio, desde 2015.<\/p>\n<p>O caso agora est\u00e1 sendo apurado pela Subsecretaria de Atendimento Socioeducativo (Suase), da Secretaria de Seguran\u00e7a P\u00fablica (Sesp) e est\u00e1 em andamento.<\/p>\n<p><strong>VER PRIMEIRO<\/strong><\/p>\n<p><strong>Receba as not\u00edcias do Aconteceu no Vale em primeira m\u00e3o. Clique em curtir no endere\u00e7o <a href=\"https:\/\/www.facebook.com\/aconteceunovale\" target=\"_blank\"><font color=\"red\">www.facebook.com\/aconteceunovale<\/font><\/a> ou no box abaixo:<\/strong><\/p>\n<div class=\"fb-like\" data-href=\"https:\/\/www.facebook.com\/aconteceunovale\" data-width=\"120\" data-layout=\"standard\" data-action=\"like\" data-size=\"small\" data-show-faces=\"true\" data-share=\"true\"><\/div>\n<p><\/br><\/p>\n<p><em>(Fonte: O Tempo)<\/em><\/p>\n","protected":false},"excerpt":{"rendered":"<p>Um jovem de 15 anos morreu depois de levar golpes de chu\u00e7o &#8211; esp\u00e9cie de arma feita por um ferro pontiagudo &#8211; na noite de sexta-feira (3), no Centro Socioeducativo S\u00e3o Francisco de Assis, em Governador Valadares, no Vale do Rio Doce. O adolescente foi morto por um de seus colegas de alojamento. De acordo [&hellip;]<\/p>\n","protected":false},"author":1,"featured_media":35377,"comment_status":"open","ping_status":"closed","sticky":false,"template":"","format":"standard","meta":{"amp_status":"","footnotes":""},"categories":[121,122],"tags":[141137,141134,141131,141138,247,141136,141133,141135,141132,252],"class_list":["post-109836","post","type-post","status-publish","format-standard","has-post-thumbnail","hentry","category-leste","category-mucuri","tag-adolescente-de-nanuque-e-assassinado-no-centro-socioeducativo-de-governador-valadares","tag-centro-socioeducativo-de-governador-valadares","tag-centro-socioeducativo-sao-francisco","tag-centro-socioeducativo-sao-francisco-de-assis","tag-governador-valadares","tag-homicidio-no-centro-socioeducativo-de-governador-valadares","tag-homicidio-no-centro-socioeducativo-sao-francisco","tag-morto-no-centro-socioeducativo-de-governador-valadares","tag-morto-no-centro-socioeducativo-sao-francisco","tag-nanuque"],"_links":{"self":[{"href":"https:\/\/aconteceunovale.com.br\/portal\/index.php?rest_route=\/wp\/v2\/posts\/109836","targetHints":{"allow":["GET"]}}],"collection":[{"href":"https:\/\/aconteceunovale.com.br\/portal\/index.php?rest_route=\/wp\/v2\/posts"}],"about":[{"href":"https:\/\/aconteceunovale.com.br\/portal\/index.php?rest_route=\/wp\/v2\/types\/post"}],"author":[{"embeddable":true,"href":"https:\/\/aconteceunovale.com.br\/portal\/index.php?rest_route=\/wp\/v2\/users\/1"}],"replies":[{"embeddable":true,"href":"https:\/\/aconteceunovale.com.br\/portal\/index.php?rest_route=%2Fwp%2Fv2%2Fcomments&post=109836"}],"version-history":[{"count":0,"href":"https:\/\/aconteceunovale.com.br\/portal\/index.php?rest_route=\/wp\/v2\/posts\/109836\/revisions"}],"wp:featuredmedia":[{"embeddable":true,"href":"https:\/\/aconteceunovale.com.br\/portal\/index.php?rest_route=\/wp\/v2\/media\/35377"}],"wp:attachment":[{"href":"https:\/\/aconteceunovale.com.br\/portal\/index.php?rest_route=%2Fwp%2Fv2%2Fmedia&parent=109836"}],"wp:term":[{"taxonomy":"category","embeddable":true,"href":"https:\/\/aconteceunovale.com.br\/portal\/index.php?rest_route=%2Fwp%2Fv2%2Fcategories&post=109836"},{"taxonomy":"post_tag","embeddable":true,"href":"https:\/\/aconteceunovale.com.br\/portal\/index.php?rest_route=%2Fwp%2Fv2%2Ftags&post=109836"}],"curies":[{"name":"wp","href":"https:\/\/api.w.org\/{rel}","templated":true}]}}