{"id":109832,"date":"2017-03-05T07:08:21","date_gmt":"2017-03-05T09:08:21","guid":{"rendered":"http:\/\/aconteceunovale.com.br\/portal\/?p=109832"},"modified":"2017-03-05T07:08:21","modified_gmt":"2017-03-05T09:08:21","slug":"carnaval-movimentou-mais-de-r-500-milhoes-em-bh","status":"publish","type":"post","link":"https:\/\/aconteceunovale.com.br\/portal\/?p=109832","title":{"rendered":"Carnaval movimentou mais de R$ 500 milh\u00f5es em BH"},"content":{"rendered":"<p>O carnaval de Belo Horizonte movimentou pelo menos R$ 514 milh\u00f5es, segundo divulgou na sexta-feira (3) a Empresa Municipal de Turismo (Belotur). Os valores foram calculados levando em conta a despesa m\u00e9dia di\u00e1ria dos foli\u00f5es, mas ainda sem considerar os gastos com hospedagem e transporte. Por esta raz\u00e3o, Aluizer Malab, presidente da Belotur, acredita que levantamento mais detalhado poder\u00e1 apontar movimenta\u00e7\u00e3o ao redor de R$ 1 bilh\u00e3o.<\/p>\n<p>Segundo a Associa\u00e7\u00e3o Brasileira de Ind\u00fastrias e Hot\u00e9is de Minas Gerais (Abih-MG), a ocupa\u00e7\u00e3o da rede hoteleira atingiu 60%. No carnaval de 2016, o \u00edndice ficou em aproximadamente 40%. J\u00e1 a Associa\u00e7\u00e3o Brasileira de Bares e Restaurantes (Abrasel) estimou que, neste ano, os estabelecimentos tiveram aumento entre 10% e 20% no n\u00famero de clientes. Os dados foram apresentados sexta-feira durante coletiva na prefeitura de Belo Horizonte, que teve a presen\u00e7a do prefeito Alexandre Kalil.<\/p>\n<p>Na quarta-feira (1\u00ba), a Belotur j\u00e1 havia divulgado um primeiro balan\u00e7o, no qual registrou a presen\u00e7a de 3 milh\u00f5es de foli\u00f5es, confirmando ter sido o maior carnaval da hist\u00f3ria da capital mineira. A festa vem ganhando novas dimens\u00f5es desde que os blocos de rua come\u00e7aram a ressurgir, em 2009 e 2010, de acordo com a Belotur, que fez contabilidade di\u00e1ria do carnaval. Ou seja, se uma pessoa foi \u00e0s ruas em quatro dias distintos, foi considerada como quatro foli\u00f5es.<\/p>\n<p>Segundo Alexandre Kalil, Belo Horizonte deu o maior salto do carnaval no Brasil. &#8220;Temos que avaliar n\u00e3o em compara\u00e7\u00e3o com lugares que t\u00eam tradicionalmente grandes carnavais, como Rio de Janeiro e Salvador. Mas a cidade foi transformada. Alguns anos atr\u00e1s voc\u00ea podia andar nu na Avenida Afonso Pena que ningu\u00e9m ia te ver. Agora tivemos 3 milh\u00f5es de foli\u00f5es&#8221;, disse.<\/p>\n<p>O prefeito ainda destacou a import\u00e2ncia para o com\u00e9rcio da cidade. &#8220;Antes, o comerciante, triste, n\u00e3o vendia e n\u00e3o faturava. A padaria, a loja e o restaurante ficaram cheios. Eu fui almo\u00e7ar com minha fam\u00edlia e o dono do restaurante, que \u00e9 meu amigo, disse que pela primeira vez, em 25 anos, abriu seu estabelecimento na Quarta-Feira de Cinzas&#8221;, contou.<\/p>\n<p><strong>Limpeza e seguran\u00e7a<\/strong><\/p>\n<p>Kalil e Aluizer Malab destacaram a import\u00e2ncia do trabalho integrado dos \u00f3rg\u00e3os municipais envolvidos no carnaval, mas fizeram men\u00e7\u00e3o especial ao Servi\u00e7o de Limpeza Urbana (SLU). &#8220;A cidade n\u00e3o ficou com cheiro ruim, n\u00e3o tinha lixo. Amanhecia o dia seguinte e nem parecia que tinha tido carnaval&#8221;, disse o presidente da Belotur. A SLU contou com uma equipe de 600 garis, que recolheram 840 toneladas de lixo nos quatro dias de folia.<\/p>\n<p>Aluzier Malab reconheceu problemas com os banheiros qu\u00edmicos, uma das principais queixas dos foli\u00f5es. Pessoas que estiveram nos blocos Bai\u00e3o de Rua e Havayanas Usadas, por exemplo, questionaram a aus\u00eancia das instala\u00e7\u00f5es. Ao todo, a Belotur contratou 10 mil banheiros para atender o p\u00fablico. &#8220;Tivemos um n\u00famero maior de foli\u00f5es do que esper\u00e1vamos, mas ainda assim a quantidade atenderia. Eu assumo que tivemos problemas pontuais. Um dos fornecedores nos deixou na m\u00e3o. E n\u00f3s nos desdobramos. \u00c0s vezes o banheiro chegou um pouco atrasado, pela quest\u00e3o da log\u00edstica, da higieniza\u00e7\u00e3o. Mas foram problemas pontuais&#8221;, segundo ele.<\/p>\n<p>Os dados relacionados a seguran\u00e7a, que j\u00e1 haviam sido divulgados pela Pol\u00edcia Militar ontem (2), foram novamente reapresentados. Em compara\u00e7\u00e3o com o carnaval de 2016, houve redu\u00e7\u00e3o de 43% na criminalidade violenta: de 874, no carnaval de 2016, para 499. Os roubos tamb\u00e9m ca\u00edram: de 825 para 481.<\/p>\n<p>O secret\u00e1rio municipal de Seguran\u00e7a P\u00fablica e Preven\u00e7\u00e3o, Cl\u00e1udio Beato, destacou a contribui\u00e7\u00e3o da sociedade. &#8220;Tivemos apenas uma ocorr\u00eancia mais not\u00e1vel de crime de g\u00eanero, e o acusado est\u00e1 tendo que se explicar hoje [sexta-feira] na delegacia. O trabalho das for\u00e7as de seguran\u00e7a foi muito positivo. Mas n\u00e3o foi s\u00f3 ele. A sociedade tamb\u00e9m estava mobilizada e preparada para lidar com esse tipo de ocorr\u00eancia&#8221;, disse.<\/p>\n<p>Ele se referia ao caso em que uma mulher foi assediada e recebeu uma cabe\u00e7ada no nariz. A v\u00edtima e testemunhas reconheceram e identificaram o agressor em fotos nas redes sociais. O combate ao ass\u00e9dio havia sido tema de uma campanha e uma marchinha lan\u00e7ada por foli\u00e3s de Belo Horizonte.<\/p>\n<p>Com o ferimento no nariz, a mulher precisou ir a uma unidade hospitalar, sendo uma das 349 pessoas atendidas durante o carnaval da capital mineira. Nenhum dos casos, por\u00e9m, foi considerado grave.<\/p>\n<p><strong>VER PRIMEIRO<\/strong><\/p>\n<p><strong>Receba as not\u00edcias do Aconteceu no Vale em primeira m\u00e3o. Clique em curtir no endere\u00e7o <a href=\"https:\/\/www.facebook.com\/aconteceunovale\" target=\"_blank\"><font color=\"red\">www.facebook.com\/aconteceunovale<\/font><\/a> ou no box abaixo:<\/strong><\/p>\n<div class=\"fb-like\" data-href=\"https:\/\/www.facebook.com\/aconteceunovale\" data-width=\"120\" data-layout=\"standard\" data-action=\"like\" data-size=\"small\" data-show-faces=\"true\" data-share=\"true\"><\/div>\n<p><\/br><\/p>\n<p><em>(Fonte: Ag\u00eancia Brasil)<\/em><\/p>\n","protected":false},"excerpt":{"rendered":"<p>O carnaval de Belo Horizonte movimentou pelo menos R$ 514 milh\u00f5es, segundo divulgou na sexta-feira (3) a Empresa Municipal de Turismo (Belotur). Os valores foram calculados levando em conta a despesa m\u00e9dia di\u00e1ria dos foli\u00f5es, mas ainda sem considerar os gastos com hospedagem e transporte. Por esta raz\u00e3o, Aluizer Malab, presidente da Belotur, acredita que [&hellip;]<\/p>\n","protected":false},"author":1,"featured_media":109762,"comment_status":"open","ping_status":"closed","sticky":false,"template":"","format":"standard","meta":{"amp_status":"","footnotes":""},"categories":[125,123],"tags":[194,1017,135651,139390,139391,30519,33249,139389,141126,140791,140795,1018,47713,135895,139640,140789,140794,140792,128565,140786,140785,140793,140787,140788,140790],"class_list":["post-109832","post","type-post","status-publish","format-standard","has-post-thumbnail","hentry","category-noticias","category-gerais","tag-belo-horizonte","tag-bh","tag-carnaval-2017","tag-carnaval-2017-em-belo-horizonte","tag-carnaval-2017-em-bh","tag-carnaval-de-belo-horizonte","tag-carnaval-em-belo-horizonte","tag-carnaval-em-bh","tag-carnaval-movimentou-mais-de-r-500-milhoes-em-bh","tag-carnavalia","tag-carnivalia","tag-destaque","tag-febre-amarela","tag-febre-amarela-em-belo-horizonte","tag-febre-amarela-em-bh","tag-febre-amarela-parque-das-mangabeiras","tag-fechado","tag-local-do-carnavalia","tag-parque-das-mangabeiras","tag-parque-que-receberia-evento-de-carnaval-em-bh","tag-parque-que-receberia-evento-de-carnaval-em-bh-e-fechado-devido-a-febre-amarela","tag-proibicao-de-eventos-no-parque-das-mangabeiras","tag-suspeita-de-febre-amarela-em-belo-horizonte","tag-suspeita-de-febre-amarela-em-bh","tag-suspeita-de-febre-amarela-parque-das-mangabeiras"],"_links":{"self":[{"href":"https:\/\/aconteceunovale.com.br\/portal\/index.php?rest_route=\/wp\/v2\/posts\/109832","targetHints":{"allow":["GET"]}}],"collection":[{"href":"https:\/\/aconteceunovale.com.br\/portal\/index.php?rest_route=\/wp\/v2\/posts"}],"about":[{"href":"https:\/\/aconteceunovale.com.br\/portal\/index.php?rest_route=\/wp\/v2\/types\/post"}],"author":[{"embeddable":true,"href":"https:\/\/aconteceunovale.com.br\/portal\/index.php?rest_route=\/wp\/v2\/users\/1"}],"replies":[{"embeddable":true,"href":"https:\/\/aconteceunovale.com.br\/portal\/index.php?rest_route=%2Fwp%2Fv2%2Fcomments&post=109832"}],"version-history":[{"count":0,"href":"https:\/\/aconteceunovale.com.br\/portal\/index.php?rest_route=\/wp\/v2\/posts\/109832\/revisions"}],"wp:featuredmedia":[{"embeddable":true,"href":"https:\/\/aconteceunovale.com.br\/portal\/index.php?rest_route=\/wp\/v2\/media\/109762"}],"wp:attachment":[{"href":"https:\/\/aconteceunovale.com.br\/portal\/index.php?rest_route=%2Fwp%2Fv2%2Fmedia&parent=109832"}],"wp:term":[{"taxonomy":"category","embeddable":true,"href":"https:\/\/aconteceunovale.com.br\/portal\/index.php?rest_route=%2Fwp%2Fv2%2Fcategories&post=109832"},{"taxonomy":"post_tag","embeddable":true,"href":"https:\/\/aconteceunovale.com.br\/portal\/index.php?rest_route=%2Fwp%2Fv2%2Ftags&post=109832"}],"curies":[{"name":"wp","href":"https:\/\/api.w.org\/{rel}","templated":true}]}}