{"id":109827,"date":"2017-03-05T06:59:59","date_gmt":"2017-03-05T08:59:59","guid":{"rendered":"http:\/\/aconteceunovale.com.br\/portal\/?p=109827"},"modified":"2017-03-05T07:01:06","modified_gmt":"2017-03-05T09:01:06","slug":"se-a-reforma-da-previdencia-nao-sair-tchau-bolsa-familia-adeus-fies-ameaca-pmdb","status":"publish","type":"post","link":"https:\/\/aconteceunovale.com.br\/portal\/?p=109827","title":{"rendered":"&#8220;Se a Reforma da Previd\u00eancia n\u00e3o sair, tchau Bolsa Fam\u00edlia, adeus Fies&#8221;, amea\u00e7a PMDB"},"content":{"rendered":"<p>O PMDB lan\u00e7ou nessa sexta-feira, nas redes sociais, uma campanha em defesa da reforma da Previd\u00eancia na qual relaciona um eventual fracasso da iniciativa ao fim de programas sociais federais. \u201cSe a reforma da Previd\u00eancia n\u00e3o sair, tchau Bolsa Fam\u00edlia, adeus Fies, sem novas estradas, acabam programas sociais\u201d, diz um post divulgado na rede digital do partido.<\/p>\n<p>O material foi produzido pela ag\u00eancia Benjamim Digital, do marqueteiro Lula Guimar\u00e3es. Depois de comandar a comunica\u00e7\u00e3o da campanha vitoriosa do tucano Jo\u00e3o Doria em S\u00e3o Paulo no ano passado, ele foi contratado pelo PMDB.<\/p>\n<p>A iniciativa foi tomada ap\u00f3s o Pal\u00e1cio do Planalto detectar forte resist\u00eancia \u00e0 reforma no Congresso Nacional. Estudos de intelig\u00eancia de rede e monitoramento de internet feitos pela legenda detectaram um predom\u00ednio da narrativa da oposi\u00e7\u00e3o no debate virtual. O pedido do PMDB aos especialistas foi adotar um tom \u201cmais pesado\u201d para colocar o outro lado da moeda \u201cem evid\u00eancia\u201d.<\/p>\n<p>Procurado pela reportagem, o l\u00edder do PMDB na C\u00e2mara, deputado Baleia Rossi (PMDB-SP), disse que n\u00e3o tinha conhecimento da campanha, mas apoiou a iniciativa. \u201cPrecisamos garantir a perpetuidade do sistema da Previd\u00eancia. O nosso d\u00e9ficit \u00e9 de R$ 150 bilh\u00f5es e s\u00f3 aumenta. O compromisso do PMDB \u00e9 sempre ajudar o governo a acabar com a crise e promover a retomada dos postos de trabalho. N\u00e3o tive conhecimento dessa postagem mas essa \u00e9 nossa posi\u00e7\u00e3o frente as reformas.\u201d<\/p>\n<p>O PT reagiu \u00e0 estrat\u00e9gia divulgando o material e acusando os advers\u00e1rios de desespero. \u201c\u00c9 uma campanha terrorista. Eles aprovaram aquela PEC 55 (do Teto) e agora est\u00e3o desesperados porque precisam aprovar a reforma da Previd\u00eancia, que \u00e9 um verdadeiro atentado contra os mais pobres\u201d, diz Carlos Zarattini (SP), l\u00edder do PT na C\u00e2mara. \u201cCom isso, querem fazer os pobres optarem entre aposentadoria ou programas sociais.\u201d<\/p>\n<p>A ofensiva do PMDB se choca com as reiteradas promessas do presidente Michel Temer, de que na gest\u00e3o dele os programas sociais n\u00e3o ser\u00e3o extintos. Em 2016, o presidente enviou uma carta ao Congresso Nacional na qual disse que os programas sociais s\u00e3o \u201cprioridade\u201d do governo.<\/p>\n<p>\u201cO governo continua atuando ativamente para fortalecer os programas sociais. Estamos honrando os compromissos que n\u00e3o foram cumpridos no governo anterior e liberando a segunda parcela do que deveria ter sido pago em 2015\u201d, disse a mensagem presidencial. O presidente disse, ainda, que o Poder Executivo trabalha \u201cincessantemente\u201d para que as fam\u00edlias tenham melhora na renda. O discurso oficial \u00e9 que em nenhuma hip\u00f3tese programas como o Bolsa Fam\u00edlia, Pronatec e Minha Casa, Minha Vida ser\u00e3o extintos.<\/p>\n<p>A reforma da Previd\u00eancia tamb\u00e9m ser\u00e1 um dos temas centrais da propaganda partid\u00e1ria do partido na TV, que ser\u00e1 exibido no dia 30 de mar\u00e7o, com Michel Temer de protagonista. Ser\u00e1 o primeiro programa do PMDB exibido em sua gest\u00e3o. A ideia \u00e9 aproveitar o espa\u00e7o para vender a imagem de \u201creformista\u201d, mas tamb\u00e9m exaltar uma \u201cagenda positiva\u201d do governo. A pe\u00e7a de resist\u00eancia ser\u00e1 o saque das contas inativas do Fundo de Garantia do Tempo de Servi\u00e7o (FGTS), vista como a medida mais popular da sua administra\u00e7\u00e3o at\u00e9 agora. <\/p>\n<p><img decoding=\"async\" src=\"http:\/\/aconteceunovale.com.br\/portal\/wp-content\/uploads\/2017\/03\/ameaca_pmd.jpg\" alt=\"\" \/><em>Campanha do PMDB tem tom amea\u00e7ador (Foto: Reprodu\u00e7\u00e3o Facebook)<\/em><br \/>\n<\/br><\/p>\n<p><strong>VER PRIMEIRO<\/strong><\/p>\n<p><strong>Receba as not\u00edcias do Aconteceu no Vale em primeira m\u00e3o. Clique em curtir no endere\u00e7o <a href=\"https:\/\/www.facebook.com\/aconteceunovale\" target=\"_blank\"><font color=\"red\">www.facebook.com\/aconteceunovale<\/font><\/a> ou no box abaixo:<\/strong><\/p>\n<div class=\"fb-like\" data-href=\"https:\/\/www.facebook.com\/aconteceunovale\" data-width=\"120\" data-layout=\"standard\" data-action=\"like\" data-size=\"small\" data-show-faces=\"true\" data-share=\"true\"><\/div>\n<p><\/br><\/p>\n<p><em>(Fonte: Ag\u00eancia Estado\/R\u00e1dio Itatiaia)<\/em><\/p>\n","protected":false},"excerpt":{"rendered":"<p>O PMDB lan\u00e7ou nessa sexta-feira, nas redes sociais, uma campanha em defesa da reforma da Previd\u00eancia na qual relaciona um eventual fracasso da iniciativa ao fim de programas sociais federais. \u201cSe a reforma da Previd\u00eancia n\u00e3o sair, tchau Bolsa Fam\u00edlia, adeus Fies, sem novas estradas, acabam programas sociais\u201d, diz um post divulgado na rede digital [&hellip;]<\/p>\n","protected":false},"author":1,"featured_media":109828,"comment_status":"open","ping_status":"closed","sticky":false,"template":"","format":"standard","meta":{"amp_status":"","footnotes":""},"categories":[6],"tags":[141056,141124,141125,141060,141059,18096,141057,141058,59559,141055,110209,141054,141053],"class_list":["post-109827","post","type-post","status-publish","format-standard","has-post-thumbnail","hentry","category-br","tag-a-proposta-de-reforma-da-previdencia-estabelece-mudancas-significativas-para-alguns-grupos-da-populacao","tag-ameaca-do-pmdb","tag-campanha-pmdb-reforma-da-previdencia","tag-impactos-com-a-reforma-da-previdencia","tag-o-que-vai-acontecer-se-aprovada-a-reforma-da-previdencia","tag-pmdb","tag-prejuizos","tag-prejuizos-com-a-reforma-da-previdencia","tag-previdencia","tag-proposta-de-reforma-da-previdencia","tag-reforma-da-previdencia","tag-reforma-da-previdencia-mudara-radicalmente-aposentadorias-por-deficiencia","tag-reforma-da-previdencia-mudara-radicalmente-aposentadorias-por-invalidez-e-por-deficiencia"],"_links":{"self":[{"href":"https:\/\/aconteceunovale.com.br\/portal\/index.php?rest_route=\/wp\/v2\/posts\/109827","targetHints":{"allow":["GET"]}}],"collection":[{"href":"https:\/\/aconteceunovale.com.br\/portal\/index.php?rest_route=\/wp\/v2\/posts"}],"about":[{"href":"https:\/\/aconteceunovale.com.br\/portal\/index.php?rest_route=\/wp\/v2\/types\/post"}],"author":[{"embeddable":true,"href":"https:\/\/aconteceunovale.com.br\/portal\/index.php?rest_route=\/wp\/v2\/users\/1"}],"replies":[{"embeddable":true,"href":"https:\/\/aconteceunovale.com.br\/portal\/index.php?rest_route=%2Fwp%2Fv2%2Fcomments&post=109827"}],"version-history":[{"count":0,"href":"https:\/\/aconteceunovale.com.br\/portal\/index.php?rest_route=\/wp\/v2\/posts\/109827\/revisions"}],"wp:featuredmedia":[{"embeddable":true,"href":"https:\/\/aconteceunovale.com.br\/portal\/index.php?rest_route=\/wp\/v2\/media\/109828"}],"wp:attachment":[{"href":"https:\/\/aconteceunovale.com.br\/portal\/index.php?rest_route=%2Fwp%2Fv2%2Fmedia&parent=109827"}],"wp:term":[{"taxonomy":"category","embeddable":true,"href":"https:\/\/aconteceunovale.com.br\/portal\/index.php?rest_route=%2Fwp%2Fv2%2Fcategories&post=109827"},{"taxonomy":"post_tag","embeddable":true,"href":"https:\/\/aconteceunovale.com.br\/portal\/index.php?rest_route=%2Fwp%2Fv2%2Ftags&post=109827"}],"curies":[{"name":"wp","href":"https:\/\/api.w.org\/{rel}","templated":true}]}}