{"id":109825,"date":"2017-03-04T10:21:51","date_gmt":"2017-03-04T12:21:51","guid":{"rendered":"http:\/\/aconteceunovale.com.br\/portal\/?p=109825"},"modified":"2017-03-04T10:21:51","modified_gmt":"2017-03-04T12:21:51","slug":"minas-gerais-confirma-99-mortes-por-febre-amarela","status":"publish","type":"post","link":"https:\/\/aconteceunovale.com.br\/portal\/?p=109825","title":{"rendered":"Minas Gerais confirma 99 mortes por febre amarela"},"content":{"rendered":"<p>A Secretaria de Sa\u00fade de Minas Gerais (SES-MG) publicou na tarde de ontem (3) mais um boletim epidemiol\u00f3gico com dados sobre a  febre amarela no estado. S\u00e3o 99 mortes com confirma\u00e7\u00e3o para a doen\u00e7a, nas quais 87,8% envolvem v\u00edtimas do sexo masculino com m\u00e9dia de idade de 45 anos. Outros 82 \u00f3bitos seguem em investiga\u00e7\u00e3o.<\/p>\n<p>Ao todo, o estado contabiliza 1.063 notifica\u00e7\u00f5es, das quais 57 foram descartadas e 260 casos confirmados. Os boletins da SES-MG est\u00e3o sendo divulgados \u00e0s ter\u00e7as e sextas-feiras. O atual surto \u00e9 considerado o maior no Brasil desde 1980, quando o Minist\u00e9rio da Sa\u00fade passou a disponibilizar dados da s\u00e9rie hist\u00f3rica. At\u00e9 ent\u00e3o, o ano com a situa\u00e7\u00e3o mais grave havia ocorrido em 2000, quando morreram 40 pessoas.<\/p>\n<p>O total de munic\u00edpios mineiros com casos confirmados de infec\u00e7\u00e3o \u00e9 46. Outras 88 cidades possuem casos suspeitos. Os quadros mais preocupantes s\u00e3o os de Ladainha, Novo Cruzeiro e Caratinga. Nestas cidades j\u00e1 houve, respectivamente, 30, 24 e 23 confirma\u00e7\u00f5es de febre amarela.<\/p>\n<p>Belo Horizonte ainda n\u00e3o possui nenhuma notifica\u00e7\u00e3o de infec\u00e7\u00e3o em humanos, mas registrou resultado positivo na an\u00e1lise de macacos encontrados mortos . H\u00e1 algumas semanas, a Secretaria de Sa\u00fade da capital mineira informou que cinco moradores foram internados  e  j\u00e1 receberam alta. No entanto, todos eles estiveram em \u00e1reas afetadas pelo surto e a hip\u00f3tese trabalhada \u00e9 uma poss\u00edvel infec\u00e7\u00e3o em outros munic\u00edpios.<\/p>\n<p>A febre amarela atinge humanos e macacos.  A doen\u00e7a \u00e9 causada por um v\u00edrus da fam\u00edlia Flaviviridae e ocorre em alguns pa\u00edses da Am\u00e9rica do Sul, Am\u00e9rica Central e \u00c1frica. No meio rural e silvestre, ela \u00e9 transmitida pelo mosquito Haemagogus. Em \u00e1rea urbana, o vetor \u00e9 o Aedes aegypti, o mesmo da dengue, do v\u00edrus Zika e da febre chikungunya. Segundo o Minist\u00e9rio da Sa\u00fade, a transmiss\u00e3o da febre amarela no Brasil n\u00e3o ocorre em \u00e1reas urbanas desde 1942. At\u00e9 o momento, nenhum dos casos em Minas Gerais s\u00e3o considerados urbanos pelos \u00f3rg\u00e3os p\u00fablicos.<\/p>\n<p>A principal medida de combate \u00e0 doen\u00e7a \u00e9 a vacina\u00e7\u00e3o da popula\u00e7\u00e3o. O imunizante \u00e9 ofertado gratuitamente nos postos de sa\u00fade por meio do Sistema \u00danico de Sa\u00fade. A aplica\u00e7\u00e3o ocorre em dose \u00fanica, devendo ser refor\u00e7ada ap\u00f3s dez anos. No caso de crian\u00e7as, o Minist\u00e9rio da Sa\u00fade recomenda a administra\u00e7\u00e3o de uma dose aos 9 meses e um refor\u00e7o aos 4 anos.<\/p>\n<p><strong>VER PRIMEIRO<\/strong><\/p>\n<p><strong>Receba as not\u00edcias do Aconteceu no Vale em primeira m\u00e3o. Clique em curtir no endere\u00e7o <a href=\"https:\/\/www.facebook.com\/aconteceunovale\" target=\"_blank\"><font color=\"red\">www.facebook.com\/aconteceunovale<\/font><\/a> ou no box abaixo:<\/strong><\/p>\n<div class=\"fb-like\" data-href=\"https:\/\/www.facebook.com\/aconteceunovale\" data-width=\"120\" data-layout=\"standard\" data-action=\"like\" data-size=\"small\" data-show-faces=\"true\" data-share=\"true\"><\/div>\n<p><\/br><\/p>\n<p><em>(Ag\u00eancia Brasil)<\/em><\/p>\n","protected":false},"excerpt":{"rendered":"<p>A Secretaria de Sa\u00fade de Minas Gerais (SES-MG) publicou na tarde de ontem (3) mais um boletim epidemiol\u00f3gico com dados sobre a febre amarela no estado. S\u00e3o 99 mortes com confirma\u00e7\u00e3o para a doen\u00e7a, nas quais 87,8% envolvem v\u00edtimas do sexo masculino com m\u00e9dia de idade de 45 anos. Outros 82 \u00f3bitos seguem em investiga\u00e7\u00e3o. [&hellip;]<\/p>\n","protected":false},"author":1,"featured_media":107193,"comment_status":"open","ping_status":"closed","sticky":false,"template":"","format":"standard","meta":{"amp_status":"","footnotes":""},"categories":[123,40242],"tags":[141122,237,141121,135063,47713,135064,344,141119,33341,135209,136571,175,141123,13553,52113,99819,141120,135893],"class_list":["post-109825","post","type-post","status-publish","format-standard","has-post-thumbnail","hentry","category-gerais","category-saude-2","tag-boletim-epidemiologico-com-dados-sobre-a-febre-amarela-em-minas-gerais","tag-caratinga","tag-casos-de-febre-amarela","tag-casos-de-febre-amarela-em-minas-gerais","tag-febre-amarela","tag-febre-amarela-em-minas-gerais","tag-ladainha","tag-minas-gerais-confirma-99-mortes-por-febre-amarela","tag-mortes","tag-mortes-por-febre-amarela","tag-mortes-por-febre-amarela-em-minas-gerais","tag-novo-cruzeiro","tag-novo-cruzeiro-e-caratinga","tag-secretaria-de-saude-de-minas-gerais","tag-ses-mg","tag-surto","tag-vitimas-da-febre-amarela","tag-vitimas-da-febre-amarela-em-minas-gerais"],"_links":{"self":[{"href":"https:\/\/aconteceunovale.com.br\/portal\/index.php?rest_route=\/wp\/v2\/posts\/109825","targetHints":{"allow":["GET"]}}],"collection":[{"href":"https:\/\/aconteceunovale.com.br\/portal\/index.php?rest_route=\/wp\/v2\/posts"}],"about":[{"href":"https:\/\/aconteceunovale.com.br\/portal\/index.php?rest_route=\/wp\/v2\/types\/post"}],"author":[{"embeddable":true,"href":"https:\/\/aconteceunovale.com.br\/portal\/index.php?rest_route=\/wp\/v2\/users\/1"}],"replies":[{"embeddable":true,"href":"https:\/\/aconteceunovale.com.br\/portal\/index.php?rest_route=%2Fwp%2Fv2%2Fcomments&post=109825"}],"version-history":[{"count":0,"href":"https:\/\/aconteceunovale.com.br\/portal\/index.php?rest_route=\/wp\/v2\/posts\/109825\/revisions"}],"wp:featuredmedia":[{"embeddable":true,"href":"https:\/\/aconteceunovale.com.br\/portal\/index.php?rest_route=\/wp\/v2\/media\/107193"}],"wp:attachment":[{"href":"https:\/\/aconteceunovale.com.br\/portal\/index.php?rest_route=%2Fwp%2Fv2%2Fmedia&parent=109825"}],"wp:term":[{"taxonomy":"category","embeddable":true,"href":"https:\/\/aconteceunovale.com.br\/portal\/index.php?rest_route=%2Fwp%2Fv2%2Fcategories&post=109825"},{"taxonomy":"post_tag","embeddable":true,"href":"https:\/\/aconteceunovale.com.br\/portal\/index.php?rest_route=%2Fwp%2Fv2%2Ftags&post=109825"}],"curies":[{"name":"wp","href":"https:\/\/api.w.org\/{rel}","templated":true}]}}