{"id":109823,"date":"2017-03-04T10:10:59","date_gmt":"2017-03-04T12:10:59","guid":{"rendered":"http:\/\/aconteceunovale.com.br\/portal\/?p=109823"},"modified":"2017-03-04T10:10:59","modified_gmt":"2017-03-04T12:10:59","slug":"ministerio-da-saude-anuncia-ampliacao-de-publico-alvo-para-seis-vacinas","status":"publish","type":"post","link":"https:\/\/aconteceunovale.com.br\/portal\/?p=109823","title":{"rendered":"Minist\u00e9rio da Sa\u00fade anuncia amplia\u00e7\u00e3o de p\u00fablico alvo para seis vacinas"},"content":{"rendered":"<p>O Minist\u00e9rio da Sa\u00fade anunciou ontem (3) a amplia\u00e7\u00e3o do p\u00fablico-alvo para seis doses que integram o Calend\u00e1rio Nacional de Vacina\u00e7\u00e3o &#8211; tr\u00edplice viral, tetra viral, dTpa adulto, HPV, meningoc\u00f3cica C e hepatite A.<\/p>\n<p>As mudan\u00e7as, segundo a pasta, t\u00eam como objetivo aumentar a prote\u00e7\u00e3o de crian\u00e7as, garantindo elevada cobertura vacinal, al\u00e9m de ampliar a imunidade de adolescentes e diminuir a circula\u00e7\u00e3o de doen\u00e7as na popula\u00e7\u00e3o.<\/p>\n<p>&#8220;N\u00e3o adianta a vacina estar dispon\u00edvel no posto de sa\u00fade. \u00c9 necess\u00e1rio que pelo menos 95% das crian\u00e7as do munic\u00edpio recebam a dose&#8221;, destacou a coordenadora do Programa Nacional de Imuniza\u00e7\u00f5es, Carla Domingues.<\/p>\n<p>Entre os adultos, a meta \u00e9 manter a elimina\u00e7\u00e3o do sarampo e da rub\u00e9ola e diminuir o n\u00famero de casos de caxumba e coqueluche.<\/p>\n<p><strong>Confira como fica a aplica\u00e7\u00e3o das seis vacinas ap\u00f3s as altera\u00e7\u00f5es:<\/strong><\/p>\n<p>&#8211; Hepatite A: passa a ser disponibilizada para crian\u00e7as at\u00e9 5 anos. Antes, a idade m\u00e1xima era 2 anos. A vacina, segundo o minist\u00e9rio, \u00e9 considerada altamente eficaz, com taxas de soroconvers\u00e3o de 94% a 100%.<\/p>\n<p>&#8211; tetra viral (sarampo, caxumba, rub\u00e9ola e varicela): este ano, para crian\u00e7as, h\u00e1 amplia\u00e7\u00e3o da oferta da dose, que passa a ser administrada de 15 meses at\u00e9 4 anos. Antes, a aplica\u00e7\u00e3o era feita entre 15 meses e menores de 2 anos. A recomenda\u00e7\u00e3o \u00e9 uma primeira dose da tr\u00edplice viral (sarampo, caxumba e rub\u00e9ola) aos 12 meses e uma segunda dose a tetra viral aos 15 meses.<\/p>\n<p>&#8211; HPV: a partir de 2017, ser\u00e1 ofertada tamb\u00e9m para meninos. Desde 2014, a dose \u00e9 oferecida a meninas de 9 a 13 anos. No pr\u00f3ximo ano, p\u00fablico alvo vai incluir ainda meninas de 14 anos. Este ano, al\u00e9m dos meninos, a vacina ser\u00e1 oferecida a homens que vivem com HIV e aids entre 9 e 26 anos e para imunodeprimidos, como transplantados e pacientes oncol\u00f3gicos.<\/p>\n<p>&#8211; meningoc\u00f3cica C: passa a ser disponibilizada para adolescentes de 12 e 13 anos. A faixa et\u00e1ria ser\u00e1 ampliada gradativamente at\u00e9 2020, quando ser\u00e3o inclu\u00eddos crian\u00e7as e adolescentes de 9 a 13 anos. O esquema vacinal ser\u00e1 de um refor\u00e7o ou uma dose \u00fanica, conforme situa\u00e7\u00e3o vacinal.<\/p>\n<p>&#8211; dTpa adulto (difteria, t\u00e9tano e coqueluche): passa a ser recomendada para as gestantes a partir da 20\u00aa semana. As mulheres que perderam a oportunidade de se vacinar durante a gravidez devem receber a dose durante o puerp\u00e9rio (at\u00e9 40 dias ap\u00f3s o parto). A medida busca garantir que os beb\u00eas j\u00e1 nas\u00e7am protegidos contra a coqueluche por conta de anticorpos transferidos pela m\u00e3e ao feto frente a gesta\u00e7\u00e3o.<\/p>\n<p>&#8211; tr\u00edplice viral (sarampo, caxumba e rub\u00e9ola): este ano, ser\u00e1 introduzida a segunda dose da vacina para a popula\u00e7\u00e3o de 20 a 29 anos. Anteriormente, a segunda dose era aplicada apenas em pessoas com at\u00e9 19 anos. A mudan\u00e7a leva em considera\u00e7\u00e3o surtos de caxumba registrados nos \u00faltimos anos no pa\u00eds, sobretudo entre adolescentes e adultos jovens. As duas doses passam a ser indicadas para pessoas de 12 meses a 29 anos. Para adultos de 30 a 49 anos, permanece a indica\u00e7\u00e3o de apenas uma dose.<\/p>\n<p><strong>Calend\u00e1rio<\/strong><\/p>\n<p>Atualmente, s\u00e3o ofertadas gratuitamente via Sistema \u00danico de Sa\u00fade (SUS) 19 vacinas recomendaras pela Organiza\u00e7\u00e3o Mundial da Sa\u00fade. Por ano, s\u00e3o disponibilizadas na rede p\u00fablica cerca de 300 milh\u00f5es de doses de imunobiol\u00f3gicos que combatem mais de 20 doen\u00e7as.<\/p>\n<p>De acordo com o ministro da Sa\u00fade, Ricardo Barros, a previs\u00e3o de investimentos na \u00e1rea, em 2017, \u00e9 da ordem de R$ 3,9 bilh\u00f5es. &#8220;Com este calend\u00e1rio ampliado, al\u00e9m de incluir novas doses, estamos permitindo que elas sejam tomadas em um per\u00edodo maior. O objetivo \u00e9 que um maior percentual da popula\u00e7\u00e3o esteja imunizada&#8221;, disse.<\/p>\n<p>Segundo ele, as altera\u00e7\u00f5es s\u00f3 foram poss\u00edveis em raz\u00e3o de uma economia de R$ 66,5 milh\u00f5es obtida a partir da negocia\u00e7\u00e3o de tr\u00eas vacinas: hepatite B, HPV e dTpa. Barros disse ainda que a efici\u00eancia de gest\u00e3o tamb\u00e9m garantiu a compra de 11,5 milh\u00f5es de doses extras da vacina contra a febre amarela.<\/p>\n<p><strong>VER PRIMEIRO<\/strong><\/p>\n<p><strong>Receba as not\u00edcias do Aconteceu no Vale em primeira m\u00e3o. Clique em curtir no endere\u00e7o <a href=\"https:\/\/www.facebook.com\/aconteceunovale\" target=\"_blank\"><font color=\"red\">www.facebook.com\/aconteceunovale<\/font><\/a> ou no box abaixo:<\/strong><\/p>\n<div class=\"fb-like\" data-href=\"https:\/\/www.facebook.com\/aconteceunovale\" data-width=\"120\" data-layout=\"standard\" data-action=\"like\" data-size=\"small\" data-show-faces=\"true\" data-share=\"true\"><\/div>\n<p><\/br><\/p>\n<p><em>(Ag\u00eancia Brasil)<\/em><\/p>\n","protected":false},"excerpt":{"rendered":"<p>O Minist\u00e9rio da Sa\u00fade anunciou ontem (3) a amplia\u00e7\u00e3o do p\u00fablico-alvo para seis doses que integram o Calend\u00e1rio Nacional de Vacina\u00e7\u00e3o &#8211; tr\u00edplice viral, tetra viral, dTpa adulto, HPV, meningoc\u00f3cica C e hepatite A. As mudan\u00e7as, segundo a pasta, t\u00eam como objetivo aumentar a prote\u00e7\u00e3o de crian\u00e7as, garantindo elevada cobertura vacinal, al\u00e9m de ampliar a [&hellip;]<\/p>\n","protected":false},"author":1,"featured_media":106334,"comment_status":"open","ping_status":"closed","sticky":false,"template":"","format":"standard","meta":{"amp_status":"","footnotes":""},"categories":[6,40242],"tags":[141118,141117,141111,133749,141114,64181,24306,141115,141116,19152,141113,141112,47710],"class_list":["post-109823","post","type-post","status-publish","format-standard","has-post-thumbnail","hentry","category-br","category-saude-2","tag-alteracao-no-calendario-nacional-de-vacinacao","tag-ampliacao-do-calendario-nacional-de-vacinacao","tag-calendario","tag-calendario-nacional-de-vacinacao","tag-dtpa-adulto","tag-hepatite-a","tag-hpv","tag-meningococica-c","tag-ministerio-da-saude-anuncia-ampliacao-de-publico-alvo-para-seis-vacinas","tag-saude","tag-tetra-viral","tag-triplice-viral","tag-vacinas"],"_links":{"self":[{"href":"https:\/\/aconteceunovale.com.br\/portal\/index.php?rest_route=\/wp\/v2\/posts\/109823","targetHints":{"allow":["GET"]}}],"collection":[{"href":"https:\/\/aconteceunovale.com.br\/portal\/index.php?rest_route=\/wp\/v2\/posts"}],"about":[{"href":"https:\/\/aconteceunovale.com.br\/portal\/index.php?rest_route=\/wp\/v2\/types\/post"}],"author":[{"embeddable":true,"href":"https:\/\/aconteceunovale.com.br\/portal\/index.php?rest_route=\/wp\/v2\/users\/1"}],"replies":[{"embeddable":true,"href":"https:\/\/aconteceunovale.com.br\/portal\/index.php?rest_route=%2Fwp%2Fv2%2Fcomments&post=109823"}],"version-history":[{"count":0,"href":"https:\/\/aconteceunovale.com.br\/portal\/index.php?rest_route=\/wp\/v2\/posts\/109823\/revisions"}],"wp:featuredmedia":[{"embeddable":true,"href":"https:\/\/aconteceunovale.com.br\/portal\/index.php?rest_route=\/wp\/v2\/media\/106334"}],"wp:attachment":[{"href":"https:\/\/aconteceunovale.com.br\/portal\/index.php?rest_route=%2Fwp%2Fv2%2Fmedia&parent=109823"}],"wp:term":[{"taxonomy":"category","embeddable":true,"href":"https:\/\/aconteceunovale.com.br\/portal\/index.php?rest_route=%2Fwp%2Fv2%2Fcategories&post=109823"},{"taxonomy":"post_tag","embeddable":true,"href":"https:\/\/aconteceunovale.com.br\/portal\/index.php?rest_route=%2Fwp%2Fv2%2Ftags&post=109823"}],"curies":[{"name":"wp","href":"https:\/\/api.w.org\/{rel}","templated":true}]}}