{"id":109816,"date":"2017-03-04T09:38:46","date_gmt":"2017-03-04T11:38:46","guid":{"rendered":"http:\/\/aconteceunovale.com.br\/portal\/?p=109816"},"modified":"2017-03-04T09:38:46","modified_gmt":"2017-03-04T11:38:46","slug":"presidio-de-caratinga-inaugura-escaner-corporal","status":"publish","type":"post","link":"https:\/\/aconteceunovale.com.br\/portal\/?p=109816","title":{"rendered":"Pres\u00eddio de Caratinga inaugura esc\u00e2ner corporal"},"content":{"rendered":"<p>O Pres\u00eddio de Caratinga \u00e9 o primeiro da 12\u00aa Regi\u00e3o Integrada de Seguran\u00e7a P\u00fablica (Risp) a contar com o esc\u00e2ner corporal, que ser\u00e1 utilizado para revistas de visitantes, presos e colaboradores. O investimento, de aproximadamente R$150 mil, \u00e9 proveniente de recursos da conta de presta\u00e7\u00e3o pecuni\u00e1ria da Vara de Execu\u00e7\u00e3o Penal da Comarca. A aquisi\u00e7\u00e3o vai eliminar a revista vexat\u00f3ria, seguindo a linha de humaniza\u00e7\u00e3o do sistema de acordo com o Governo do Estado de Minas Gerais, por meio da Secretaria de Estado de Administra\u00e7\u00e3o Prisional (Seap).<\/p>\n<p>Al\u00e9m do conforto que ser\u00e1 proporcionado para os familiares de detentos e trabalhadores do pres\u00eddio, o esc\u00e2ner corporal tamb\u00e9m \u00e9 muito mais eficaz na detec\u00e7\u00e3o de materiais e objetos il\u00edcitos, como drogas e celulares, do que a revista convencional.<\/p>\n<p>Os funcion\u00e1rios passaram por um treinamento para manusear o aparelho. A unidade de Caratinga j\u00e1 tem banquetas, bast\u00f5es de raios-X, portal de detector de metais e o esc\u00e2ner de alimentos.<\/p>\n<p>O secret\u00e1rio de Estado de Administra\u00e7\u00e3o Prisional, Francisco Kupidlowski, esteve no pres\u00eddio para a solenidade de inaugura\u00e7\u00e3o. Segundo ele, a iniciativa refor\u00e7a o compromisso da Seap com a cidadania, um dos pilares para se fazer uma boa gest\u00e3o.<\/p>\n<p>\u201cEsse equipamento vai ajudar a unidade, seus colaboradores e funcion\u00e1rios de diversas formas. Melhorando o bem-estar de todos, auxiliando no trabalho dos agentes, entre outras vantagens. Afirmando assim o compromisso do Governo de Minas para melhorar a seguran\u00e7a. Com pequenas obras, podemos, sim, gerar grandes contribui\u00e7\u00f5es\u201d.<\/p>\n<p><img decoding=\"async\" src=\"http:\/\/aconteceunovale.com.br\/portal\/wp-content\/uploads\/2017\/03\/escaner_corporal.jpg\" alt=\"\" \/><em>Esc\u00e2ner \u00e9 muito mais eficaz na detec\u00e7\u00e3o de materiais il\u00edcitos (Omar Freire\/Imprensa MG)<\/em><br \/>\n<\/br><\/p>\n<p><strong>Aquisi\u00e7\u00e3o<\/strong><\/p>\n<p>O valor total empenhado pela Vara de Execu\u00e7\u00e3o Penal (VEP) foi de R$ 152 mil. Desse montante, R$ 8 mil foram destinados para a constru\u00e7\u00e3o da sala que abriga o equipamento. E o restante, para o pagamento do contrato de aluguel do equipamento, cuja mensalidade custa R$ 12 mil. Dez presos, da pr\u00f3pria unidade, trabalharam na obra de instala\u00e7\u00e3o do esc\u00e2ner.<\/p>\n<p>A contrata\u00e7\u00e3o do servi\u00e7o foi realizada gra\u00e7as a um projeto elaborado pelo Conselho da Comunidade e apresentado \u00e0 Vara de Execu\u00e7\u00f5es Penais (VEP). A ju\u00edza da VEP, Consuelo Silveira Neto, \u00e9 a respons\u00e1vel pela aprova\u00e7\u00e3o da demanda. De acordo com ela, a a\u00e7\u00e3o destaca a uni\u00e3o de esfor\u00e7os entre os poderes.<\/p>\n<p>\u201cA verba \u00e9 proveniente de pagamentos daquelas pessoas que cometeram delitos. Ent\u00e3o, usamos o dinheiro para prevenir a criminalidade e melhorar a seguran\u00e7a e a ressocializa\u00e7\u00e3o na nossa comarca. Caratinga, mais uma vez, \u00e9 exemplo do trabalho conjunto de todos para um bem comum\u201d.<\/p>\n<p>Essa \u00e9 a quarta parceria entre o pres\u00eddio e a VEP para melhorias no local. Com a verba disponibilizada pelo Judici\u00e1rio j\u00e1 foi poss\u00edvel a constru\u00e7\u00e3o de duas celas, que abrigam presos na triagem e no castigo; a cobertura parcial do p\u00e1tio de banho de sol, que trouxe mais conforto para os familiares em dias de visitas; e o fechamento lateral da unidade, que melhorou a seguran\u00e7a do pres\u00eddio.<\/p>\n<p>A unidade \u00e9 a 12\u00aa do Estado a contar com o equipamento, que est\u00e1 presente no Complexo Penitenci\u00e1rio Nelson Hungria, em Contagem; no Pres\u00eddio de S\u00e3o Joaquim de Bicas I e II; no Pres\u00eddio Inspetor Jos\u00e9 Martinho Drumond, Pres\u00eddio Ant\u00f4nio Dutra Ladeira, Complexo Penitenci\u00e1rio P\u00fablico Privado (os tr\u00eas em Ribeir\u00e3o das Neves); no Pres\u00eddio Professor Jacy de Assis e Penitenci\u00e1ria Professor Jo\u00e3o Pimenta da Veiga, em Uberl\u00e2ndia; Complexo Penitenci\u00e1rio Doutor Pio Canedo, em Par\u00e1 de Minas;  no Complexo Penitenci\u00e1rio de Linhares, que conta com tr\u00eas unidades; e no Centro de Remanejamento do Sistema Prisional (Ceresp) de Juiz de Fora.<\/p>\n<p><strong>Ressocializa\u00e7\u00e3o<\/strong><\/p>\n<p>A unidade tamb\u00e9m se destaca pelos projetos de ressocializa\u00e7\u00e3o, dos quais participam 40 detentos. Vinte pessoas privadas de liberdade estudam na escola instalada no local.<\/p>\n<p>H\u00e1 ainda oito reeducandos que trabalham na manuten\u00e7\u00e3o e horta da unidade, quatro custodiados e quatro detentos na entrega de alimentos nas galerias e, ainda, dois presos que auxiliam na cozinha. Todos os alimentos produzidos na horta s\u00e3o destinados a institui\u00e7\u00f5es de caridades da regi\u00e3o.<\/p>\n<p>O pres\u00eddio tamb\u00e9m conta com o projeto \u201cCosturando Liberdade\u201d, em que cinco detentos produzem cuecas para uma empresa da cidade. Lucas J\u00fanior da Silva \u00e9 um deles. Ele est\u00e1 h\u00e1 quatro meses costurando e n\u00e3o sabia nada do of\u00edcio antes de entrar na unidade.<\/p>\n<p>\u201cEu corto, costuro, etiqueto&#8230; E aprendi tudo com muita facilidade. Estou muito feliz aqui e mais ainda pela minha fam\u00edlia que est\u00e1 orgulhosa de mim. Desse jeito, eu posso ajud\u00e1-los com o sal\u00e1rio que recebo\u201d, diz Lucas.<\/p>\n<p><strong>VER PRIMEIRO<\/strong><\/p>\n<p><strong>Receba as not\u00edcias do Aconteceu no Vale em primeira m\u00e3o. Clique em curtir no endere\u00e7o <a href=\"https:\/\/www.facebook.com\/aconteceunovale\" target=\"_blank\"><font color=\"red\">www.facebook.com\/aconteceunovale<\/font><\/a> ou no box abaixo:<\/strong><\/p>\n<div class=\"fb-like\" data-href=\"https:\/\/www.facebook.com\/aconteceunovale\" data-width=\"120\" data-layout=\"standard\" data-action=\"like\" data-size=\"small\" data-show-faces=\"true\" data-share=\"true\"><\/div>\n<p><\/br><\/p>\n<p><em>(Fonte: TJMG)<\/em><\/p>\n","protected":false},"excerpt":{"rendered":"<p>O Pres\u00eddio de Caratinga \u00e9 o primeiro da 12\u00aa Regi\u00e3o Integrada de Seguran\u00e7a P\u00fablica (Risp) a contar com o esc\u00e2ner corporal, que ser\u00e1 utilizado para revistas de visitantes, presos e colaboradores. O investimento, de aproximadamente R$150 mil, \u00e9 proveniente de recursos da conta de presta\u00e7\u00e3o pecuni\u00e1ria da Vara de Execu\u00e7\u00e3o Penal da Comarca. A aquisi\u00e7\u00e3o [&hellip;]<\/p>\n","protected":false},"author":1,"featured_media":109817,"comment_status":"open","ping_status":"closed","sticky":false,"template":"","format":"standard","meta":{"amp_status":"","footnotes":""},"categories":[121],"tags":[237,141105,141103,141102,141104,99252,30606,141106,141101],"class_list":["post-109816","post","type-post","status-publish","format-standard","has-post-thumbnail","hentry","category-leste","tag-caratinga","tag-comarca-de-caratinga","tag-escaner-corporal-no-presidio-de-caratinga","tag-implantacao-de-escaner-corporal-no-presidio-de-caratinga","tag-juiz-consuelo-silveira-neto","tag-maria-alice-mendes-gomes","tag-presidio-de-caratinga","tag-presidio-de-caratinga-inaugura-escaner-corporal","tag-presidio-de-caratinga-recebeu-um-escaner-corporal"],"_links":{"self":[{"href":"https:\/\/aconteceunovale.com.br\/portal\/index.php?rest_route=\/wp\/v2\/posts\/109816","targetHints":{"allow":["GET"]}}],"collection":[{"href":"https:\/\/aconteceunovale.com.br\/portal\/index.php?rest_route=\/wp\/v2\/posts"}],"about":[{"href":"https:\/\/aconteceunovale.com.br\/portal\/index.php?rest_route=\/wp\/v2\/types\/post"}],"author":[{"embeddable":true,"href":"https:\/\/aconteceunovale.com.br\/portal\/index.php?rest_route=\/wp\/v2\/users\/1"}],"replies":[{"embeddable":true,"href":"https:\/\/aconteceunovale.com.br\/portal\/index.php?rest_route=%2Fwp%2Fv2%2Fcomments&post=109816"}],"version-history":[{"count":0,"href":"https:\/\/aconteceunovale.com.br\/portal\/index.php?rest_route=\/wp\/v2\/posts\/109816\/revisions"}],"wp:featuredmedia":[{"embeddable":true,"href":"https:\/\/aconteceunovale.com.br\/portal\/index.php?rest_route=\/wp\/v2\/media\/109817"}],"wp:attachment":[{"href":"https:\/\/aconteceunovale.com.br\/portal\/index.php?rest_route=%2Fwp%2Fv2%2Fmedia&parent=109816"}],"wp:term":[{"taxonomy":"category","embeddable":true,"href":"https:\/\/aconteceunovale.com.br\/portal\/index.php?rest_route=%2Fwp%2Fv2%2Fcategories&post=109816"},{"taxonomy":"post_tag","embeddable":true,"href":"https:\/\/aconteceunovale.com.br\/portal\/index.php?rest_route=%2Fwp%2Fv2%2Ftags&post=109816"}],"curies":[{"name":"wp","href":"https:\/\/api.w.org\/{rel}","templated":true}]}}