{"id":109813,"date":"2017-03-04T09:07:15","date_gmt":"2017-03-04T11:07:15","guid":{"rendered":"http:\/\/aconteceunovale.com.br\/portal\/?p=109813"},"modified":"2017-03-04T09:07:15","modified_gmt":"2017-03-04T11:07:15","slug":"turista-mineira-sera-indenizada-por-furto-dentro-do-quarto-de-resort-em-ilheus","status":"publish","type":"post","link":"https:\/\/aconteceunovale.com.br\/portal\/?p=109813","title":{"rendered":"Turista mineira ser\u00e1 indenizada por furto dentro do quarto de resort em Ilh\u00e9us"},"content":{"rendered":"<p>A 15\u00aa C\u00e2mara C\u00edvel do TJMG (Tribunal de Justi\u00e7a de Minas Gerais) condenou o Cana Brava All Inclusive Resort a indenizar uma h\u00f3spede em R$5 mil por danos morais e em R$1.441 por danos materiais, devido a um furto ocorrido no quarto dela.<\/p>\n<p>A mulher ajuizou a\u00e7\u00e3o contra o hotel pleiteando indeniza\u00e7\u00e3o por danos morais e o ressarcimento do valor roubado em seu quarto. Segundo os autos, em maio de 2014, em Ilh\u00e9us, ela foi surpreendida com o furto de seu celular e de R$ 52 em dinheiro. Ao buscar a ger\u00eancia do estabelecimento, nada foi resolvido.<\/p>\n<p>O resort contestou sob o argumento de que n\u00e3o houve ofensa \u00e0 honra da h\u00f3spede. A tese foi acolhida em Primeira Inst\u00e2ncia, quando a magistrada que analisou o caso acatou apenas o pedido de indeniza\u00e7\u00e3o referente aos danos materiais. A consumidora questionou a decis\u00e3o no Tribunal.<\/p>\n<p>O relator do recurso, desembargador Ant\u00f4nio Bispo, destacou que a discuss\u00e3o era a incid\u00eancia ou n\u00e3o de dano \u00e0 honra. Para o desembargador, chegar aos pr\u00f3prios aposentos e constatar que eles foram invadidos e que objetos pessoais foram levados causa danos de ordem psicol\u00f3gica.<\/p>\n<p>O magistrado ainda destacou que o ramo de hospedaria, por si s\u00f3, gera, para o fornecedor, o dever de indenizar pelo dano moral. O servi\u00e7o de hospedagem inclui a seguran\u00e7a do h\u00f3spede e a preserva\u00e7\u00e3o de seus pertences, portanto a m\u00e1 presta\u00e7\u00e3o acarreta dano \u00e0 honra da pessoa, concluiu o relator.<\/p>\n<p>Os desembargadores Ronaldo Claret de Moraes e Maur\u00edlio Gabriel votaram de acordo com o relator.<\/p>\n<p><strong>VER PRIMEIRO<\/strong><\/p>\n<p><strong>Receba as not\u00edcias do Aconteceu no Vale em primeira m\u00e3o. Clique em curtir no endere\u00e7o <a href=\"https:\/\/www.facebook.com\/aconteceunovale\" target=\"_blank\"><font color=\"red\">www.facebook.com\/aconteceunovale<\/font><\/a> ou no box abaixo:<\/strong><\/p>\n<div class=\"fb-like\" data-href=\"https:\/\/www.facebook.com\/aconteceunovale\" data-width=\"120\" data-layout=\"standard\" data-action=\"like\" data-size=\"small\" data-show-faces=\"true\" data-share=\"true\"><\/div>\n<p><\/br><\/p>\n<p><em>(Fonte: TJMG \/ Foto: CVC)<\/em><\/p>\n","protected":false},"excerpt":{"rendered":"<p>A 15\u00aa C\u00e2mara C\u00edvel do TJMG (Tribunal de Justi\u00e7a de Minas Gerais) condenou o Cana Brava All Inclusive Resort a indenizar uma h\u00f3spede em R$5 mil por danos morais e em R$1.441 por danos materiais, devido a um furto ocorrido no quarto dela. A mulher ajuizou a\u00e7\u00e3o contra o hotel pleiteando indeniza\u00e7\u00e3o por danos morais [&hellip;]<\/p>\n","protected":false},"author":1,"featured_media":109814,"comment_status":"open","ping_status":"closed","sticky":false,"template":"","format":"standard","meta":{"amp_status":"","footnotes":""},"categories":[6,123],"tags":[141096,141100,22236,141099,141097,141098],"class_list":["post-109813","post","type-post","status-publish","format-standard","has-post-thumbnail","hentry","category-br","category-gerais","tag-cana-brava-all-inclusive-resort","tag-condenou-o-cana-brava-all-inclusive-resort-a-indenizar-uma-hospede-em-r5-mil-por-danos-morais-e-em-r1-441-por-danos-materiais","tag-ilheus","tag-indenizacao-por-furto-dentro-do-quarto-do-resort-cana-brava","tag-izabella-cristina-bicalho-leao","tag-turista-mineira-sera-indenizada-por-furto-dentro-do-quarto-de-resort-em-ilheus"],"_links":{"self":[{"href":"https:\/\/aconteceunovale.com.br\/portal\/index.php?rest_route=\/wp\/v2\/posts\/109813","targetHints":{"allow":["GET"]}}],"collection":[{"href":"https:\/\/aconteceunovale.com.br\/portal\/index.php?rest_route=\/wp\/v2\/posts"}],"about":[{"href":"https:\/\/aconteceunovale.com.br\/portal\/index.php?rest_route=\/wp\/v2\/types\/post"}],"author":[{"embeddable":true,"href":"https:\/\/aconteceunovale.com.br\/portal\/index.php?rest_route=\/wp\/v2\/users\/1"}],"replies":[{"embeddable":true,"href":"https:\/\/aconteceunovale.com.br\/portal\/index.php?rest_route=%2Fwp%2Fv2%2Fcomments&post=109813"}],"version-history":[{"count":0,"href":"https:\/\/aconteceunovale.com.br\/portal\/index.php?rest_route=\/wp\/v2\/posts\/109813\/revisions"}],"wp:featuredmedia":[{"embeddable":true,"href":"https:\/\/aconteceunovale.com.br\/portal\/index.php?rest_route=\/wp\/v2\/media\/109814"}],"wp:attachment":[{"href":"https:\/\/aconteceunovale.com.br\/portal\/index.php?rest_route=%2Fwp%2Fv2%2Fmedia&parent=109813"}],"wp:term":[{"taxonomy":"category","embeddable":true,"href":"https:\/\/aconteceunovale.com.br\/portal\/index.php?rest_route=%2Fwp%2Fv2%2Fcategories&post=109813"},{"taxonomy":"post_tag","embeddable":true,"href":"https:\/\/aconteceunovale.com.br\/portal\/index.php?rest_route=%2Fwp%2Fv2%2Ftags&post=109813"}],"curies":[{"name":"wp","href":"https:\/\/api.w.org\/{rel}","templated":true}]}}