{"id":109802,"date":"2017-03-04T08:34:41","date_gmt":"2017-03-04T10:34:41","guid":{"rendered":"http:\/\/aconteceunovale.com.br\/portal\/?p=109802"},"modified":"2017-03-04T08:35:24","modified_gmt":"2017-03-04T10:35:24","slug":"eleitores-de-minas-gerais-devem-ficar-atentos-ao-prazo-para-regularizacao-do-titulo","status":"publish","type":"post","link":"https:\/\/aconteceunovale.com.br\/portal\/?p=109802","title":{"rendered":"Eleitores de Minas Gerais devem ficar atentos ao prazo para regulariza\u00e7\u00e3o do t\u00edtulo"},"content":{"rendered":"<p>Come\u00e7ou na quinta-feira (2) e vai at\u00e9 o dia 2 de maio o prazo de 60 dias para que os eleitores que n\u00e3o votaram e n\u00e3o justificaram a aus\u00eancia \u00e0s urnas nos tr\u00eas \u00faltimos pleitos regularizem a sua situa\u00e7\u00e3o, sob pena de cancelamento do t\u00edtulo.<\/p>\n<p>O eleitor deve procurar o posto de atendimento da Justi\u00e7a Eleitoral mais pr\u00f3ximo de sua resid\u00eancia, levando documento de identidade com foto, t\u00edtulo e comprovantes de vota\u00e7\u00e3o, de justificativa e de recolhimento de multa ou de dispensa de recolhimento. <span style=\"color: #ff0000;\"><a href=\"http:\/\/www.tre-mg.jus.br\/eleitor\/zonas-eleitorais\/informacoes-sobre-o-funcionamento-das-zonas-eleitorais\" target=\"_blank\"><span style=\"color: #ff0000;\">Confira os endere\u00e7os de atendimento da Justi\u00e7a Eleitoral em todo o Estado<\/span><\/a><\/span>.<\/p>\n<p>Para consultar a situa\u00e7\u00e3o de sua inscri\u00e7\u00e3o, o eleitor pode acessar o <span style=\"color: #ff0000;\"><a href=\"http:\/\/www.tre-mg.jus.br\/eleitor\/situacao-eleitoral\/situacao-eleitoral\" target=\"_blank\"><span style=\"color: #ff0000;\">site do TRE-MG<\/span><\/a><\/span>, sendo necess\u00e1rio o n\u00famero de seu t\u00edtulo ou seu nome e data de nascimento. Nos cart\u00f3rios, est\u00e1 afixada, para consulta, lista dos eleitores em situa\u00e7\u00e3o irregular, com nome e n\u00famero do t\u00edtulo eleitoral, desde o dia 22 de fevereiro. A consulta tamb\u00e9m pode ser feita pelo Disque-Eleitor (148), que tamb\u00e9m est\u00e1 \u00e0 disposi\u00e7\u00e3o para esclarecer outras d\u00favidas. A Justi\u00e7a Eleitoral n\u00e3o far\u00e1 nenhum tipo de notifica\u00e7\u00e3o ao eleitor em situa\u00e7\u00e3o irregular, devendo ele mesmo se inteirar da situa\u00e7\u00e3o de sua inscri\u00e7\u00e3o eleitoral.<\/p>\n<p>O n\u00e3o comparecimento para comprova\u00e7\u00e3o do exerc\u00edcio do voto, da justificativa de aus\u00eancia ou do pagamento das multas correspondentes implicar\u00e1 o cancelamento autom\u00e1tico do t\u00edtulo de eleitor, a ser efetivado de 17 a 19 de maio deste ano. Quem tiver o t\u00edtulo cancelado fica irregular perante a Justi\u00e7a Eleitoral e sofre algumas limita\u00e7\u00f5es estabelecidas pela legisla\u00e7\u00e3o \u2013 como obter CPF, passaporte ou tomar posse em cargo p\u00fablico.<\/p>\n<p>Est\u00e3o em situa\u00e7\u00e3o irregular os eleitores que n\u00e3o votaram em tr\u00eas pleitos consecutivos \u2013 s\u00e3o considerados como pleitos diferentes o primeiro e segundo turnos de uma elei\u00e7\u00e3o. Os cidad\u00e3os de munic\u00edpios onde os pleitos foram anulados por decis\u00e3o judicial devem ficar atentos, j\u00e1 que estes n\u00e3o s\u00e3o computados para definir a situa\u00e7\u00e3o do eleitor. Os que tiverem o voto facultativo \u2013 16 e 17 anos, maiores de 70 e analfabetos \u2013 e aqueles cuja defici\u00eancia torne imposs\u00edvel ou oneroso o cumprimento das obriga\u00e7\u00f5es eleitorais n\u00e3o precisam se preocupar com o prazo do dia 2 de maio, j\u00e1 que as suas inscri\u00e7\u00f5es n\u00e3o est\u00e3o sujeitas a cancelamento.<\/p>\n<p>Em Minas Gerais, 175.020 eleitores \u2013 1,11% do eleitorado do Estado \u2013 est\u00e3o em situa\u00e7\u00e3o irregular. Em Belo Horizonte, s\u00e3o 27.456 \u2013 1,42% do eleitorado da Capital. No Brasil, Minas Gerais \u00e9 o terceiro Estado com o maior n\u00famero. O primeiro \u00e9 S\u00e3o Paulo, com 529.818, seguido pelo Rio de Janeiro, com 261.335. No Pa\u00eds s\u00e3o 1.961.530 eleitores em situa\u00e7\u00e3o irregular.<\/p>\n<p>Confira a quantidade de <span style=\"color: #ff0000;\"><a href=\"http:\/\/www.justicaeleitoral.jus.br\/arquivos\/eleitores-faltosos-por-unidade-da-federacao\" target=\"_blank\"><span style=\"color: #ff0000;\">eleitores irregulares por Estado<\/span><\/a><\/span>. Confira a quantidade de <span style=\"color: #ff0000;\"><a href=\"http:\/\/www.justicaeleitoral.jus.br\/arquivos\/eleitores-faltosos-por-municipio\" target=\"_blank\"><span style=\"color: #ff0000;\">eleitores irregulares por munic\u00edpio<\/span><\/a><\/span>.<\/p>\n<p><strong>VER PRIMEIRO<\/strong><\/p>\n<p><strong>Receba as not\u00edcias do Aconteceu no Vale em primeira m\u00e3o. Clique em curtir no endere\u00e7o <a href=\"https:\/\/www.facebook.com\/aconteceunovale\" target=\"_blank\"><span style=\"color: red;\">www.facebook.com\/aconteceunovale<\/span><\/a> ou no box abaixo:<\/strong><\/p>\n<div class=\"fb-like\" data-href=\"https:\/\/www.facebook.com\/aconteceunovale\" data-width=\"120\" data-layout=\"standard\" data-action=\"like\" data-size=\"small\" data-show-faces=\"true\" data-share=\"true\"><\/div>\n<p>&nbsp;<\/p>\n<p><em>(Fonte: TRE-MG)<\/em><\/p>\n","protected":false},"excerpt":{"rendered":"<p>Come\u00e7ou na quinta-feira (2) e vai at\u00e9 o dia 2 de maio o prazo de 60 dias para que os eleitores que n\u00e3o votaram e n\u00e3o justificaram a aus\u00eancia \u00e0s urnas nos tr\u00eas \u00faltimos pleitos regularizem a sua situa\u00e7\u00e3o, sob pena de cancelamento do t\u00edtulo. O eleitor deve procurar o posto de atendimento da Justi\u00e7a [&hellip;]<\/p>\n","protected":false},"author":1,"featured_media":109526,"comment_status":"open","ping_status":"closed","sticky":false,"template":"","format":"standard","meta":{"amp_status":"","footnotes":""},"categories":[123],"tags":[141063,141069,36039,141068,35115,141064,36042,141065,141066,141061,43295,141067,141062],"class_list":["post-109802","post","type-post","status-publish","format-standard","has-post-thumbnail","hentry","category-gerais","tag-cancelamento-do-titulo-eleitoral","tag-eleitores-de-minas-gerais-devem-ficar-atentos-ao-prazo-para-regularizacao-do-titulo","tag-eleitores-devem-ficar-atentos-ao-prazo-para-regularizacao-do-titulo","tag-eleitores-devem-ficar-atentos-ao-prazo-para-regularizacao-do-titulo-em-minas-gerais","tag-eleitores-irregulares","tag-eleitores-irregulares-em-cada-municipio","tag-eleitores-irregulares-em-minas-gerais","tag-endereco-do-cartorio-eleitoral-em","tag-enderecos-da-justica-eleitoral-em-minas","tag-prazo-para-regularizacao-do-titulo-eleitoral","tag-regularizacao-do-titulo-eleitoral","tag-site-do-tre-mg","tag-titulo-eleitoral"],"_links":{"self":[{"href":"https:\/\/aconteceunovale.com.br\/portal\/index.php?rest_route=\/wp\/v2\/posts\/109802","targetHints":{"allow":["GET"]}}],"collection":[{"href":"https:\/\/aconteceunovale.com.br\/portal\/index.php?rest_route=\/wp\/v2\/posts"}],"about":[{"href":"https:\/\/aconteceunovale.com.br\/portal\/index.php?rest_route=\/wp\/v2\/types\/post"}],"author":[{"embeddable":true,"href":"https:\/\/aconteceunovale.com.br\/portal\/index.php?rest_route=\/wp\/v2\/users\/1"}],"replies":[{"embeddable":true,"href":"https:\/\/aconteceunovale.com.br\/portal\/index.php?rest_route=%2Fwp%2Fv2%2Fcomments&post=109802"}],"version-history":[{"count":0,"href":"https:\/\/aconteceunovale.com.br\/portal\/index.php?rest_route=\/wp\/v2\/posts\/109802\/revisions"}],"wp:featuredmedia":[{"embeddable":true,"href":"https:\/\/aconteceunovale.com.br\/portal\/index.php?rest_route=\/wp\/v2\/media\/109526"}],"wp:attachment":[{"href":"https:\/\/aconteceunovale.com.br\/portal\/index.php?rest_route=%2Fwp%2Fv2%2Fmedia&parent=109802"}],"wp:term":[{"taxonomy":"category","embeddable":true,"href":"https:\/\/aconteceunovale.com.br\/portal\/index.php?rest_route=%2Fwp%2Fv2%2Fcategories&post=109802"},{"taxonomy":"post_tag","embeddable":true,"href":"https:\/\/aconteceunovale.com.br\/portal\/index.php?rest_route=%2Fwp%2Fv2%2Ftags&post=109802"}],"curies":[{"name":"wp","href":"https:\/\/api.w.org\/{rel}","templated":true}]}}