{"id":109799,"date":"2017-03-04T08:23:00","date_gmt":"2017-03-04T10:23:00","guid":{"rendered":"http:\/\/aconteceunovale.com.br\/portal\/?p=109799"},"modified":"2017-03-04T08:23:00","modified_gmt":"2017-03-04T10:23:00","slug":"reforma-da-previdencia-mudara-radicalmente-aposentadorias-por-invalidez-e-por-deficiencia","status":"publish","type":"post","link":"https:\/\/aconteceunovale.com.br\/portal\/?p=109799","title":{"rendered":"Reforma da Previd\u00eancia mudar\u00e1 radicalmente aposentadorias por invalidez e por defici\u00eancia"},"content":{"rendered":"<p>A proposta de Reforma da Previd\u00eancia estabelece mudan\u00e7as significativas para alguns grupos da popula\u00e7\u00e3o. \u00c9 o caso das aposentadorias por invalidez que, com a reforma, passar\u00e3o a ser chamadas de aposentadorias por incapacidade permanente. S\u00e3o aqueles segurados que ficaram incapacitados durante a vida laboral.<\/p>\n<p>Outra situa\u00e7\u00e3o \u00e9 a aposentadoria das pessoas com defici\u00eancia, ou seja, pessoas que desde sempre trabalharam sob essa condi\u00e7\u00e3o. Essa aposentadoria \u00e9 relativamente nova, foi regulamentada em 2013.<\/p>\n<p>Para as aposentadorias por incapacidade, o governo prop\u00f4s garantir benef\u00edcio integral apenas para os trabalhadores que ficaram incapacitados durante a atividade profissional.<\/p>\n<p>Os demais cairiam na f\u00f3rmula geral da reforma que garante 51% da m\u00e9dia de sal\u00e1rios mais 1 ponto por ano de contribui\u00e7\u00e3o. A regra j\u00e1 \u00e9 diferenciada para servidores p\u00fablicos.<\/p>\n<p>O deputado Alessandro Molon (Rede-RJ) criticou a mudan\u00e7a: &#8220;Quer dizer agora que a aposentadoria por incapacidade permanente, os 100% s\u00e3o um pr\u00eamio para quem se acidentou no trabalho? Olha, se voc\u00ea n\u00e3o pode trabalhar porque sofreu isso no trabalho, n\u00f3s te damos 100%. Agora se voc\u00ea \u00e9 um desgra\u00e7ado que perdeu a capacidade de trabalhar por um acidente de tr\u00e2nsito ou por uma bala achada, lamento muito. Azar seu. Tomara que voc\u00ea tenha contribu\u00eddo muito tempo. Qual \u00e9 o fundamento disso?&#8221;<\/p>\n<p>Coordenador-geral de Servi\u00e7os Previdenci\u00e1rios e Assistenciais do Instituto Nacional do Seguro Social (INSS), Josierton Bezerra afirmou que as incapacita\u00e7\u00f5es fora do ambiente do trabalho s\u00e3o 95% do total.<\/p>\n<p>Na avalia\u00e7\u00e3o do servidor p\u00fablico, isso justificaria a mudan\u00e7a proposta. &#8220;Eu demonstro que esse benef\u00edcio, aposentadoria por invalidez, ele \u00e9 operacionalizado no INSS\u201d, explica Josierton.<\/p>\n<p>\u201cQuando a gente associa a invalidez sem ter rela\u00e7\u00e3o nenhuma com o trabalho, estes \u00faltimos anos trazem uma m\u00e9dia de 185 mil benef\u00edcios (por ano). Enquanto os benef\u00edcios relacionados ao trabalho, eles est\u00e3o a\u00ed na casa de 9 mil a 9.500 nos \u00faltimos anos&#8221;, acrescenta.<\/p>\n<p>O assessor especial da Casa Civil, Bruno Bianco, disse que estas aposentadorias representam 11,3% da despesa do regime geral da Previd\u00eancia. Ele disse ainda que compara\u00e7\u00f5es internacionais mostram que, no Brasil, o percentual do sal\u00e1rio da ativa que corresponde ao benef\u00edcio \u00e9 elevado.<\/p>\n<p>Al\u00e9m disso, outros pa\u00edses tamb\u00e9m fariam a diferencia\u00e7\u00e3o entre aposentadorias decorrentes de acidentes de trabalho e as relacionadas a outros tipos de acidentes.<\/p>\n<p><strong>Preju\u00edzos<\/strong><\/p>\n<p>A reforma da Previd\u00eancia eleva de 15 para 20 anos o tempo de contribui\u00e7\u00e3o m\u00ednimo para a aposentadoria por idade das pessoas com defici\u00eancia. Segundo Izabel Maior, do Movimento das Pessoas com Defici\u00eancia, hoje, com 15 anos de contribui\u00e7\u00e3o, este segurado leva 85% da m\u00e9dia salarial. Com a reforma, passaria a levar 71%, contribuindo mais.<\/p>\n<p><strong>VER PRIMEIRO<\/strong><\/p>\n<p><strong>Receba as not\u00edcias do Aconteceu no Vale em primeira m\u00e3o. Clique em curtir no endere\u00e7o <a href=\"https:\/\/www.facebook.com\/aconteceunovale\" target=\"_blank\"><font color=\"red\">www.facebook.com\/aconteceunovale<\/font><\/a> ou no box abaixo:<\/strong><\/p>\n<div class=\"fb-like\" data-href=\"https:\/\/www.facebook.com\/aconteceunovale\" data-width=\"120\" data-layout=\"standard\" data-action=\"like\" data-size=\"small\" data-show-faces=\"true\" data-share=\"true\"><\/div>\n<p><\/br><\/p>\n<p><em>(Fonte: Ag\u00eancia C\u00e2mara Not\u00edcias e R\u00e1dio Itatiaia)<\/em><\/p>\n","protected":false},"excerpt":{"rendered":"<p>A proposta de Reforma da Previd\u00eancia estabelece mudan\u00e7as significativas para alguns grupos da popula\u00e7\u00e3o. \u00c9 o caso das aposentadorias por invalidez que, com a reforma, passar\u00e3o a ser chamadas de aposentadorias por incapacidade permanente. S\u00e3o aqueles segurados que ficaram incapacitados durante a vida laboral. Outra situa\u00e7\u00e3o \u00e9 a aposentadoria das pessoas com defici\u00eancia, ou seja, [&hellip;]<\/p>\n","protected":false},"author":1,"featured_media":76263,"comment_status":"open","ping_status":"closed","sticky":false,"template":"","format":"standard","meta":{"amp_status":"","footnotes":""},"categories":[6],"tags":[141056,141060,141059,141057,141058,59559,141055,110209,141054,141053],"class_list":["post-109799","post","type-post","status-publish","format-standard","has-post-thumbnail","hentry","category-br","tag-a-proposta-de-reforma-da-previdencia-estabelece-mudancas-significativas-para-alguns-grupos-da-populacao","tag-impactos-com-a-reforma-da-previdencia","tag-o-que-vai-acontecer-se-aprovada-a-reforma-da-previdencia","tag-prejuizos","tag-prejuizos-com-a-reforma-da-previdencia","tag-previdencia","tag-proposta-de-reforma-da-previdencia","tag-reforma-da-previdencia","tag-reforma-da-previdencia-mudara-radicalmente-aposentadorias-por-deficiencia","tag-reforma-da-previdencia-mudara-radicalmente-aposentadorias-por-invalidez-e-por-deficiencia"],"_links":{"self":[{"href":"https:\/\/aconteceunovale.com.br\/portal\/index.php?rest_route=\/wp\/v2\/posts\/109799","targetHints":{"allow":["GET"]}}],"collection":[{"href":"https:\/\/aconteceunovale.com.br\/portal\/index.php?rest_route=\/wp\/v2\/posts"}],"about":[{"href":"https:\/\/aconteceunovale.com.br\/portal\/index.php?rest_route=\/wp\/v2\/types\/post"}],"author":[{"embeddable":true,"href":"https:\/\/aconteceunovale.com.br\/portal\/index.php?rest_route=\/wp\/v2\/users\/1"}],"replies":[{"embeddable":true,"href":"https:\/\/aconteceunovale.com.br\/portal\/index.php?rest_route=%2Fwp%2Fv2%2Fcomments&post=109799"}],"version-history":[{"count":0,"href":"https:\/\/aconteceunovale.com.br\/portal\/index.php?rest_route=\/wp\/v2\/posts\/109799\/revisions"}],"wp:featuredmedia":[{"embeddable":true,"href":"https:\/\/aconteceunovale.com.br\/portal\/index.php?rest_route=\/wp\/v2\/media\/76263"}],"wp:attachment":[{"href":"https:\/\/aconteceunovale.com.br\/portal\/index.php?rest_route=%2Fwp%2Fv2%2Fmedia&parent=109799"}],"wp:term":[{"taxonomy":"category","embeddable":true,"href":"https:\/\/aconteceunovale.com.br\/portal\/index.php?rest_route=%2Fwp%2Fv2%2Fcategories&post=109799"},{"taxonomy":"post_tag","embeddable":true,"href":"https:\/\/aconteceunovale.com.br\/portal\/index.php?rest_route=%2Fwp%2Fv2%2Ftags&post=109799"}],"curies":[{"name":"wp","href":"https:\/\/api.w.org\/{rel}","templated":true}]}}