{"id":109794,"date":"2017-03-03T16:49:32","date_gmt":"2017-03-03T18:49:32","guid":{"rendered":"http:\/\/aconteceunovale.com.br\/portal\/?p=109794"},"modified":"2017-03-03T16:49:32","modified_gmt":"2017-03-03T18:49:32","slug":"emater-desenvolve-acoes-para-convivencia-com-a-seca-no-norte-de-minas","status":"publish","type":"post","link":"https:\/\/aconteceunovale.com.br\/portal\/?p=109794","title":{"rendered":"Emater desenvolve a\u00e7\u00f5es para conviv\u00eancia com a seca no Norte de Minas"},"content":{"rendered":"<p>A Emater-MG est\u00e1 desenvolvendo uma s\u00e9rie de a\u00e7\u00f5es para ajudar os produtores rurais a conviver com a seca que castiga o Norte de Minas Gerais nos \u00faltimos anos. Em 2016, por exemplo, foi implantado em Montes Claros o Programa Municipal de Incentivo a Revitaliza\u00e7\u00e3o de Pastagens Degradadas.<\/p>\n<p>O objetivo \u00e9 recuperar a capacidade produtiva das propriedades rurais e viabilizar a bovinocultura no munic\u00edpio. Foram realizados semin\u00e1rios em oito distritos, apresentando o diagn\u00f3stico da situa\u00e7\u00e3o do setor produtivo e, elaborado um planejamento de a\u00e7\u00f5es que seriam desenvolvidas.<\/p>\n<p>Segundo o coordenador t\u00e9cnico da Emater-MG, Luiz Aroldo Almeida, est\u00e1 previsto para este ano a realiza\u00e7\u00e3o de dias de campo para a apresenta\u00e7\u00e3o dos resultados das \u00e1reas trabalhadas e a continuidade de a\u00e7\u00f5es, visando incentivar os produtores para ado\u00e7\u00e3o de tecnologias de recupera\u00e7\u00e3o das pastagens degradas, tais como: aduba\u00e7\u00e3o, gradagem, subsolagem, sementes selecionadas e certificadas; al\u00e9m do manejo adequado das pastagens.<\/p>\n<p>Em toda a regi\u00e3o, os produtores tamb\u00e9m s\u00e3o orientados sobre manejo correto no plantio de cana, sorgo forrageiro e capineiras para garantir a alimenta\u00e7\u00e3o do gado nos meses mais cr\u00edticos. Variedades mais resistentes \u00e0 seca est\u00e3o sendo apresentadas aos produtores em dias de campo.<\/p>\n<p>Um exemplo \u00e9 o sorgo BRS 655 e o BRS 658. Ambos apresentam maior resist\u00eancia ao fen\u00f4meno clim\u00e1tico, com boa produtividade. Eles foram desenvolvidos pela Embrapa para atender \u00e0 crescente demanda por produtos que apresentem maior efici\u00eancia e melhor qualidade na alimenta\u00e7\u00e3o do rebanho.<\/p>\n<p>A Emater-MG tamb\u00e9m come\u00e7a a difundir o uso da palma forrageira e do milheto para complemento na alimenta\u00e7\u00e3o animal. Os plantios ainda s\u00e3o em pequena escala e dependem de mais pesquisas. Mas ambos s\u00e3o mais resistentes \u00e0 seca e \u00e0s altas temperaturas. No caso da palma, ela serve de alimento do rebanho e para ajudar na hidrata\u00e7\u00e3o dos animais, j\u00e1 que \u00e9 constitu\u00edda por at\u00e9 90% de \u00e1gua.<\/p>\n<p>Outras a\u00e7\u00f5es envolvem o manejo de sub-bacias hidrogr\u00e1ficas. No final de fevereiro, a Emater-MG firmou um conv\u00eanio para Funda\u00e7\u00e3o Banco do Brasil, de R$ 380 mil, para revitaliza\u00e7\u00e3o de tr\u00eas sub-bacias hidrogr\u00e1ficas no Norte de Minas Gerais e Vale do Jequitinhonha. O trabalho prev\u00ea, entre outros benef\u00edcios, o aumento da vaz\u00e3o de \u00e1gua de rios em Ara\u00e7ua\u00ed, Bras\u00edlia de Minas e Porteirinha.<\/p>\n<p><img decoding=\"async\" src=\"http:\/\/aconteceunovale.com.br\/portal\/wp-content\/uploads\/2017\/03\/silagem.jpg\" alt=\"\" \/><em>Os produtores s\u00e3o orientados com a\u00e7\u00f5es para ajudar a conviver com a seca (Divulga\u00e7\u00e3o\/Emater)<\/em><br \/>\n<\/br><\/p>\n<p><strong>Montes Claros<\/strong><\/p>\n<p>As a\u00e7\u00f5es de conviv\u00eancia s\u00e3o necess\u00e1rias para evitar os preju\u00edzos verificados na regi\u00e3o Norte nos \u00faltimos cinco anos por causa da estiagem. Um dos munic\u00edpios mais afetados com a situa\u00e7\u00e3o clim\u00e1tica \u00e9 Montes Claros.<\/p>\n<p>A Emater-MG elaborou um relat\u00f3rio t\u00e9cnico agroclimatol\u00f3gico sobre o impacto da estiagem durante a safra agr\u00edcola de 2016\/2107, que aponta perda significativa no setor agropecu\u00e1rio, afetando as principais culturas de sequeiro plantadas no per\u00edodo das chuvas, como feij\u00e3o, sorgo, mandioca, e cana-de-a\u00e7\u00facar.<\/p>\n<p>Cerca de 75% do capim que existia neste per\u00edodo morreu e a pastagem remanescente apresenta uma capacidade bem menor em rela\u00e7\u00e3o ao que esperava para este mesmo per\u00edodo.<\/p>\n<p><strong>Vaz\u00e3o da \u00e1gua comprometida<\/strong><\/p>\n<p>Conforme dados obtidos do sistema de monitoramento da estiagem e de observa\u00e7\u00f5es feitas pela Emater-MG, o munic\u00edpio possui na zona rural cerca de 5 mil po\u00e7os tubulares, sendo quase 600 deles de uso comunit\u00e1rio. Do total de 356 surg\u00eancias de cursos d&#8217;\u00e1gua existentes no munic\u00edpio, 317 est\u00e3o totalmente secos, vertendo \u00e1gua somente durante os dias chuvosos.<\/p>\n<p>&#8220;Embora estejamos na esta\u00e7\u00e3o chuvosa, a situa\u00e7\u00e3o permanece igual ao per\u00edodo da seca. Neste m\u00eas de fevereiro, todos os cursos d&#8217;\u00e1gua deveriam estar cheios e correntes, mas 79% deles est\u00e3o totalmente secos. Detecta-se um quadro de inseguran\u00e7a h\u00eddrica generalizada no meio rural&#8221;, alerta o t\u00e9cnico extensionista da Emater-MG, Jos\u00e9 Arcanjo Marques.<\/p>\n<p>A Emater-MG encaminhou o relat\u00f3rio para a Prefeitura de Montes Claros e para a Defesa Civil do munic\u00edpio.<\/p>\n<p><strong>VER PRIMEIRO<\/strong><\/p>\n<p><strong>Receba as not\u00edcias do Aconteceu no Vale em primeira m\u00e3o. Clique em curtir no endere\u00e7o <a href=\"https:\/\/www.facebook.com\/aconteceunovale\" target=\"_blank\"><font color=\"red\">www.facebook.com\/aconteceunovale<\/font><\/a> ou no box abaixo:<\/strong><\/p>\n<div class=\"fb-like\" data-href=\"https:\/\/www.facebook.com\/aconteceunovale\" data-width=\"120\" data-layout=\"standard\" data-action=\"like\" data-size=\"small\" data-show-faces=\"true\" data-share=\"true\"><\/div>\n<p><\/br><\/p>\n<p><em>(Ag\u00eancia Minas)<\/em><\/p>\n","protected":false},"excerpt":{"rendered":"<p>A Emater-MG est\u00e1 desenvolvendo uma s\u00e9rie de a\u00e7\u00f5es para ajudar os produtores rurais a conviver com a seca que castiga o Norte de Minas Gerais nos \u00faltimos anos. Em 2016, por exemplo, foi implantado em Montes Claros o Programa Municipal de Incentivo a Revitaliza\u00e7\u00e3o de Pastagens Degradadas. O objetivo \u00e9 recuperar a capacidade produtiva das [&hellip;]<\/p>\n","protected":false},"author":1,"featured_media":109795,"comment_status":"open","ping_status":"closed","sticky":false,"template":"","format":"standard","meta":{"amp_status":"","footnotes":""},"categories":[1236],"tags":[141051,141050,1018,141052,25775,84277,141049,71035,210,60848,141048],"class_list":["post-109794","post","type-post","status-publish","format-standard","has-post-thumbnail","hentry","category-norte_de_minas","tag-alimentacao-animal","tag-complemento-na-alimentacao-animal","tag-destaque","tag-emater-desenvolve-acoes-para-convivencia-com-a-seca-no-norte-de-minas","tag-emater-mg","tag-fundacao-banco-do-brasil","tag-luiz-aroldo-almeida","tag-milheto","tag-montes-claros","tag-palma-forrageira","tag-programa-municipal-de-incentivo-a-revitalizacao-de-pastagens-degradadas"],"_links":{"self":[{"href":"https:\/\/aconteceunovale.com.br\/portal\/index.php?rest_route=\/wp\/v2\/posts\/109794","targetHints":{"allow":["GET"]}}],"collection":[{"href":"https:\/\/aconteceunovale.com.br\/portal\/index.php?rest_route=\/wp\/v2\/posts"}],"about":[{"href":"https:\/\/aconteceunovale.com.br\/portal\/index.php?rest_route=\/wp\/v2\/types\/post"}],"author":[{"embeddable":true,"href":"https:\/\/aconteceunovale.com.br\/portal\/index.php?rest_route=\/wp\/v2\/users\/1"}],"replies":[{"embeddable":true,"href":"https:\/\/aconteceunovale.com.br\/portal\/index.php?rest_route=%2Fwp%2Fv2%2Fcomments&post=109794"}],"version-history":[{"count":0,"href":"https:\/\/aconteceunovale.com.br\/portal\/index.php?rest_route=\/wp\/v2\/posts\/109794\/revisions"}],"wp:featuredmedia":[{"embeddable":true,"href":"https:\/\/aconteceunovale.com.br\/portal\/index.php?rest_route=\/wp\/v2\/media\/109795"}],"wp:attachment":[{"href":"https:\/\/aconteceunovale.com.br\/portal\/index.php?rest_route=%2Fwp%2Fv2%2Fmedia&parent=109794"}],"wp:term":[{"taxonomy":"category","embeddable":true,"href":"https:\/\/aconteceunovale.com.br\/portal\/index.php?rest_route=%2Fwp%2Fv2%2Fcategories&post=109794"},{"taxonomy":"post_tag","embeddable":true,"href":"https:\/\/aconteceunovale.com.br\/portal\/index.php?rest_route=%2Fwp%2Fv2%2Ftags&post=109794"}],"curies":[{"name":"wp","href":"https:\/\/api.w.org\/{rel}","templated":true}]}}