{"id":109790,"date":"2017-03-03T16:38:21","date_gmt":"2017-03-03T18:38:21","guid":{"rendered":"http:\/\/aconteceunovale.com.br\/portal\/?p=109790"},"modified":"2017-03-03T16:38:21","modified_gmt":"2017-03-03T18:38:21","slug":"detentos-mineiros-transformam-bicicletas-fora-de-uso-em-cadeiras-de-rodas","status":"publish","type":"post","link":"https:\/\/aconteceunovale.com.br\/portal\/?p=109790","title":{"rendered":"Detentos mineiros transformam bicicletas fora de uso em cadeiras de rodas"},"content":{"rendered":"<p>Bicicletas transformadas em cadeiras de rodas. Brinquedos infantis revitalizados. Roupas de postos de sa\u00fade lavadas e passadas. Uniformes produzidos em escala industrial. Essas s\u00e3o algumas das atividades realizadas no Pres\u00eddio de Itajub\u00e1, no Territ\u00f3rio Sul.<\/p>\n<p>A lista n\u00e3o para de crescer e conta com a dedica\u00e7\u00e3o de presos, que trouxeram suas experi\u00eancias profissionais de fora ou aprenderam o of\u00edcio em cursos oferecidos na pr\u00f3pria unidade.<\/p>\n<p>A dupla Donizeti e Dami\u00e3o \u00e9 sin\u00f4nimo de esperan\u00e7a e alegria para adultos e crian\u00e7as da regi\u00e3o. Eles j\u00e1 transformaram mais de 300 bicicletas em cadeiras de rodas. As bikes foram apreendidas por roubo ou uso no tr\u00e1fico de drogas e estavam na Delegacia de Itajub\u00e1.<\/p>\n<p>Os detentos ainda fizeram renascer brinquedos quebrados de pra\u00e7as p\u00fablicas e escolas. Os dois s\u00e3o respons\u00e1veis tamb\u00e9m pela manuten\u00e7\u00e3o geral do pres\u00eddio e atuam nas \u00e1reas de hidr\u00e1ulica, el\u00e9trica, pintura, m\u00e1quinas e alvenaria.<\/p>\n<p>O projeto das cadeiras de rodas come\u00e7ou h\u00e1 seis meses e tem o apoio da Helibras, empresa brasileira fabricante de helic\u00f3pteros, instalada no munic\u00edpio. Ela doa as rodas menores, o aro para locomo\u00e7\u00e3o, o estofamento e faz a pintura da estrutura das cadeiras. A empresa ainda doou uma m\u00e1quina de solda profissional para a oficina do pres\u00eddio.<\/p>\n<p>Dami\u00e3o Pereira dos Santos, de 41 anos, conta que tamb\u00e9m faz outras reformas em cadeiras de rodas e j\u00e1 participou de algumas entregas. \u201c\u00c9 um momento emocionante, fico muito feliz. \u00c9 gratificante poder ajudar as pessoas com o meu trabalho.\u201d<\/p>\n<p>Para o diretor de Atendimento e Ressocializa\u00e7\u00e3o, Leandro Rodrigues Palma, o projeto das cadeiras de rodas ocupa um lugar especial entre todas as atividades exercidas pelos detentos. \u201cFiquei impressionado com um documento enviado pela ONG Caravelas, em que relatava problemas sociais na regi\u00e3o e pedia ajuda. A partir disso, foram surgindo ideias para auxiliarmos de alguma forma.\u201d<\/p>\n<p><img decoding=\"async\" src=\"http:\/\/aconteceunovale.com.br\/portal\/wp-content\/uploads\/2017\/03\/presidio_itajuba_1.jpg\" alt=\"\" \/><em>Os uniformes dos detentos s\u00e3o produzidos integralmente na oficina (Omar Freire\/Imprensa MG)<\/em><br \/>\n<\/br><\/p>\n<p><strong>Diversidade<\/strong><\/p>\n<p>A rela\u00e7\u00e3o do pres\u00eddio com a comunidade envolve tamb\u00e9m alimenta\u00e7\u00e3o e lavanderia. Semanalmente, cerca de 200 pe\u00e7as de roupas de cama s\u00e3o entregues nos postos de sa\u00fade de Itajub\u00e1. Dois detentos operam as m\u00e1quinas de lavar e passar.<\/p>\n<p>Na c\u00e2mara de preparo e pesagem de alimentos trabalham dois presos que cuidam de lavar, descascar, cortar e embalar verduras, legumes e frutas para a cozinha do pres\u00eddio. Para o restaurante popular da cidade s\u00e3o enviados semanalmente quase 350 quilos de alimentos.<\/p>\n<p>A alimenta\u00e7\u00e3o dos presos e servidores \u00e9 a mesma, sendo preparada por nove detentos. Produ\u00e7\u00e3o e controle de qualidade ficam por conta de uma nutricionista e uma chef de cozinha. <\/p>\n<p>\u201cEles s\u00e3o extremamente cuidadosos e competentes, sabem de suas responsabilidades\u201d, garante a nutricionista Vanessa Nunes de Oliveira. Visitas inesperadas de inspe\u00e7\u00e3o fazem parte da programa\u00e7\u00e3o do fim de semana de Vanessa, que cuida da alimenta\u00e7\u00e3o do pres\u00eddio h\u00e1 tr\u00eas anos. \u201cNunca fui surpreendida com qualquer tipo de erro ou descuido nas quatro refei\u00e7\u00f5es servidas diariamente\u201d, diz.<\/p>\n<p><img decoding=\"async\" src=\"http:\/\/aconteceunovale.com.br\/portal\/wp-content\/uploads\/2017\/03\/presidio_itajuba_2.jpg\" alt=\"\" \/><em>Produ\u00e7\u00e3o de cadeiras de rodas no pres\u00eddio (Foto: Omar Freire\/Imprensa MG)<\/em><br \/>\n<\/br><\/p>\n<p><strong>Bobinas<\/strong><\/p>\n<p>A sigla da nova secretaria de Estado, Seap, j\u00e1 \u00e9 aplicada nos uniformes dos detentos, fabricados na confec\u00e7\u00e3o que funciona no Pres\u00eddio de Itajub\u00e1.  S\u00e3o entregues, semanalmente, 600 cal\u00e7as femininas e 600 camisas masculinas, com 19 presos trabalhando de segunda a sexta-feira, das 8h \u00e0s 17h.<\/p>\n<p>As pe\u00e7as s\u00e3o produzidas integralmente na oficina a partir de bobinas de tecidos. Tudo \u00e9 cuidadosamente marcado e cortado pelo detento Bruno Fernandes Lamin, de 32 anos.<\/p>\n<p>A experi\u00eancia de Fernandes, que esteve por oito anos em uma confec\u00e7\u00e3o na cidade de Virg\u00ednia, em Minas Gerais, serviu para que atuasse como um dos principais homens na produ\u00e7\u00e3o dos uniformes. Ele treinou 25 colegas. Alguns deles tiveram a liberdade e montaram o pr\u00f3prio neg\u00f3cio.<\/p>\n<p>\u201c\u00c9 um prazer ensinar (conta Bruno enquanto corta uma pilha de tecidos), ver que os colegas se esfor\u00e7am. Em qualquer cidade, existe uma confec\u00e7\u00e3o. Ent\u00e3o, n\u00e3o falta trabalho. Basta querer!\u201d<\/p>\n<p><strong>VER PRIMEIRO<\/strong><\/p>\n<p><strong>Receba as not\u00edcias do Aconteceu no Vale em primeira m\u00e3o. Clique em curtir no endere\u00e7o <a href=\"https:\/\/www.facebook.com\/aconteceunovale\" target=\"_blank\"><font color=\"red\">www.facebook.com\/aconteceunovale<\/font><\/a> ou no box abaixo:<\/strong><\/p>\n<div class=\"fb-like\" data-href=\"https:\/\/www.facebook.com\/aconteceunovale\" data-width=\"120\" data-layout=\"standard\" data-action=\"like\" data-size=\"small\" data-show-faces=\"true\" data-share=\"true\"><\/div>\n<p><\/br><\/p>\n<p><em>(Ag\u00eancia Minas)<\/em><\/p>\n","protected":false},"excerpt":{"rendered":"<p>Bicicletas transformadas em cadeiras de rodas. Brinquedos infantis revitalizados. Roupas de postos de sa\u00fade lavadas e passadas. Uniformes produzidos em escala industrial. Essas s\u00e3o algumas das atividades realizadas no Pres\u00eddio de Itajub\u00e1, no Territ\u00f3rio Sul. A lista n\u00e3o para de crescer e conta com a dedica\u00e7\u00e3o de presos, que trouxeram suas experi\u00eancias profissionais de fora [&hellip;]<\/p>\n","protected":false},"author":1,"featured_media":109791,"comment_status":"open","ping_status":"closed","sticky":false,"template":"","format":"standard","meta":{"amp_status":"","footnotes":""},"categories":[123],"tags":[141045,141044,70193,1544,141046,141047],"class_list":["post-109790","post","type-post","status-publish","format-standard","has-post-thumbnail","hentry","category-gerais","tag-detentos-mineiros-transformam-bicicletas-fora-de-uso-em-cadeiras-de-rodas","tag-detentos-transformam-bicicletas-fora-de-uso-em-cadeiras-de-rodas","tag-helibras","tag-itajuba","tag-presidio-de-itajuba","tag-producao-de-cadeiras-de-rodas-no-presidio-de-itajuba"],"_links":{"self":[{"href":"https:\/\/aconteceunovale.com.br\/portal\/index.php?rest_route=\/wp\/v2\/posts\/109790","targetHints":{"allow":["GET"]}}],"collection":[{"href":"https:\/\/aconteceunovale.com.br\/portal\/index.php?rest_route=\/wp\/v2\/posts"}],"about":[{"href":"https:\/\/aconteceunovale.com.br\/portal\/index.php?rest_route=\/wp\/v2\/types\/post"}],"author":[{"embeddable":true,"href":"https:\/\/aconteceunovale.com.br\/portal\/index.php?rest_route=\/wp\/v2\/users\/1"}],"replies":[{"embeddable":true,"href":"https:\/\/aconteceunovale.com.br\/portal\/index.php?rest_route=%2Fwp%2Fv2%2Fcomments&post=109790"}],"version-history":[{"count":0,"href":"https:\/\/aconteceunovale.com.br\/portal\/index.php?rest_route=\/wp\/v2\/posts\/109790\/revisions"}],"wp:featuredmedia":[{"embeddable":true,"href":"https:\/\/aconteceunovale.com.br\/portal\/index.php?rest_route=\/wp\/v2\/media\/109791"}],"wp:attachment":[{"href":"https:\/\/aconteceunovale.com.br\/portal\/index.php?rest_route=%2Fwp%2Fv2%2Fmedia&parent=109790"}],"wp:term":[{"taxonomy":"category","embeddable":true,"href":"https:\/\/aconteceunovale.com.br\/portal\/index.php?rest_route=%2Fwp%2Fv2%2Fcategories&post=109790"},{"taxonomy":"post_tag","embeddable":true,"href":"https:\/\/aconteceunovale.com.br\/portal\/index.php?rest_route=%2Fwp%2Fv2%2Ftags&post=109790"}],"curies":[{"name":"wp","href":"https:\/\/api.w.org\/{rel}","templated":true}]}}