{"id":109782,"date":"2017-03-02T22:49:45","date_gmt":"2017-03-03T00:49:45","guid":{"rendered":"http:\/\/aconteceunovale.com.br\/portal\/?p=109782"},"modified":"2017-03-02T22:49:59","modified_gmt":"2017-03-03T00:49:59","slug":"chuva-forte-causa-alagamentos-em-montes-claros","status":"publish","type":"post","link":"https:\/\/aconteceunovale.com.br\/portal\/?p=109782","title":{"rendered":"Chuva forte causa alagamentos em Montes Claros"},"content":{"rendered":"<p>A forte chuva que atingiu Montes Claros na tarde desta quinta-feira (02\/03) deixou alguns bairros alagados. Segundo o Corpo de Bombeiros, at\u00e9 \u00e0s 15h, 13 chamados para atendimentos foram registradas. Entre eles est\u00e3o inunda\u00e7\u00f5es, quedas de \u00e1rvores e um risco de desabamento no Bairro Vila Guilhermina.<\/p>\n<p>V\u00e1rias ruas do Bairro S\u00e3o Jos\u00e9 ficaram alagadas com a chuva. Um trecho da Rua Alan Kardec ficou tomado pela \u00e1gua e impossibilitou o tr\u00e1fego de ve\u00edculos no local. Outra rua atingida no bairro foi a S\u00edlvio Teixeira, que tamb\u00e9m gerou transtornos na regi\u00e3o. Dono de um hotel nesta rua, Guilherme Diniz afirma que a chuva durou cerca de 20 minutos, mas foi o suficiente para alagar toda a via.<\/p>\n<p>\u201cAqui \u00e9 recorrente esta situa\u00e7\u00e3o; toda vez que chove fica assim. Trabalho h\u00e1 cinco anos aqui e n\u00e3o vejo nenhuma perspectiva de mudan\u00e7a. At\u00e9 porque o problema vai al\u00e9m dos bueiros; creio que o problema esteja onde esta \u00e1gua ir\u00e1 parar, que s\u00e3o os c\u00f3rregos da regi\u00e3o que n\u00e3o suportam mais este volume\u201d, lamenta.<\/p>\n<p>Moradores reclamaram tamb\u00e9m da inunda\u00e7\u00e3o na Avenida Ant\u00f4nio Lafet\u00e1 Rebelo, no Bairro Santa L\u00facia. Alguns falaram que a enxurrada atingiu a via, mas n\u00e3o encontrava pontos de escoamento para o c\u00f3rrego da avenida.<\/p>\n<p>O tr\u00e2nsito tamb\u00e9m foi prejudicado pelo volume de \u00e1gua no local. O radialista Dhiogo Revert passava pelo local no momento da chuva e teve que se abrigar em um ponto comercial. A \u00e1gua na avenida corria forte e ele, que estava de moto, preferiu n\u00e3o se arriscar na enxurrada; no momento tamb\u00e9m ventava muito.<\/p>\n<p>&#8220;Vento foi t\u00e3o forte que arrancou as tampas de caixa d&#8217;\u00e1gua. Eram quase 14h quando come\u00e7ou a chover forte naquele ponto&#8221;.<\/p>\n<p>Alunos da Escola Municipal Eg\u00eddio Cordeiro Aquinio, no Bairro Independ\u00eancia, tiveram que ser retirados de algumas salas devido inunda\u00e7\u00e3o. A suspeita inicial \u00e9 que o esgoto tenha entornado e invadido a sala de aula.<\/p>\n<p><img decoding=\"async\" src=\"http:\/\/aconteceunovale.com.br\/portal\/wp-content\/uploads\/2017\/03\/chuva_moc_02mar_1.jpg\" alt=\"\" \/><em>Chegada da Chuva em Montes Claros (Foto: Reprodu\u00e7\u00e3o\/MOC News)<\/em><br \/>\n<\/br><\/p>\n<p><strong>Chuva acumulada<\/strong><\/p>\n<p>Conforme dados do Instituto Nacional de Meteorologia (Inmet), a chuva acumulada nesta quinta em Montes Claros \u00e9 de cerca de 25 mil\u00edmetros. A m\u00e9dia hist\u00f3rica para o m\u00eas de mar\u00e7o na cidade \u00e9 de 120 mm.<\/p>\n<p><strong>Racionamento<\/strong><\/p>\n<p>Apesar da chuva dessa quinta, Montes Claros vive um per\u00edodo de estiagem que resultou em uma medida emergencial da Companhia de Saneamento de Minas Gerais (Copasa). Desde novembro de 2015,  todos os bairros do munic\u00edpio participam de um rod\u00edzio de \u00e1gua.<\/p>\n<p>Segundo a companhia, a estiagem dos \u00faltimos anos causou a diminui\u00e7\u00e3o do n\u00edvel de \u00e1gua nos principais pontos de capta\u00e7\u00e3o da cidade &#8211; Rebent\u00e3o dos Ferros, Lapa Grande e Pacu\u00ed \u2013 o que prejudicou o abastecimento e justificou o rod\u00edzio.<\/p>\n<p><strong>VER PRIMEIRO<\/strong><\/p>\n<p><strong>Receba as not\u00edcias do Aconteceu no Vale em primeira m\u00e3o. Clique em curtir no endere\u00e7o <a href=\"https:\/\/www.facebook.com\/aconteceunovale\" target=\"_blank\"><font color=\"red\">www.facebook.com\/aconteceunovale<\/font><\/a> ou no box abaixo:<\/strong><\/p>\n<div class=\"fb-like\" data-href=\"https:\/\/www.facebook.com\/aconteceunovale\" data-width=\"120\" data-layout=\"standard\" data-action=\"like\" data-size=\"small\" data-show-faces=\"true\" data-share=\"true\"><\/div>\n<p><\/br><\/p>\n<p><em>(Fonte: G1 Grande Minas e O Tempo)<\/em><\/p>\n","protected":false},"excerpt":{"rendered":"<p>A forte chuva que atingiu Montes Claros na tarde desta quinta-feira (02\/03) deixou alguns bairros alagados. Segundo o Corpo de Bombeiros, at\u00e9 \u00e0s 15h, 13 chamados para atendimentos foram registradas. Entre eles est\u00e3o inunda\u00e7\u00f5es, quedas de \u00e1rvores e um risco de desabamento no Bairro Vila Guilhermina. V\u00e1rias ruas do Bairro S\u00e3o Jos\u00e9 ficaram alagadas com [&hellip;]<\/p>\n","protected":false},"author":1,"featured_media":109783,"comment_status":"open","ping_status":"closed","sticky":false,"template":"","format":"standard","meta":{"amp_status":"","footnotes":""},"categories":[1236],"tags":[139013,141040,20795,141039,1018,73721,141041,210],"class_list":["post-109782","post","type-post","status-publish","format-standard","has-post-thumbnail","hentry","category-norte_de_minas","tag-alagamento-em-montes-claros","tag-bairros-alagados-em-montes-claros","tag-chuva-em-montes-claros","tag-chuva-forte-causa-alagamentos-em-montes-claros","tag-destaque","tag-forte-chuva-em-montes-claros","tag-locais-alagados-em-montes-claros","tag-montes-claros"],"_links":{"self":[{"href":"https:\/\/aconteceunovale.com.br\/portal\/index.php?rest_route=\/wp\/v2\/posts\/109782","targetHints":{"allow":["GET"]}}],"collection":[{"href":"https:\/\/aconteceunovale.com.br\/portal\/index.php?rest_route=\/wp\/v2\/posts"}],"about":[{"href":"https:\/\/aconteceunovale.com.br\/portal\/index.php?rest_route=\/wp\/v2\/types\/post"}],"author":[{"embeddable":true,"href":"https:\/\/aconteceunovale.com.br\/portal\/index.php?rest_route=\/wp\/v2\/users\/1"}],"replies":[{"embeddable":true,"href":"https:\/\/aconteceunovale.com.br\/portal\/index.php?rest_route=%2Fwp%2Fv2%2Fcomments&post=109782"}],"version-history":[{"count":0,"href":"https:\/\/aconteceunovale.com.br\/portal\/index.php?rest_route=\/wp\/v2\/posts\/109782\/revisions"}],"wp:featuredmedia":[{"embeddable":true,"href":"https:\/\/aconteceunovale.com.br\/portal\/index.php?rest_route=\/wp\/v2\/media\/109783"}],"wp:attachment":[{"href":"https:\/\/aconteceunovale.com.br\/portal\/index.php?rest_route=%2Fwp%2Fv2%2Fmedia&parent=109782"}],"wp:term":[{"taxonomy":"category","embeddable":true,"href":"https:\/\/aconteceunovale.com.br\/portal\/index.php?rest_route=%2Fwp%2Fv2%2Fcategories&post=109782"},{"taxonomy":"post_tag","embeddable":true,"href":"https:\/\/aconteceunovale.com.br\/portal\/index.php?rest_route=%2Fwp%2Fv2%2Ftags&post=109782"}],"curies":[{"name":"wp","href":"https:\/\/api.w.org\/{rel}","templated":true}]}}