{"id":109777,"date":"2017-03-02T22:24:20","date_gmt":"2017-03-03T00:24:20","guid":{"rendered":"http:\/\/aconteceunovale.com.br\/portal\/?p=109777"},"modified":"2017-03-02T22:24:20","modified_gmt":"2017-03-03T00:24:20","slug":"falecimento-de-vereador-muda-composicao-da-camara-de-timoteo","status":"publish","type":"post","link":"https:\/\/aconteceunovale.com.br\/portal\/?p=109777","title":{"rendered":"Falecimento de vereador muda composi\u00e7\u00e3o da C\u00e2mara de Tim\u00f3teo"},"content":{"rendered":"<p>Morreu na tarde desta quinta-feira (02\/03), aos 44 anos, o vereador Vanderlei Nobre (PC do B), de Tim\u00f3teo (MG), ap\u00f3s complica\u00e7\u00f5es cl\u00ednicas em raz\u00e3o de um c\u00e2ncer no f\u00edgado. Vanderlei estava em seu segundo mandado como vereador.<\/p>\n<p>Nas elei\u00e7\u00f5es de 2016, obteve 487 votos, ficando como primeiro suplente. Em fevereiro ele assumiu o cargo ap\u00f3s o vereador Diogo Siqueira (PPL) ser nomeado para a Secretaria de Educa\u00e7\u00e3o do munic\u00edpio.<\/p>\n<p>O vel\u00f3rio ser\u00e1 realizado na Igreja Assembleia de Deus do Bairro Limoeiro em Tim\u00f3teo. Vanderlei era casado e tinha tr\u00eas filhos. A prefeitura da cidade declarou luto oficial de tr\u00eas dias. <\/p>\n<p><strong>Suplente<\/strong><\/p>\n<p>Com a morte do parlamentar, caso o vereador Diogo Siqueira, titular da cadeira n\u00e3o volte ao cargo, Gentil Lima (PSOL) assumir\u00e1 o cargo como segundo suplente. <\/p>\n<p>O regimento interno da Casa prev\u00ea que ap\u00f3s a morte de um vereador, a C\u00e2mara deve declarar a vac\u00e2ncia do cargo, ou seja, declarar o cargo vago. Ap\u00f3s esse procedimento a mesa diretora tem 48 horas para convocar o suplente para assumir o cargo.<\/p>\n<p><strong>VER PRIMEIRO<\/strong><\/p>\n<p><strong>Receba as not\u00edcias do Aconteceu no Vale em primeira m\u00e3o. Clique em curtir no endere\u00e7o <a href=\"https:\/\/www.facebook.com\/aconteceunovale\" target=\"_blank\"><font color=\"red\">www.facebook.com\/aconteceunovale<\/font><\/a> ou no box abaixo:<\/strong><\/p>\n<div class=\"fb-like\" data-href=\"https:\/\/www.facebook.com\/aconteceunovale\" data-width=\"120\" data-layout=\"standard\" data-action=\"like\" data-size=\"small\" data-show-faces=\"true\" data-share=\"true\"><\/div>\n<p><\/br><\/p>\n<p><em>(Fonte: G1 dos Vales)<\/em><\/p>\n","protected":false},"excerpt":{"rendered":"<p>Morreu na tarde desta quinta-feira (02\/03), aos 44 anos, o vereador Vanderlei Nobre (PC do B), de Tim\u00f3teo (MG), ap\u00f3s complica\u00e7\u00f5es cl\u00ednicas em raz\u00e3o de um c\u00e2ncer no f\u00edgado. Vanderlei estava em seu segundo mandado como vereador. Nas elei\u00e7\u00f5es de 2016, obteve 487 votos, ficando como primeiro suplente. Em fevereiro ele assumiu o cargo ap\u00f3s [&hellip;]<\/p>\n","protected":false},"author":1,"featured_media":104203,"comment_status":"open","ping_status":"closed","sticky":false,"template":"","format":"standard","meta":{"amp_status":"","footnotes":""},"categories":[121,40240],"tags":[141032,141028,141026,141031,141033,141027,141030,1105,141029],"class_list":["post-109777","post","type-post","status-publish","format-standard","has-post-thumbnail","hentry","category-leste","category-politica-2","tag-diogo-siqueira","tag-falecimento-de-vereador-em-timoteo","tag-falecimento-de-vereador-muda-composicao-da-camara-de-timoteo","tag-falecimento-do-vereador-vanderlei-nobre","tag-gentil-lima","tag-morte-de-vereador-em-timoteo","tag-morte-do-vereador-vanderlei-nobre","tag-timoteo","tag-vanderlei-nobre"],"_links":{"self":[{"href":"https:\/\/aconteceunovale.com.br\/portal\/index.php?rest_route=\/wp\/v2\/posts\/109777","targetHints":{"allow":["GET"]}}],"collection":[{"href":"https:\/\/aconteceunovale.com.br\/portal\/index.php?rest_route=\/wp\/v2\/posts"}],"about":[{"href":"https:\/\/aconteceunovale.com.br\/portal\/index.php?rest_route=\/wp\/v2\/types\/post"}],"author":[{"embeddable":true,"href":"https:\/\/aconteceunovale.com.br\/portal\/index.php?rest_route=\/wp\/v2\/users\/1"}],"replies":[{"embeddable":true,"href":"https:\/\/aconteceunovale.com.br\/portal\/index.php?rest_route=%2Fwp%2Fv2%2Fcomments&post=109777"}],"version-history":[{"count":0,"href":"https:\/\/aconteceunovale.com.br\/portal\/index.php?rest_route=\/wp\/v2\/posts\/109777\/revisions"}],"wp:featuredmedia":[{"embeddable":true,"href":"https:\/\/aconteceunovale.com.br\/portal\/index.php?rest_route=\/wp\/v2\/media\/104203"}],"wp:attachment":[{"href":"https:\/\/aconteceunovale.com.br\/portal\/index.php?rest_route=%2Fwp%2Fv2%2Fmedia&parent=109777"}],"wp:term":[{"taxonomy":"category","embeddable":true,"href":"https:\/\/aconteceunovale.com.br\/portal\/index.php?rest_route=%2Fwp%2Fv2%2Fcategories&post=109777"},{"taxonomy":"post_tag","embeddable":true,"href":"https:\/\/aconteceunovale.com.br\/portal\/index.php?rest_route=%2Fwp%2Fv2%2Ftags&post=109777"}],"curies":[{"name":"wp","href":"https:\/\/api.w.org\/{rel}","templated":true}]}}