{"id":109767,"date":"2017-03-02T22:05:32","date_gmt":"2017-03-03T00:05:32","guid":{"rendered":"http:\/\/aconteceunovale.com.br\/portal\/?p=109767"},"modified":"2017-03-02T22:05:32","modified_gmt":"2017-03-03T00:05:32","slug":"corpo-de-adolescente-e-encontrado-as-margens-de-rodovia-no-leste-de-minas","status":"publish","type":"post","link":"https:\/\/aconteceunovale.com.br\/portal\/?p=109767","title":{"rendered":"Corpo de adolescente \u00e9 encontrado \u00e0s margens de rodovia no Leste de Minas"},"content":{"rendered":"<p>A pol\u00edcia encontrou o corpo de um adolescente em um matagal \u00e0s margens da AMG-900, pr\u00f3ximo a S\u00e3o Jo\u00e3o do Oriente, nesta quarta-feira (01\/03). Os militares foram acionados por testemunhas que passaram pela rodovia e viram o corpo com a cabe\u00e7a amarrada com uma sacola pl\u00e1stica.<\/p>\n<p>A per\u00edcia confirmou que o adolescente foi morto por asfixia h\u00e1 cerca de dois dias. Os policiais acreditam que o crime foi praticado em outro local, e que os autores jogaram o corpo da v\u00edtima no matagal.<\/p>\n<p>O adolescente ainda n\u00e3o foi identificado porque estava sem documentos, mas segundo a pol\u00edcia, ele aparenta ter 13 anos.  O corpo foi encaminhado para o Instituto M\u00e9dico Legal (IML) de Caratinga.<\/p>\n<p><strong>VER PRIMEIRO<\/strong><\/p>\n<p><strong>Receba as not\u00edcias do Aconteceu no Vale em primeira m\u00e3o. Clique em curtir no endere\u00e7o <a href=\"https:\/\/www.facebook.com\/aconteceunovale\" target=\"_blank\"><font color=\"red\">www.facebook.com\/aconteceunovale<\/font><\/a> ou no box abaixo:<\/strong><\/p>\n<div class=\"fb-like\" data-href=\"https:\/\/www.facebook.com\/aconteceunovale\" data-width=\"120\" data-layout=\"standard\" data-action=\"like\" data-size=\"small\" data-show-faces=\"true\" data-share=\"true\"><\/div>\n<p><\/br><\/p>\n<p><em>(G1 dos Vales)<\/em><\/p>\n","protected":false},"excerpt":{"rendered":"<p>A pol\u00edcia encontrou o corpo de um adolescente em um matagal \u00e0s margens da AMG-900, pr\u00f3ximo a S\u00e3o Jo\u00e3o do Oriente, nesta quarta-feira (01\/03). Os militares foram acionados por testemunhas que passaram pela rodovia e viram o corpo com a cabe\u00e7a amarrada com uma sacola pl\u00e1stica. A per\u00edcia confirmou que o adolescente foi morto por [&hellip;]<\/p>\n","protected":false},"author":1,"featured_media":71442,"comment_status":"open","ping_status":"closed","sticky":false,"template":"","format":"standard","meta":{"amp_status":"","footnotes":""},"categories":[121],"tags":[79099,237,141016,141015,141014,1734],"class_list":["post-109767","post","type-post","status-publish","format-standard","has-post-thumbnail","hentry","category-leste","tag-amg-900","tag-caratinga","tag-corpo-de-adolescente-e-encontrado-as-margens-de-rodovia-no-leste-de-minas","tag-corpo-encontrado-em-sao-joao-do-oriente","tag-corpo-encontrado-na-amg-900","tag-sao-joao-do-oriente"],"_links":{"self":[{"href":"https:\/\/aconteceunovale.com.br\/portal\/index.php?rest_route=\/wp\/v2\/posts\/109767","targetHints":{"allow":["GET"]}}],"collection":[{"href":"https:\/\/aconteceunovale.com.br\/portal\/index.php?rest_route=\/wp\/v2\/posts"}],"about":[{"href":"https:\/\/aconteceunovale.com.br\/portal\/index.php?rest_route=\/wp\/v2\/types\/post"}],"author":[{"embeddable":true,"href":"https:\/\/aconteceunovale.com.br\/portal\/index.php?rest_route=\/wp\/v2\/users\/1"}],"replies":[{"embeddable":true,"href":"https:\/\/aconteceunovale.com.br\/portal\/index.php?rest_route=%2Fwp%2Fv2%2Fcomments&post=109767"}],"version-history":[{"count":0,"href":"https:\/\/aconteceunovale.com.br\/portal\/index.php?rest_route=\/wp\/v2\/posts\/109767\/revisions"}],"wp:featuredmedia":[{"embeddable":true,"href":"https:\/\/aconteceunovale.com.br\/portal\/index.php?rest_route=\/wp\/v2\/media\/71442"}],"wp:attachment":[{"href":"https:\/\/aconteceunovale.com.br\/portal\/index.php?rest_route=%2Fwp%2Fv2%2Fmedia&parent=109767"}],"wp:term":[{"taxonomy":"category","embeddable":true,"href":"https:\/\/aconteceunovale.com.br\/portal\/index.php?rest_route=%2Fwp%2Fv2%2Fcategories&post=109767"},{"taxonomy":"post_tag","embeddable":true,"href":"https:\/\/aconteceunovale.com.br\/portal\/index.php?rest_route=%2Fwp%2Fv2%2Ftags&post=109767"}],"curies":[{"name":"wp","href":"https:\/\/api.w.org\/{rel}","templated":true}]}}