{"id":109765,"date":"2017-03-02T21:34:29","date_gmt":"2017-03-02T23:34:29","guid":{"rendered":"http:\/\/aconteceunovale.com.br\/portal\/?p=109765"},"modified":"2017-03-02T21:34:29","modified_gmt":"2017-03-02T23:34:29","slug":"horario-de-verao-gerou-economia-de-r-159-milhoes-com-reducao-do-uso-de-termicas","status":"publish","type":"post","link":"https:\/\/aconteceunovale.com.br\/portal\/?p=109765","title":{"rendered":"Hor\u00e1rio de ver\u00e3o gerou economia de R$ 159 milh\u00f5es com redu\u00e7\u00e3o do uso de t\u00e9rmicas"},"content":{"rendered":"<p>O hor\u00e1rio de ver\u00e3o deste ano possibilitou uma economia de R$ 159,5 milh\u00f5es, decorrentes da redu\u00e7\u00e3o do acionamento de usinas t\u00e9rmicas durante o per\u00edodo de vig\u00eancia da medida. O n\u00famero \u00e9 maior do que previsto pelo governo, que esperava uma economia de R$ 147,5 milh\u00f5es, mas ficou abaixo do resultado do ano passado, quando o total chegou a R$ 162 milh\u00f5es.<\/p>\n<p>Segundo o Operador Nacional do Sistema El\u00e9trico, no Sistema Sul, houve uma redu\u00e7\u00e3o da ordem de 4,3% na demanda no hor\u00e1rio de pico (entre as 18h e as 21h), o que equivale, aproximadamente, ao atendimento do dobro da carga da cidade de Florian\u00f3polis neste hor\u00e1rio. No Sistema Sudeste\/Centro-Oeste, a redu\u00e7\u00e3o da demanda foi equivalente ao atendimento da metade da carga da cidade do Rio de Janeiro no hor\u00e1rio de ponta, aproximadamente.<\/p>\n<p>Esta edi\u00e7\u00e3o do hor\u00e1rio de ver\u00e3o durou 126 dias, de 16 de outubro de 2016 a 19 de fevereiro de 2017. De acordo com o Minist\u00e9rio de Minas e Energia, al\u00e9m da economia de dinheiro, a medida gera ganhos qualitativos com a redu\u00e7\u00e3o do consumo no hor\u00e1rio de pico noturno, diminuindo os carregamentos no sistema de transmiss\u00e3o, proporcionando maior flexibilidade operativa para realiza\u00e7\u00e3o de manuten\u00e7\u00f5es em equipamentos e redu\u00e7\u00e3o de cortes de carga em situa\u00e7\u00f5es de emerg\u00eancia, o que gera um aumento na seguran\u00e7a do atendimento ao consumidor final.<\/p>\n<p><strong>VER PRIMEIRO<\/strong><\/p>\n<p><strong>Receba as not\u00edcias do Aconteceu no Vale em primeira m\u00e3o. Clique em curtir no endere\u00e7o <a href=\"https:\/\/www.facebook.com\/aconteceunovale\" target=\"_blank\"><font color=\"red\">www.facebook.com\/aconteceunovale<\/font><\/a> ou no box abaixo:<\/strong><\/p>\n<div class=\"fb-like\" data-href=\"https:\/\/www.facebook.com\/aconteceunovale\" data-width=\"120\" data-layout=\"standard\" data-action=\"like\" data-size=\"small\" data-show-faces=\"true\" data-share=\"true\"><\/div>\n<p><\/br><\/p>\n<p><em>(Ag\u00eancia Brasil)<\/em><\/p>\n","protected":false},"excerpt":{"rendered":"<p>O hor\u00e1rio de ver\u00e3o deste ano possibilitou uma economia de R$ 159,5 milh\u00f5es, decorrentes da redu\u00e7\u00e3o do acionamento de usinas t\u00e9rmicas durante o per\u00edodo de vig\u00eancia da medida. O n\u00famero \u00e9 maior do que previsto pelo governo, que esperava uma economia de R$ 147,5 milh\u00f5es, mas ficou abaixo do resultado do ano passado, quando o [&hellip;]<\/p>\n","protected":false},"author":1,"featured_media":78833,"comment_status":"open","ping_status":"closed","sticky":false,"template":"","format":"standard","meta":{"amp_status":"","footnotes":""},"categories":[6],"tags":[120342,35418,345,141012,30719,141013,73604,141011],"class_list":["post-109765","post","type-post","status-publish","format-standard","has-post-thumbnail","hentry","category-br","tag-economia-com-o-horario-de-verao","tag-energia-eletrica","tag-horario-de-verao","tag-horario-de-verao-gerou-economia-de-r-159-milhoes-com-reducao-do-uso-de-termicas","tag-ons","tag-quantia-economizada-com-o-horario-de-verao","tag-sistema-eletrico","tag-usinas-termeletricas"],"_links":{"self":[{"href":"https:\/\/aconteceunovale.com.br\/portal\/index.php?rest_route=\/wp\/v2\/posts\/109765","targetHints":{"allow":["GET"]}}],"collection":[{"href":"https:\/\/aconteceunovale.com.br\/portal\/index.php?rest_route=\/wp\/v2\/posts"}],"about":[{"href":"https:\/\/aconteceunovale.com.br\/portal\/index.php?rest_route=\/wp\/v2\/types\/post"}],"author":[{"embeddable":true,"href":"https:\/\/aconteceunovale.com.br\/portal\/index.php?rest_route=\/wp\/v2\/users\/1"}],"replies":[{"embeddable":true,"href":"https:\/\/aconteceunovale.com.br\/portal\/index.php?rest_route=%2Fwp%2Fv2%2Fcomments&post=109765"}],"version-history":[{"count":0,"href":"https:\/\/aconteceunovale.com.br\/portal\/index.php?rest_route=\/wp\/v2\/posts\/109765\/revisions"}],"wp:featuredmedia":[{"embeddable":true,"href":"https:\/\/aconteceunovale.com.br\/portal\/index.php?rest_route=\/wp\/v2\/media\/78833"}],"wp:attachment":[{"href":"https:\/\/aconteceunovale.com.br\/portal\/index.php?rest_route=%2Fwp%2Fv2%2Fmedia&parent=109765"}],"wp:term":[{"taxonomy":"category","embeddable":true,"href":"https:\/\/aconteceunovale.com.br\/portal\/index.php?rest_route=%2Fwp%2Fv2%2Fcategories&post=109765"},{"taxonomy":"post_tag","embeddable":true,"href":"https:\/\/aconteceunovale.com.br\/portal\/index.php?rest_route=%2Fwp%2Fv2%2Ftags&post=109765"}],"curies":[{"name":"wp","href":"https:\/\/api.w.org\/{rel}","templated":true}]}}