{"id":109761,"date":"2017-03-02T21:31:02","date_gmt":"2017-03-02T23:31:02","guid":{"rendered":"http:\/\/aconteceunovale.com.br\/portal\/?p=109761"},"modified":"2017-03-02T21:31:02","modified_gmt":"2017-03-02T23:31:02","slug":"carnaval-de-belo-horizonte-reuniu-3-milhoes-de-folioes","status":"publish","type":"post","link":"https:\/\/aconteceunovale.com.br\/portal\/?p=109761","title":{"rendered":"Carnaval de Belo Horizonte reuniu 3 milh\u00f5es de foli\u00f5es"},"content":{"rendered":"<p>Um balan\u00e7o divulgado pela Empresa Municipal de Turismo de Belo Horizonte (Belotur) registrou que o carnaval da capital mineira reuniu 3 milh\u00f5es de foli\u00f5es. A estimativa inicial era ter 2,4 milh\u00f5es de pessoas nas ruas da cidade, das quais 500 mil turistas e o restante, moradores locais. A contabilidade da Belotur foi feita por dia. Ou seja, se uma pessoa foi \u00e0s ruas em quatro dias distintos, foi considerada como quatro foli\u00f5es.<\/p>\n<p>Com estes n\u00fameros, Belo Horizonte confirma o carnaval deste ano como o maior de sua hist\u00f3ria. Oficialmente, o per\u00edodo da folia foi de 11 de fevereiro at\u00e9 ontem (1\u00ba). Foram 416 desfiles, organizados por cerca de 350 blocos de rua.<\/p>\n<p>A programa\u00e7\u00e3o tamb\u00e9m teve apresenta\u00e7\u00f5es de escolas de samba e de blocos caricatos, com o carnavalzinho voltado para crian\u00e7as e com shows divididos por quatro palcos espalhados pela cidade.<\/p>\n<p>Para dar conta do p\u00fablico, a prefeitura de Belo Horizonte aumentou a estrutura e os recursos humanos em rela\u00e7\u00e3o ao ano passado. Foram disponibilizados 10 mil banheiros qu\u00edmicos. Na seguran\u00e7a, trabalharam 2 mil guardas municipais e 2,7 mil policiais militares.<\/p>\n<p>Tamb\u00e9m estiveram nas ruas cerca de 9,4 mil ambulantes credenciados para a venda de bebidas, n\u00famero quase tr\u00eas vezes superior ao registrado em 2016. Para melhorar o deslocamento dos foli\u00f5es, a Empresa de Tr\u00e2nsito de Belo Horizonte (BHTrans) refor\u00e7ou o atendimento das linhas de \u00f4nibus.<\/p>\n<p><img decoding=\"async\" src=\"http:\/\/aconteceunovale.com.br\/portal\/wp-content\/uploads\/2017\/03\/carnaval_bh_17.jpg\" alt=\"\" \/><em>Foli\u00f5es lotaram ruas de BH (Foto: Divulga\u00e7\u00e3o\/Carnaval de Belo Horizonte)<\/em><br \/>\n<\/br><\/p>\n<p><strong>Ocorr\u00eancias policiais<\/strong><\/p>\n<p>A Pol\u00edcia Militar de Minas Gerais tamb\u00e9m apresentou hoje um balan\u00e7o das ocorr\u00eancias na capital mineira no per\u00edodo do carnaval. Segundo a corpora\u00e7\u00e3o, o n\u00famero de incidentes foi pequeno. Em compara\u00e7\u00e3o com o carnaval de 2016 houve redu\u00e7\u00e3o de 43% na criminalidade violenta. No ano passado, foram 874 ocorr\u00eancias desse tipo e, neste ano, 499. Os roubos tamb\u00e9m ca\u00edram, passando de 825 para 481.<\/p>\n<p>Houve ainda registro de tr\u00eas homic\u00eddios. Em 2016, foram 14 no mesmo per\u00edodo, o que representa queda de 80% neste ano. O levantamento revela tamb\u00e9m queda de 25% no furto de celulares, crime que geralmente ocorre em ambientes de aglomera\u00e7\u00e3o em rela\u00e7\u00e3o \u00e0 folia do ano passado.<\/p>\n<p>Em todo o estado de Minas Gerais, a criminalidade tamb\u00e9m caiu. A ocorr\u00eancia de crimes violentos foi 27% menor do que no carnaval do ano passado.<\/p>\n<p><strong>Menos acidentes<\/strong><\/p>\n<p>A Pol\u00edcia Militar Rodovi\u00e1ria tamb\u00e9m divulgou n\u00fameros de acidentes de tr\u00e2nsito no estado de Minas Gerais. Entre 24 de fevereiro e ontem (1\u00ba), ocorreram 389 acidentes com 424 pessoas feridas e 21 mortos, o que representa uma redu\u00e7\u00e3o de 10% nos acidentes fatais em compara\u00e7\u00e3o com o ano passado. Foram 18 ocorr\u00eancias deste tipo, contra 20 de 2016. O n\u00famero de \u00f3bitos, por\u00e9m, se manteve. Tanto em 2016 quanto este ano, 21 pessoas morreram em acidentes de tr\u00e2nsito.<\/p>\n<p>Tamb\u00e9m foram feitas nas estradas mineiras 423 opera\u00e7\u00f5es Lei Seca. O teste de etil\u00f4metro foi aplicado 5.325 vezes e 92 motoristas foram presos por embriaguez ao volante.<\/p>\n<p><strong>VER PRIMEIRO<\/strong><\/p>\n<p><strong>Receba as not\u00edcias do Aconteceu no Vale em primeira m\u00e3o. Clique em curtir no endere\u00e7o <a href=\"https:\/\/www.facebook.com\/aconteceunovale\" target=\"_blank\"><font color=\"red\">www.facebook.com\/aconteceunovale<\/font><\/a> ou no box abaixo:<\/strong><\/p>\n<div class=\"fb-like\" data-href=\"https:\/\/www.facebook.com\/aconteceunovale\" data-width=\"120\" data-layout=\"standard\" data-action=\"like\" data-size=\"small\" data-show-faces=\"true\" data-share=\"true\"><\/div>\n<p><\/br><\/p>\n<p><em>(Fonte: Ag\u00eancia Brasil)<\/em><\/p>\n","protected":false},"excerpt":{"rendered":"<p>Um balan\u00e7o divulgado pela Empresa Municipal de Turismo de Belo Horizonte (Belotur) registrou que o carnaval da capital mineira reuniu 3 milh\u00f5es de foli\u00f5es. A estimativa inicial era ter 2,4 milh\u00f5es de pessoas nas ruas da cidade, das quais 500 mil turistas e o restante, moradores locais. A contabilidade da Belotur foi feita por dia. [&hellip;]<\/p>\n","protected":false},"author":1,"featured_media":109762,"comment_status":"open","ping_status":"closed","sticky":false,"template":"","format":"standard","meta":{"amp_status":"","footnotes":""},"categories":[125,123],"tags":[194,1017,135651,139390,139391,30519,33249,139389,140791,140795,1018,47713,135895,139640,140789,140794,140792,128565,140786,140785,140793,140787,140788,140790],"class_list":["post-109761","post","type-post","status-publish","format-standard","has-post-thumbnail","hentry","category-noticias","category-gerais","tag-belo-horizonte","tag-bh","tag-carnaval-2017","tag-carnaval-2017-em-belo-horizonte","tag-carnaval-2017-em-bh","tag-carnaval-de-belo-horizonte","tag-carnaval-em-belo-horizonte","tag-carnaval-em-bh","tag-carnavalia","tag-carnivalia","tag-destaque","tag-febre-amarela","tag-febre-amarela-em-belo-horizonte","tag-febre-amarela-em-bh","tag-febre-amarela-parque-das-mangabeiras","tag-fechado","tag-local-do-carnavalia","tag-parque-das-mangabeiras","tag-parque-que-receberia-evento-de-carnaval-em-bh","tag-parque-que-receberia-evento-de-carnaval-em-bh-e-fechado-devido-a-febre-amarela","tag-proibicao-de-eventos-no-parque-das-mangabeiras","tag-suspeita-de-febre-amarela-em-belo-horizonte","tag-suspeita-de-febre-amarela-em-bh","tag-suspeita-de-febre-amarela-parque-das-mangabeiras"],"_links":{"self":[{"href":"https:\/\/aconteceunovale.com.br\/portal\/index.php?rest_route=\/wp\/v2\/posts\/109761","targetHints":{"allow":["GET"]}}],"collection":[{"href":"https:\/\/aconteceunovale.com.br\/portal\/index.php?rest_route=\/wp\/v2\/posts"}],"about":[{"href":"https:\/\/aconteceunovale.com.br\/portal\/index.php?rest_route=\/wp\/v2\/types\/post"}],"author":[{"embeddable":true,"href":"https:\/\/aconteceunovale.com.br\/portal\/index.php?rest_route=\/wp\/v2\/users\/1"}],"replies":[{"embeddable":true,"href":"https:\/\/aconteceunovale.com.br\/portal\/index.php?rest_route=%2Fwp%2Fv2%2Fcomments&post=109761"}],"version-history":[{"count":0,"href":"https:\/\/aconteceunovale.com.br\/portal\/index.php?rest_route=\/wp\/v2\/posts\/109761\/revisions"}],"wp:featuredmedia":[{"embeddable":true,"href":"https:\/\/aconteceunovale.com.br\/portal\/index.php?rest_route=\/wp\/v2\/media\/109762"}],"wp:attachment":[{"href":"https:\/\/aconteceunovale.com.br\/portal\/index.php?rest_route=%2Fwp%2Fv2%2Fmedia&parent=109761"}],"wp:term":[{"taxonomy":"category","embeddable":true,"href":"https:\/\/aconteceunovale.com.br\/portal\/index.php?rest_route=%2Fwp%2Fv2%2Fcategories&post=109761"},{"taxonomy":"post_tag","embeddable":true,"href":"https:\/\/aconteceunovale.com.br\/portal\/index.php?rest_route=%2Fwp%2Fv2%2Ftags&post=109761"}],"curies":[{"name":"wp","href":"https:\/\/api.w.org\/{rel}","templated":true}]}}