{"id":109759,"date":"2017-03-02T21:18:36","date_gmt":"2017-03-02T23:18:36","guid":{"rendered":"http:\/\/aconteceunovale.com.br\/portal\/?p=109759"},"modified":"2017-03-02T21:18:36","modified_gmt":"2017-03-02T23:18:36","slug":"supremo-adia-para-abril-decisao-sobre-denuncia-contra-fernando-pimentel","status":"publish","type":"post","link":"https:\/\/aconteceunovale.com.br\/portal\/?p=109759","title":{"rendered":"Supremo adia para abril decis\u00e3o sobre den\u00fancia contra Fernando Pimentel"},"content":{"rendered":"<p>O Supremo Tribunal Federal (STF) adiou hoje (02\/03) o resultado do julgamento sobre a validade da norma da Constitui\u00e7\u00e3o de Minas Gerais que impede o governador do estado de responder a uma a\u00e7\u00e3o penal sem autoriza\u00e7\u00e3o da Assembleia Legislativa.<\/p>\n<p>O julgamento deve ser retomado em abril, ap\u00f3s a posse do ministro Alexandre de Moraes, porque a pauta de julgamento de mar\u00e7o j\u00e1 foi definida. A decis\u00e3o que for tomada pela Corte atingir\u00e1 o atual governador, Fernando Pimentel, que \u00e9 investigado na Opera\u00e7\u00e3o Acr\u00f4nimo, da Pol\u00edcia Federal.<\/p>\n<p>A suspens\u00e3o ocorreu por n\u00e3o haver seis ministros a favor de uma das teses que estivessem presentes para julgar a constitucionalidade da norma. Em fun\u00e7\u00e3o da aus\u00eancia de Gilmar Mendes, n\u00e3o foi atingido o n\u00famero m\u00ednimo de votos a favor do prosseguimento da an\u00e1lise da a\u00e7\u00e3o.<\/p>\n<p>Durante o julgamento, os ministros Edson Fachin, Lu\u00eds Roberto Barroso, Rosa Weber, Luiz Fux e Carmen L\u00facia entenderam que a\u00e7\u00e3o protocolada pelo DEM \u00e9 adequada tecnicamente para questionar a validade do impedimento. No entanto, Marco Aur\u00e9lio, Dias Toffoli, Ricardo Lewandowski e Celso de Mello entenderam que a\u00e7\u00e3o n\u00e3o pode ser julgada por ser invi\u00e1vel juridicamente.<\/p>\n<p>Na a\u00e7\u00e3o, o DEM afirma que a norma mineira \u00e9 inconstitucional e pede que a Corte declare que n\u00e3o h\u00e1 necessidade de autoriza\u00e7\u00e3o da Assembleia Legislativa para o recebimento de den\u00fancia contra o governador.<\/p>\n<p><strong>Opera\u00e7\u00e3o Acr\u00f4nimo<\/strong><\/p>\n<p>A den\u00fancia contra Pimentel foi apresentada em maio do ano passado pela Procuradoria-Geral Rep\u00fablica (PGR) ao Superior Tribunal de Justi\u00e7a (STJ). Ela se baseia nas investiga\u00e7\u00f5es da Pol\u00edcia Federal (PF) no \u00e2mbito da Opera\u00e7\u00e3o Acr\u00f4nimo, instaurada para apurar esquemas ilegais que teriam beneficiado o governador na campanha eleitoral de 2014. Segundo a PF, empresas teriam pago vantagens ilegais durante o per\u00edodo em que Pimentel comandou o Minist\u00e9rio do Desenvolvimento, Ind\u00fastria e Com\u00e9rcio, entre 2011 e 2014.<\/p>\n<p>Em outubro, o STJ decidiu encaminhar a den\u00fancia contra o governador \u00e0 Assembleia Legislativa ap\u00f3s a maioria dos ministros entender que \u00e9 necess\u00e1ria autoriza\u00e7\u00e3o pr\u00e9via do Legislativo local para dar prosseguimento ao processo.<\/p>\n<p>O advogado do governador, Eug\u00eanio Pacelli, sustenta que a den\u00fancia da PGR \u00e9 fr\u00e1gil e \u201cfeita com base exclusivamente em depoimento de colaborador, n\u00e3o se apoiando em nenhum meio de prova admitido pela Justi\u00e7a\u201d<\/p>\n<p><strong>VER PRIMEIRO<\/strong><\/p>\n<p><strong>Receba as not\u00edcias do Aconteceu no Vale em primeira m\u00e3o. Clique em curtir no endere\u00e7o <a href=\"https:\/\/www.facebook.com\/aconteceunovale\" target=\"_blank\"><font color=\"red\">www.facebook.com\/aconteceunovale<\/font><\/a> ou no box abaixo:<\/strong><\/p>\n<div class=\"fb-like\" data-href=\"https:\/\/www.facebook.com\/aconteceunovale\" data-width=\"120\" data-layout=\"standard\" data-action=\"like\" data-size=\"small\" data-show-faces=\"true\" data-share=\"true\"><\/div>\n<p><\/br><\/p>\n<p><em>(Fonte: Ag\u00eancia Brasil)<\/em><\/p>\n","protected":false},"excerpt":{"rendered":"<p>O Supremo Tribunal Federal (STF) adiou hoje (02\/03) o resultado do julgamento sobre a validade da norma da Constitui\u00e7\u00e3o de Minas Gerais que impede o governador do estado de responder a uma a\u00e7\u00e3o penal sem autoriza\u00e7\u00e3o da Assembleia Legislativa. O julgamento deve ser retomado em abril, ap\u00f3s a posse do ministro Alexandre de Moraes, porque [&hellip;]<\/p>\n","protected":false},"author":1,"featured_media":79916,"comment_status":"open","ping_status":"closed","sticky":false,"template":"","format":"standard","meta":{"amp_status":"","footnotes":""},"categories":[123,40240],"tags":[141009,12826,131,46843,28511,141008,141010],"class_list":["post-109759","post","type-post","status-publish","format-standard","has-post-thumbnail","hentry","category-gerais","category-politica-2","tag-denuncia-contra-governador-de-minas","tag-fernando-pimentel","tag-minas-gerais","tag-operacao-acronimo","tag-stf","tag-stf-adia-para-abril-decisao-sobre-denuncia-contra-governador-de-minas","tag-supremo-adia-para-abril-decisao-sobre-denuncia-contra-fernando-pimentel"],"_links":{"self":[{"href":"https:\/\/aconteceunovale.com.br\/portal\/index.php?rest_route=\/wp\/v2\/posts\/109759","targetHints":{"allow":["GET"]}}],"collection":[{"href":"https:\/\/aconteceunovale.com.br\/portal\/index.php?rest_route=\/wp\/v2\/posts"}],"about":[{"href":"https:\/\/aconteceunovale.com.br\/portal\/index.php?rest_route=\/wp\/v2\/types\/post"}],"author":[{"embeddable":true,"href":"https:\/\/aconteceunovale.com.br\/portal\/index.php?rest_route=\/wp\/v2\/users\/1"}],"replies":[{"embeddable":true,"href":"https:\/\/aconteceunovale.com.br\/portal\/index.php?rest_route=%2Fwp%2Fv2%2Fcomments&post=109759"}],"version-history":[{"count":0,"href":"https:\/\/aconteceunovale.com.br\/portal\/index.php?rest_route=\/wp\/v2\/posts\/109759\/revisions"}],"wp:featuredmedia":[{"embeddable":true,"href":"https:\/\/aconteceunovale.com.br\/portal\/index.php?rest_route=\/wp\/v2\/media\/79916"}],"wp:attachment":[{"href":"https:\/\/aconteceunovale.com.br\/portal\/index.php?rest_route=%2Fwp%2Fv2%2Fmedia&parent=109759"}],"wp:term":[{"taxonomy":"category","embeddable":true,"href":"https:\/\/aconteceunovale.com.br\/portal\/index.php?rest_route=%2Fwp%2Fv2%2Fcategories&post=109759"},{"taxonomy":"post_tag","embeddable":true,"href":"https:\/\/aconteceunovale.com.br\/portal\/index.php?rest_route=%2Fwp%2Fv2%2Ftags&post=109759"}],"curies":[{"name":"wp","href":"https:\/\/api.w.org\/{rel}","templated":true}]}}