{"id":109756,"date":"2017-03-02T21:12:52","date_gmt":"2017-03-02T23:12:52","guid":{"rendered":"http:\/\/aconteceunovale.com.br\/portal\/?p=109756"},"modified":"2017-03-02T21:12:52","modified_gmt":"2017-03-02T23:12:52","slug":"saiba-o-que-muda-nas-regras-para-a-declaracao-do-imposto-de-renda-neste-ano","status":"publish","type":"post","link":"https:\/\/aconteceunovale.com.br\/portal\/?p=109756","title":{"rendered":"Saiba o que muda nas regras para a declara\u00e7\u00e3o do Imposto de Renda neste ano"},"content":{"rendered":"<p>Nesta quinta-feira (2), a Receita Federal come\u00e7ou a receber as declara\u00e7\u00f5es do Imposto de Renda Pessoa F\u00edsica (IRPF) relativas ao ano-calend\u00e1rio de 2016. As regras tiveram poucas mudan\u00e7as em rela\u00e7\u00e3o ao ano passado. Valores relativos \u00e0 dedu\u00e7\u00e3o de gastos, prazos para restitui\u00e7\u00e3o e alguns pontos na tabela do IR continuaram iguais aos de 2016.<\/p>\n<p><strong>Veja o que mudou:<\/strong><\/p>\n<p><strong>1) Tabela do Imposto de Renda<\/strong><\/p>\n<p>Em rela\u00e7\u00e3o ao ano passado, a tabela do Imposto de Renda foi reajustada com porcentagem menor do que a infla\u00e7\u00e3o. Em 2016, eram obrigadas a declarar todas as pessoas com rendimentos tribut\u00e1veis acima de R$ 28.123,91. Este ano, o valor passou para R$ 28.559,70 (reajuste de 1,54%).<\/p>\n<p>A tabela do imposto para quem realiza atividades rurais tamb\u00e9m teve reajuste de 1,54%. Em 2016, todos os que ganharam mais do que R$ 140.619,55\/ano eram obrigados a declarar. Este ano, o valor passou para R$ 142.798,50\/ano.<\/p>\n<p>Para rendimentos n\u00e3o tribut\u00e1veis, ou tributados na fonte, a tabela continua igual \u00e0 do ano passado: deve declarar imposto quem recebeu mais de R$ 40 mil provindos dessa natureza. O valor para propriedade de bens tamb\u00e9m continua igual ao de 2016: R$ 300 mil.<\/p>\n<p><strong>2) Redu\u00e7\u00e3o da idade m\u00ednima para apresenta\u00e7\u00e3o de CPF para dependentes<\/strong><\/p>\n<p>At\u00e9 o ano passado, todos os dependentes com mais de 14 anos precisavam ter o n\u00famero do CPF informado na declara\u00e7\u00e3o. Neste ano, a obrigatoriedade passou para 12 anos completos at\u00e9 31 de dezembro \u00faltimo. &#8220;Caso n\u00e3o tenha, o dependente precisa tirar o CPF antes de ser feita a declara\u00e7\u00e3o&#8221;, disse o supervisor nacional do Imposto de Renda, Joaquim Adir, durante a apresenta\u00e7\u00e3o das regras para declara\u00e7\u00e3o do IRPF 2017.<\/p>\n<p><strong>3) Atualiza\u00e7\u00e3o autom\u00e1tica do Programa do Imposto de Renda<\/strong><\/p>\n<p>A partir de 2017, o programa gerador do Imposto de Renda vai ser atualizado automaticamente. Em 2018, n\u00e3o ser\u00e1 preciso baixar o programa. Importante: a vers\u00e3o 2016 n\u00e3o ser\u00e1 atualizada automaticamente para a deste ano. &#8220;Essa \u00e9 uma mudan\u00e7a futura. \u00c9 preciso baixar o IRPF 2017 no\u00a0<em>site<\/em>\u00a0da Receita Federal&#8221;, diz Adir.<\/p>\n<p><strong>4) Incorpora\u00e7\u00e3o do programa de transmiss\u00e3o no programa de gera\u00e7\u00e3o<\/strong><\/p>\n<p>Neste ano, tamb\u00e9m n\u00e3o ser\u00e1 preciso baixar o Receitanet, o programa de transmiss\u00e3o da declara\u00e7\u00e3o. Agora, ele est\u00e1 incorporado ao programa gerador do Imposto de Renda.<\/p>\n<p><strong>5) Mudan\u00e7as no\u00a0<em>layout<\/em>\u00a0do programa<\/strong><\/p>\n<p>H\u00e1 pequenas mudan\u00e7as no programa. De acordo com a Receita Federal, a ficha de rendimentos isentos e n\u00e3o tribut\u00e1veis ganhou uma aba a mais. Tamb\u00e9m h\u00e1 um campo para preenchimento (n\u00e3o obrigat\u00f3rio) de\u00a0<em>e-mail<\/em>\u00a0e telefone celular do contribuinte. &#8220;S\u00e3o informa\u00e7\u00f5es apenas para ampliar o cadastro de pessoa f\u00edsica. N\u00e3o ser\u00e1 utilizado para comunica\u00e7\u00e3o&#8221;, diz a supervisora da Receita Federal, Andr\u00e9a Legal.<\/p>\n<p><strong>6) Expectativa de recebimento de declara\u00e7\u00f5es<\/strong><\/p>\n<p>Para este ano, a Receita Federal estima que ser\u00e3o recebidas 28,3 milh\u00f5es de declara\u00e7\u00f5es. No ano passado, o n\u00famero foi 27.960.663 declara\u00e7\u00f5es. O n\u00famero de declara\u00e7\u00f5es n\u00e3o necessariamente \u00e9 o n\u00famero de contribuintes, j\u00e1 que h\u00e1 pessoas que fazem declara\u00e7\u00f5es retificadoras.<\/p>\n<p><strong>VER PRIMEIRO<\/strong><\/p>\n<p><strong>Receba as not\u00edcias do Aconteceu no Vale em primeira m\u00e3o. Clique em curtir no endere\u00e7o <a href=\"https:\/\/www.facebook.com\/aconteceunovale\" target=\"_blank\"><font color=\"red\">www.facebook.com\/aconteceunovale<\/font><\/a> ou no box abaixo:<\/strong><\/p>\n<div class=\"fb-like\" data-href=\"https:\/\/www.facebook.com\/aconteceunovale\" data-width=\"120\" data-layout=\"standard\" data-action=\"like\" data-size=\"small\" data-show-faces=\"true\" data-share=\"true\"><\/div>\n<p><\/br><\/p>\n<p><em>(Ag\u00eancia Brasil)<\/em><\/p>\n","protected":false},"excerpt":{"rendered":"<p>Nesta quinta-feira (2), a Receita Federal come\u00e7ou a receber as declara\u00e7\u00f5es do Imposto de Renda Pessoa F\u00edsica (IRPF) relativas ao ano-calend\u00e1rio de 2016. As regras tiveram poucas mudan\u00e7as em rela\u00e7\u00e3o ao ano passado. Valores relativos \u00e0 dedu\u00e7\u00e3o de gastos, prazos para restitui\u00e7\u00e3o e alguns pontos na tabela do IR continuaram iguais aos de 2016. Veja [&hellip;]<\/p>\n","protected":false},"author":1,"featured_media":109757,"comment_status":"open","ping_status":"closed","sticky":false,"template":"","format":"standard","meta":{"amp_status":"","footnotes":""},"categories":[6],"tags":[141003,21726,1468,21727,92623,92632,141000,141001,141007,141006,1464,141002,141005,141004,92618],"class_list":["post-109756","post","type-post","status-publish","format-standard","has-post-thumbnail","hentry","category-br","tag-atualizacao-automatica-do-programa-do-imposto-de-renda","tag-declaracao","tag-imposto-de-renda","tag-irpf","tag-mudancas-imposto-de-renda","tag-mudancas-irpf","tag-mudancas-na-declaracao-do-imposto-de-renda","tag-mudancas-na-declaracao-do-irpf","tag-mudancas-nas-regras-para-a-declaracao-do-imposto-de-renda","tag-novas-regras-para-a-declaracao-do-imposto-de-renda","tag-receita-federal","tag-reducao-da-idade-minima-para-apresentacao-de-cpf-para-dependentes","tag-regras-para-a-declaracao-do-imposto-de-renda","tag-saiba-o-que-muda-nas-regras-para-a-declaracao-do-imposto-de-renda-neste-ano","tag-tabela-do-imposto-de-renda"],"_links":{"self":[{"href":"https:\/\/aconteceunovale.com.br\/portal\/index.php?rest_route=\/wp\/v2\/posts\/109756","targetHints":{"allow":["GET"]}}],"collection":[{"href":"https:\/\/aconteceunovale.com.br\/portal\/index.php?rest_route=\/wp\/v2\/posts"}],"about":[{"href":"https:\/\/aconteceunovale.com.br\/portal\/index.php?rest_route=\/wp\/v2\/types\/post"}],"author":[{"embeddable":true,"href":"https:\/\/aconteceunovale.com.br\/portal\/index.php?rest_route=\/wp\/v2\/users\/1"}],"replies":[{"embeddable":true,"href":"https:\/\/aconteceunovale.com.br\/portal\/index.php?rest_route=%2Fwp%2Fv2%2Fcomments&post=109756"}],"version-history":[{"count":0,"href":"https:\/\/aconteceunovale.com.br\/portal\/index.php?rest_route=\/wp\/v2\/posts\/109756\/revisions"}],"wp:featuredmedia":[{"embeddable":true,"href":"https:\/\/aconteceunovale.com.br\/portal\/index.php?rest_route=\/wp\/v2\/media\/109757"}],"wp:attachment":[{"href":"https:\/\/aconteceunovale.com.br\/portal\/index.php?rest_route=%2Fwp%2Fv2%2Fmedia&parent=109756"}],"wp:term":[{"taxonomy":"category","embeddable":true,"href":"https:\/\/aconteceunovale.com.br\/portal\/index.php?rest_route=%2Fwp%2Fv2%2Fcategories&post=109756"},{"taxonomy":"post_tag","embeddable":true,"href":"https:\/\/aconteceunovale.com.br\/portal\/index.php?rest_route=%2Fwp%2Fv2%2Ftags&post=109756"}],"curies":[{"name":"wp","href":"https:\/\/api.w.org\/{rel}","templated":true}]}}