{"id":109741,"date":"2017-03-01T22:38:58","date_gmt":"2017-03-02T00:38:58","guid":{"rendered":"http:\/\/aconteceunovale.com.br\/portal\/?p=109741"},"modified":"2017-03-01T22:38:58","modified_gmt":"2017-03-02T00:38:58","slug":"criminosos-invadem-patio-do-detran-e-roubam-caminhonete-em-francisco-sa-no-norte-de-minas","status":"publish","type":"post","link":"https:\/\/aconteceunovale.com.br\/portal\/?p=109741","title":{"rendered":"Criminosos invadem p\u00e1tio do Detran e roubam caminhonete em Francisco S\u00e1, no Norte de Minas"},"content":{"rendered":"<p>A Pol\u00edcia Militar procura por homens que entraram em um p\u00e1tio credenciado ao Detran em Francisco S\u00e1, na madrugada desta quarta-feira (01\/03\/2017), e levaram uma caminhonete. O vigia, de 78 anos, foi amea\u00e7ado e agredido com pontap\u00e9s, mas passa bem de acordo com funcion\u00e1rios do local.<\/p>\n<p>Para a pol\u00edcia, o vigia contou que dois homens, encapuzados e armados com um fac\u00e3o, entraram no p\u00e1tio ap\u00f3s conseguirem passar pela concertina e cerca el\u00e9trica; ele foi rendido pr\u00f3ximo ao escrit\u00f3rio. Ainda n\u00e3o se sabe se a cerca el\u00e9trica estava ligada no momento do crime. Os criminosos cortaram os fios do roteador.<\/p>\n<p>De acordo com a Pol\u00edcia Militar, os dois homens exigiram a chave do port\u00e3o e, ap\u00f3s abrirem o p\u00e1tio, outros quatros homens entraram e levaram uma caminhonete vermelha apreendida no final de 2015. Al\u00e9m do ve\u00edculo, foram levadas duas rodas de motocicleta e a bateria de um ve\u00edculo.<\/p>\n<p>O vigia foi levado at\u00e9 uma unidade m\u00e9dica, mas j\u00e1 est\u00e1 em casa de acordo com funcion\u00e1rios do p\u00e1tio. At\u00e9 o momento, ningu\u00e9m foi preso. A Pol\u00edcia Civil ir\u00e1 investigar o caso.<\/p>\n<p><img decoding=\"async\" src=\"http:\/\/aconteceunovale.com.br\/portal\/wp-content\/uploads\/2017\/03\/roubo_detran_fs_1.jpg\" alt=\"\" \/><em>Bandidos cortaram os fios do roteador (Foto: Divulga\u00e7\u00e3o)<\/em><br \/>\n<\/br><\/p>\n<p><strong>Homem \u00e9 preso com armas em Francisco S\u00e1<\/strong><\/p>\n<p>Um homem de 38 anos foi preso na noite de segunda-feira (27), no Bairro Alfredo Dias, em Francisco S\u00e1. Com ele, os militares apreenderam um rev\u00f3lver calibre. 38, fac\u00e3o, canivete e muni\u00e7\u00e3o. A motocicleta em que ele estava foi removida ao p\u00e1tio da cidade.<\/p>\n<p>De acordo com a Pol\u00edcia Militar, o homem estava na Rua Dircio Miranda, perto de um matagal, em atitude suspeita. Ele desceu da motocicleta e apresentou rea\u00e7\u00e3o de fugir, mas foi detido. A arma e o fac\u00e3o estavam na cintura dele. O canivete estava em um bolso da cal\u00e7a e quatro muni\u00e7\u00f5es no bolso da camisa.<\/p>\n<p>O homem foi encaminhado para a delegacia de Montes Claros com o material apreendido. De acordo com a pol\u00edcia, ele tem passagens por tentativa de homic\u00eddio, recepta\u00e7\u00e3o e les\u00e3o corporal. A moto em que ele estava foi removida ao p\u00e1tio de Francisco S\u00e1 porque a placa e chassi estavam irregulares.<\/p>\n<p><img decoding=\"async\" src=\"http:\/\/aconteceunovale.com.br\/portal\/wp-content\/uploads\/2017\/03\/preso_fs.jpg\" alt=\"\" \/><em>Material apreendido em Francisco S\u00e1 (Foto: Divulga\u00e7\u00e3o\/PM)<\/em><br \/>\n<\/br><\/p>\n<p><strong>Motorista \u00e9 preso suspeito de apresentar documento falso<\/strong><\/p>\n<p>Um homem de 32 anos foi preso pela Pol\u00edcia Rodovi\u00e1ria Federal no domingo (26), na BR-251, por apresentar documento de ve\u00edculo com ind\u00edcios de ser falso. Com ele, a PRF tamb\u00e9m apreendeu uma cartela de comprimidos de rebite. O caminh\u00e3o estava carregado de coco e seguia para S\u00e3o Paulo.<\/p>\n<p>A abordagem ao motorista aconteceu em Francisco S\u00e1, durante uma fiscaliza\u00e7\u00e3o. O condutor estava em um caminh\u00e3o, com placas de S\u00e3o Paulo. Para os agentes da PRF, ele contou que seguia de Juazeiro (BA) para Bauru, em S\u00e3o Paulo, em viagem com dura\u00e7\u00e3o de 12 horas. Disse tamb\u00e9m que os comprimidos eram para consumo pr\u00f3prio.<\/p>\n<p>De acordo com a PRF, o motorista apresentou o Certificado de Registro e Licenciamento de Ve\u00edculos (CRLV) de 2016. Em consulta ao Departamento Estadual de Tr\u00e2nsito (Detran) de S\u00e3o Paulo, foi constatado que o ve\u00edculo foi licenciado em 2013.<\/p>\n<p>O homem foi conduzido para a Pol\u00edcia Federal de Montes Claros, onde, segundo a PRF, teve a pris\u00e3o ratificada pelo delegado de plant\u00e3o.<\/p>\n<p>O caminh\u00e3o foi apreendido e removido ao p\u00e1tio de Francisco S\u00e1. A carga de coco foi liberada para o destinat\u00e1rio da encomenda.<\/p>\n<p><img decoding=\"async\" src=\"http:\/\/aconteceunovale.com.br\/portal\/wp-content\/uploads\/2017\/03\/preso_fs_1.jpg\" alt=\"\" \/><em>Motorista foi abordado na BR-251 (Foto: PRF\/Divulga\u00e7\u00e3o)<\/em><br \/>\n<\/br><\/p>\n<p><strong>VER PRIMEIRO<\/strong><\/p>\n<p><strong>Receba as not\u00edcias do Aconteceu no Vale em primeira m\u00e3o. Clique em curtir no endere\u00e7o <a href=\"https:\/\/www.facebook.com\/aconteceunovale\" target=\"_blank\"><font color=\"red\">www.facebook.com\/aconteceunovale<\/font><\/a> ou no box abaixo:<\/strong><\/p>\n<div class=\"fb-like\" data-href=\"https:\/\/www.facebook.com\/aconteceunovale\" data-width=\"120\" data-layout=\"standard\" data-action=\"like\" data-size=\"small\" data-show-faces=\"true\" data-share=\"true\"><\/div>\n<p><\/br><\/p>\n<p><em>(Fonte: G1 Grande Minas)<\/em><\/p>\n","protected":false},"excerpt":{"rendered":"<p>A Pol\u00edcia Militar procura por homens que entraram em um p\u00e1tio credenciado ao Detran em Francisco S\u00e1, na madrugada desta quarta-feira (01\/03\/2017), e levaram uma caminhonete. O vigia, de 78 anos, foi amea\u00e7ado e agredido com pontap\u00e9s, mas passa bem de acordo com funcion\u00e1rios do local. Para a pol\u00edcia, o vigia contou que dois homens, [&hellip;]<\/p>\n","protected":false},"author":1,"featured_media":109742,"comment_status":"open","ping_status":"closed","sticky":false,"template":"","format":"standard","meta":{"amp_status":"","footnotes":""},"categories":[1236],"tags":[35001,140983,1018,140978,1395,140982,140980,56506,83054,140981,140979],"class_list":["post-109741","post","type-post","status-publish","format-standard","has-post-thumbnail","hentry","category-norte_de_minas","tag-bauru","tag-criminosos-invadem-patio-do-detran-e-roubam-caminhonete-em-francisco-sa","tag-destaque","tag-detran-em-francisco-sa","tag-francisco-sa","tag-furto-de-caminhonete-no-detran-em-francisco-sa","tag-furto-detran-em-francisco-sa","tag-juazeiro","tag-preso-em-francisco-sa","tag-roubo-de-caminhonete-no-detran-em-francisco-sa","tag-roubo-detran-em-francisco-sa"],"_links":{"self":[{"href":"https:\/\/aconteceunovale.com.br\/portal\/index.php?rest_route=\/wp\/v2\/posts\/109741","targetHints":{"allow":["GET"]}}],"collection":[{"href":"https:\/\/aconteceunovale.com.br\/portal\/index.php?rest_route=\/wp\/v2\/posts"}],"about":[{"href":"https:\/\/aconteceunovale.com.br\/portal\/index.php?rest_route=\/wp\/v2\/types\/post"}],"author":[{"embeddable":true,"href":"https:\/\/aconteceunovale.com.br\/portal\/index.php?rest_route=\/wp\/v2\/users\/1"}],"replies":[{"embeddable":true,"href":"https:\/\/aconteceunovale.com.br\/portal\/index.php?rest_route=%2Fwp%2Fv2%2Fcomments&post=109741"}],"version-history":[{"count":0,"href":"https:\/\/aconteceunovale.com.br\/portal\/index.php?rest_route=\/wp\/v2\/posts\/109741\/revisions"}],"wp:featuredmedia":[{"embeddable":true,"href":"https:\/\/aconteceunovale.com.br\/portal\/index.php?rest_route=\/wp\/v2\/media\/109742"}],"wp:attachment":[{"href":"https:\/\/aconteceunovale.com.br\/portal\/index.php?rest_route=%2Fwp%2Fv2%2Fmedia&parent=109741"}],"wp:term":[{"taxonomy":"category","embeddable":true,"href":"https:\/\/aconteceunovale.com.br\/portal\/index.php?rest_route=%2Fwp%2Fv2%2Fcategories&post=109741"},{"taxonomy":"post_tag","embeddable":true,"href":"https:\/\/aconteceunovale.com.br\/portal\/index.php?rest_route=%2Fwp%2Fv2%2Ftags&post=109741"}],"curies":[{"name":"wp","href":"https:\/\/api.w.org\/{rel}","templated":true}]}}