{"id":109723,"date":"2017-03-01T20:15:58","date_gmt":"2017-03-01T22:15:58","guid":{"rendered":"http:\/\/aconteceunovale.com.br\/portal\/?p=109723"},"modified":"2017-03-01T20:15:58","modified_gmt":"2017-03-01T22:15:58","slug":"colisao-entre-veiculos-deixa-seis-feridos-na-br-381-em-joao-monlevade","status":"publish","type":"post","link":"https:\/\/aconteceunovale.com.br\/portal\/?p=109723","title":{"rendered":"Colis\u00e3o entre ve\u00edculos deixa seis feridos na BR-381, em Jo\u00e3o Monlevade"},"content":{"rendered":"<p>Um acidente envolvendo dois ve\u00edculos deixou seis pessoas feridas na BR-381, em Jo\u00e3o Monlevade, na Regi\u00e3o Central do estado, na manh\u00e3 desta quarta-feira (01\/03\/2017). Segundo informa\u00e7\u00f5es do Corpo de Bombeiros, uma caminhonete voltava de Governador Valadares, no Vale do Rio Doce, e deslocava no sentido Belo Horizonte, quando rodou na pista e foi atingida na lateral por um carro. <\/p>\n<p>Com o impacto, um homem e uma mulher que estavam nos bancos da frente do carro ficaram feridos e presos \u00e0s ferragens. Outras tr\u00eas v\u00edtimas, que estavam nos bancos de tr\u00e1s, tamb\u00e9m ficaram feridas. Na caminhonete, um jovem de 17 anos foi resgatado com dores tor\u00e1xicas.<\/p>\n<p>O resgate das v\u00edtimas foi realizado pelo Grupo de Atendimento Volunt\u00e1rio de Emerg\u00eancia (GAVE), que atua na BR-381 e BR-262 juntamente com Policiais Militares e um capit\u00e3o do Corpo de Bombeiros.<\/p>\n<p>As seis v\u00edtimas foram encaminhadas ao Hospital Margarida em Jo\u00e3o Monlevade e apresentam quadro de sa\u00fade est\u00e1vel. A pista j\u00e1 est\u00e1 liberada nos dois sentidos.<\/p>\n<p><img decoding=\"async\" src=\"http:\/\/aconteceunovale.com.br\/portal\/wp-content\/uploads\/2017\/03\/acidente_381_jm_1.jpg\" alt=\"\" \/><em>Os cinco ocupantes do carro ficaram feridos (Foto: Divulga\u00e7\u00e3o\/Bombeiros)<\/em><br \/>\n<\/br><\/p>\n<p><img decoding=\"async\" src=\"http:\/\/aconteceunovale.com.br\/portal\/wp-content\/uploads\/2017\/03\/acidente_381_jm_2.jpg\" alt=\"\" \/><em>Caminhonete seguia de GV para BH (Foto: Divulga\u00e7\u00e3o\/Bombeiros)<\/em><br \/>\n<\/br><\/p>\n<p><strong>VER PRIMEIRO<\/strong><\/p>\n<p><strong>Receba as not\u00edcias do Aconteceu no Vale em primeira m\u00e3o. Clique em curtir no endere\u00e7o <a href=\"https:\/\/www.facebook.com\/aconteceunovale\" target=\"_blank\"><font color=\"red\">www.facebook.com\/aconteceunovale<\/font><\/a> ou no box abaixo:<\/strong><\/p>\n<div class=\"fb-like\" data-href=\"https:\/\/www.facebook.com\/aconteceunovale\" data-width=\"120\" data-layout=\"standard\" data-action=\"like\" data-size=\"small\" data-show-faces=\"true\" data-share=\"true\"><\/div>\n<p><\/br><\/p>\n<p><em>(Fonte: Estado de Minas)<\/em><\/p>\n","protected":false},"excerpt":{"rendered":"<p>Um acidente envolvendo dois ve\u00edculos deixou seis pessoas feridas na BR-381, em Jo\u00e3o Monlevade, na Regi\u00e3o Central do estado, na manh\u00e3 desta quarta-feira (01\/03\/2017). Segundo informa\u00e7\u00f5es do Corpo de Bombeiros, uma caminhonete voltava de Governador Valadares, no Vale do Rio Doce, e deslocava no sentido Belo Horizonte, quando rodou na pista e foi atingida na [&hellip;]<\/p>\n","protected":false},"author":1,"featured_media":109724,"comment_status":"open","ping_status":"closed","sticky":false,"template":"","format":"standard","meta":{"amp_status":"","footnotes":""},"categories":[121,123],"tags":[140954,140956,140953,8237,1017,1397,140952,140955,1018,247,1102,18801],"class_list":["post-109723","post","type-post","status-publish","format-standard","has-post-thumbnail","hentry","category-leste","category-gerais","tag-acidente-com-caminhonete-em-joao-monlevade","tag-acidente-com-caminhonete-que-seguia-de-governador-valadares-para-bh","tag-acidente-em-joao-monlevade","tag-acidente-na-br-381","tag-bh","tag-br-381","tag-colisao-entre-veiculos-deixa-seis-feridos-na-br-381-em-joao-monlevade","tag-colisao-na-br-381","tag-destaque","tag-governador-valadares","tag-joao-monlevade","tag-valadares"],"_links":{"self":[{"href":"https:\/\/aconteceunovale.com.br\/portal\/index.php?rest_route=\/wp\/v2\/posts\/109723","targetHints":{"allow":["GET"]}}],"collection":[{"href":"https:\/\/aconteceunovale.com.br\/portal\/index.php?rest_route=\/wp\/v2\/posts"}],"about":[{"href":"https:\/\/aconteceunovale.com.br\/portal\/index.php?rest_route=\/wp\/v2\/types\/post"}],"author":[{"embeddable":true,"href":"https:\/\/aconteceunovale.com.br\/portal\/index.php?rest_route=\/wp\/v2\/users\/1"}],"replies":[{"embeddable":true,"href":"https:\/\/aconteceunovale.com.br\/portal\/index.php?rest_route=%2Fwp%2Fv2%2Fcomments&post=109723"}],"version-history":[{"count":0,"href":"https:\/\/aconteceunovale.com.br\/portal\/index.php?rest_route=\/wp\/v2\/posts\/109723\/revisions"}],"wp:featuredmedia":[{"embeddable":true,"href":"https:\/\/aconteceunovale.com.br\/portal\/index.php?rest_route=\/wp\/v2\/media\/109724"}],"wp:attachment":[{"href":"https:\/\/aconteceunovale.com.br\/portal\/index.php?rest_route=%2Fwp%2Fv2%2Fmedia&parent=109723"}],"wp:term":[{"taxonomy":"category","embeddable":true,"href":"https:\/\/aconteceunovale.com.br\/portal\/index.php?rest_route=%2Fwp%2Fv2%2Fcategories&post=109723"},{"taxonomy":"post_tag","embeddable":true,"href":"https:\/\/aconteceunovale.com.br\/portal\/index.php?rest_route=%2Fwp%2Fv2%2Ftags&post=109723"}],"curies":[{"name":"wp","href":"https:\/\/api.w.org\/{rel}","templated":true}]}}