{"id":109715,"date":"2017-03-01T19:27:11","date_gmt":"2017-03-01T21:27:11","guid":{"rendered":"http:\/\/aconteceunovale.com.br\/portal\/?p=109715"},"modified":"2017-03-01T19:27:11","modified_gmt":"2017-03-01T21:27:11","slug":"apenas-pessoas-imunizadas-contra-febre-amarela-podem-visitar-parque-do-caparao","status":"publish","type":"post","link":"https:\/\/aconteceunovale.com.br\/portal\/?p=109715","title":{"rendered":"Apenas pessoas imunizadas contra febre amarela podem visitar Parque do Capara\u00f3"},"content":{"rendered":"<p>Apenas os visitantes que estiverem vacinados contra febre amarela \u2013 e portarem documento oficial comprovando isso \u2013 poder\u00e3o visitar o Parque Nacional do Capara\u00f3, na divisa dos estados de Minas Gerais e do Esp\u00edrito Santo. A medida de restri\u00e7\u00e3o foi publicada pelo Instituto Chico Mendes de Conserva\u00e7\u00e3o da Biodiversidade (ICMBio) no\u00a0<span style=\"color: #ff0000;\"><a href=\"http:\/\/pesquisa.in.gov.br\/imprensa\/jsp\/visualiza\/index.jsp?jornal=1&amp;pagina=94&amp;data=01\/03\/2017\" target=\"_blank\"><span style=\"color: #ff0000;\"><em>Di\u00e1rio Oficial da Uni\u00e3o<\/em><\/span><\/a>\u00a0<\/span>(DOU) de hoje (1\u00b0). A restri\u00e7\u00e3o do acesso valer\u00e1 at\u00e9 o fim do atual surto da doen\u00e7a na regi\u00e3o.<\/p>\n<p>A decis\u00e3o de fechar o parque teve como objetivo resguardar a sa\u00fade da popula\u00e7\u00e3o por causa do surto de febre amarela registrado na regi\u00e3o. O Parque Nacional de Capara\u00f3 havia sido fechado pelo mesmo motivo entre os dias\u00a0 2 e 25 de fevereiro, quando foi aberto para visitantes que apresentassem documento oficial de imuniza\u00e7\u00e3o contra a doen\u00e7a. No entanto a portaria autorizando o acesso restrito, datada do dia 23, s\u00f3 foi publicada hoje no DOU, ap\u00f3s o parque j\u00e1 ter recebido os visitantes.<\/p>\n<p>O Parque Nacional do Capara\u00f3 abrange quatro munic\u00edpios no lado mineiro (Alto Capara\u00f3, Capara\u00f3, Alto Jequitib\u00e1 e Espera Feliz) e seis no lado capixaba (I\u00fana, Ibitirama, Irupi, Dores do Rio Preto, Divino de S\u00e3o Louren\u00e7o Gua\u00e7u\u00ed e Alegre).<\/p>\n<p>Quatro outras unidades de conserva\u00e7\u00e3o federais tiveram estado de alerta decretado: as reservas biol\u00f3gicas Sooretama e Comboios e a Floresta Nacional de Goytacazes, em Linhares, e o Monumento Natural Pont\u00f5es Capixabas, entre \u00c1gua Branca e Pancas, todas no Esp\u00edrito Santo. Todas est\u00e3o localizadas em munic\u00edpios lim\u00edtrofes \u00e0 regi\u00e3o atingida pelo surto.<\/p>\n<p><strong>Macacos sentinelas<\/strong><\/p>\n<p>Preocupado em evitar o assassinato de macacos, o ICMBio tem feito alertas de que, assim como os humanos, os macacos n\u00e3o transmitem o v\u00edrus causador da febre amarela, e que esses primatas exercem a importante fun\u00e7\u00e3o de sentinelas, alertando para o surgimento da doen\u00e7a na regi\u00e3o, quando encontrados mortos. Nesse sentido, adverte o \u00f3rg\u00e3o, \u201cos macacos devem ser preservados\u201d para ajudar no combate \u00e0 doen\u00e7a.<\/p>\n<p><strong>VER PRIMEIRO<\/strong><\/p>\n<p><strong>Receba as not\u00edcias do Aconteceu no Vale em primeira m\u00e3o. Clique em curtir no endere\u00e7o <a href=\"https:\/\/www.facebook.com\/aconteceunovale\" target=\"_blank\"><font color=\"red\">www.facebook.com\/aconteceunovale<\/font><\/a> ou no box abaixo:<\/strong><\/p>\n<div class=\"fb-like\" data-href=\"https:\/\/www.facebook.com\/aconteceunovale\" data-width=\"120\" data-layout=\"standard\" data-action=\"like\" data-size=\"small\" data-show-faces=\"true\" data-share=\"true\"><\/div>\n<p><\/br><\/p>\n<p><em>(Fonte: Ag\u00eancia Brasil)<\/em><\/p>\n","protected":false},"excerpt":{"rendered":"<p>Apenas os visitantes que estiverem vacinados contra febre amarela \u2013 e portarem documento oficial comprovando isso \u2013 poder\u00e3o visitar o Parque Nacional do Capara\u00f3, na divisa dos estados de Minas Gerais e do Esp\u00edrito Santo. A medida de restri\u00e7\u00e3o foi publicada pelo Instituto Chico Mendes de Conserva\u00e7\u00e3o da Biodiversidade (ICMBio) no\u00a0Di\u00e1rio Oficial da Uni\u00e3o\u00a0(DOU) de [&hellip;]<\/p>\n","protected":false},"author":1,"featured_media":30105,"comment_status":"open","ping_status":"closed","sticky":false,"template":"","format":"standard","meta":{"amp_status":"","footnotes":""},"categories":[121],"tags":[138460,1716,24486,140945,11014,1018,138459,86432,1782,138457,138461,138455,98716,19517,97655,136022,138458,7953,138456],"class_list":["post-109715","post","type-post","status-publish","format-standard","has-post-thumbnail","hentry","category-leste","tag-alegre","tag-alto-caparao","tag-alto-jequitiba","tag-apenas-pessoas-imunizadas-contra-febre-amarela-podem-visitar-parque-do-caparao","tag-caparao","tag-destaque","tag-divino-de-sao-lourenco-guacui","tag-dores-do-rio-preto","tag-espera-feliz","tag-febre-amarela-fecha-parque-nacional-do-caparao","tag-febre-amarela-provoca-fechamento-temporario-do-parque-nacional-do-caparao","tag-fechamento-do-parque-nacional-do-caparao","tag-ibitirama","tag-icmbio","tag-instituto-chico-mendes-de-conservacao-da-biodiversidade","tag-irupi","tag-iuna","tag-parque-nacional-do-caparao","tag-suspensao-de-visitas-no-parque-nacional-do-caparao"],"_links":{"self":[{"href":"https:\/\/aconteceunovale.com.br\/portal\/index.php?rest_route=\/wp\/v2\/posts\/109715","targetHints":{"allow":["GET"]}}],"collection":[{"href":"https:\/\/aconteceunovale.com.br\/portal\/index.php?rest_route=\/wp\/v2\/posts"}],"about":[{"href":"https:\/\/aconteceunovale.com.br\/portal\/index.php?rest_route=\/wp\/v2\/types\/post"}],"author":[{"embeddable":true,"href":"https:\/\/aconteceunovale.com.br\/portal\/index.php?rest_route=\/wp\/v2\/users\/1"}],"replies":[{"embeddable":true,"href":"https:\/\/aconteceunovale.com.br\/portal\/index.php?rest_route=%2Fwp%2Fv2%2Fcomments&post=109715"}],"version-history":[{"count":0,"href":"https:\/\/aconteceunovale.com.br\/portal\/index.php?rest_route=\/wp\/v2\/posts\/109715\/revisions"}],"wp:featuredmedia":[{"embeddable":true,"href":"https:\/\/aconteceunovale.com.br\/portal\/index.php?rest_route=\/wp\/v2\/media\/30105"}],"wp:attachment":[{"href":"https:\/\/aconteceunovale.com.br\/portal\/index.php?rest_route=%2Fwp%2Fv2%2Fmedia&parent=109715"}],"wp:term":[{"taxonomy":"category","embeddable":true,"href":"https:\/\/aconteceunovale.com.br\/portal\/index.php?rest_route=%2Fwp%2Fv2%2Fcategories&post=109715"},{"taxonomy":"post_tag","embeddable":true,"href":"https:\/\/aconteceunovale.com.br\/portal\/index.php?rest_route=%2Fwp%2Fv2%2Ftags&post=109715"}],"curies":[{"name":"wp","href":"https:\/\/api.w.org\/{rel}","templated":true}]}}