{"id":109713,"date":"2017-03-01T19:20:49","date_gmt":"2017-03-01T21:20:49","guid":{"rendered":"http:\/\/aconteceunovale.com.br\/portal\/?p=109713"},"modified":"2017-03-01T19:20:49","modified_gmt":"2017-03-01T21:20:49","slug":"donald-trump-diz-que-esta-aberto-a-discussao-de-plano-para-legalizar-imigrantes","status":"publish","type":"post","link":"https:\/\/aconteceunovale.com.br\/portal\/?p=109713","title":{"rendered":"Donald Trump diz que est\u00e1 aberto \u00e0 discuss\u00e3o de plano para legalizar imigrantes"},"content":{"rendered":"<p>O presidente dos Estados Unidos, Donald Trump, adotou um tom mais brando do que o de costume no primeiro discurso em uma sess\u00e3o conjunta do Congresso norte-americano. O republicano defendeu a redu\u00e7\u00e3o da entrada de imigrantes com baixa qualifica\u00e7\u00e3o profissional e destacou a presen\u00e7a, no plen\u00e1rio, de familiares de v\u00edtimas de crimes cometidos por estrangeiros sem documenta\u00e7\u00e3o. Apesar disso, ele sugeriu que republicanos e democratas busquem um consenso para reformar o sistema de imigra\u00e7\u00e3o.<\/p>\n<p>\u201cEu acredito que republicanos e democratas podem trabalhar juntos para conseguir um resultado que tem escapado ao nosso pa\u00eds durante d\u00e9cadas\u201d, disse Donald Trump.<\/p>\n<p>Antes de ir ao Capit\u00f3lio, o presidente conversou reservadamente com jornalistas na Casa Branca e foi mais expl\u00edcito sobre o tema da imigra\u00e7\u00e3o. Ele disse, encontro, segundo reportagem publicada pela rede de televis\u00e3o CNN e pelo jornal The New York Times, que \u201ceste \u00e9 o momento certo para uma projeto de lei de imigra\u00e7\u00e3o, desde que haja compromisso de ambas as partes\u201d.<\/p>\n<p>A afirma\u00e7\u00e3o marca uma mudan\u00e7a significativa na dura ret\u00f3rica adotada desde a campanha eleitoral, quando Trump prometeu deportar imigrantes ilegais. Cerca de 11 milh\u00f5es de estrangeiros sem documenta\u00e7\u00e3o vivem atualmente nos Estados Unidos.<\/p>\n<p>Um alto funcion\u00e1rio do governo afirmou \u00e0 imprensa norte-americana que a reforma permitiria que os ilegais beneficiados pela lei possam viver, trabalhar e pagar impostos sem o risco de serem deportados, desde que n\u00e3o tenham ficha criminal.<\/p>\n<p>No congresso, o presidente disse tamb\u00e9m que o governo trabalha para aprimorar os procedimentos de permiss\u00e3o de ingresso de estrangeiros e que n\u00e3o se pode permitir que o pa\u00eds se torne um santu\u00e1rio para extremistas.<\/p>\n<p>Trump reafirmou que vai dar in\u00edcio \u00e0 constru\u00e7\u00e3o de um muro na fronteira com o M\u00e9xico. Desta vez, no entanto, n\u00e3o mencionou a amea\u00e7a de cobrar a conta do pa\u00eds vizinho.<\/p>\n<p>No discurso, ele condenou o recente ataque a dois cidad\u00e3os indianos, investigado como crime de \u00f3dio, e os casos de amea\u00e7a a centros judaicos e de vandalismo de cemit\u00e9rios. Al\u00e9m disso, voltou a defender a revoga\u00e7\u00e3o da lei que reformou o sistema de sa\u00fade, chamado de Obamacare.<\/p>\n<p>No momento mais emocionado da noite, homenageou a vi\u00fava de um soldado da Marinha, morto em uma opera\u00e7\u00e3o no I\u00eamen. \u201cNingu\u00e9m \u00e9 superior ou mais corajoso do que aqueles que lutam pelos Estados Unidos uniformizados\u201d, disse. Os parlamentares aplaudiram longamente.<\/p>\n<p><strong>VER PRIMEIRO<\/strong><\/p>\n<p><strong>Receba as not\u00edcias do Aconteceu no Vale em primeira m\u00e3o. Clique em curtir no endere\u00e7o <a href=\"https:\/\/www.facebook.com\/aconteceunovale\" target=\"_blank\"><font color=\"red\">www.facebook.com\/aconteceunovale<\/font><\/a> ou no box abaixo:<\/strong><\/p>\n<div class=\"fb-like\" data-href=\"https:\/\/www.facebook.com\/aconteceunovale\" data-width=\"120\" data-layout=\"standard\" data-action=\"like\" data-size=\"small\" data-show-faces=\"true\" data-share=\"true\"><\/div>\n<p><\/br><\/p>\n<p><em>(Fonte: Ag\u00eancia Brasil)<\/em><\/p>\n","protected":false},"excerpt":{"rendered":"<p>O presidente dos Estados Unidos, Donald Trump, adotou um tom mais brando do que o de costume no primeiro discurso em uma sess\u00e3o conjunta do Congresso norte-americano. O republicano defendeu a redu\u00e7\u00e3o da entrada de imigrantes com baixa qualifica\u00e7\u00e3o profissional e destacou a presen\u00e7a, no plen\u00e1rio, de familiares de v\u00edtimas de crimes cometidos por estrangeiros [&hellip;]<\/p>\n","protected":false},"author":1,"featured_media":87872,"comment_status":"open","ping_status":"closed","sticky":false,"template":"","format":"standard","meta":{"amp_status":"","footnotes":""},"categories":[28848],"tags":[140944,79020,140941,15469,23668,21952,140942,77904,66882,15835,140943,95908,140940],"class_list":["post-109713","post","type-post","status-publish","format-standard","has-post-thumbnail","hentry","category-mundo","tag-aceitacao-de-imigrantes-nos-eua","tag-donald-trump","tag-donald-trump-diz-que-esta-aberto-a-discussao-de-plano-para-legalizar-imigrantes","tag-estados-unidos","tag-imigrantes","tag-legalizacao","tag-legalizacao-de-imigrantes-nos-eua","tag-plano","tag-presidente","tag-presidente-dos-estados-unidos","tag-situacao-de-imigrantes-nos-eua","tag-trump","tag-trump-diz-que-esta-aberto-a-discussao-de-plano-para-legalizar-imigrantes"],"_links":{"self":[{"href":"https:\/\/aconteceunovale.com.br\/portal\/index.php?rest_route=\/wp\/v2\/posts\/109713","targetHints":{"allow":["GET"]}}],"collection":[{"href":"https:\/\/aconteceunovale.com.br\/portal\/index.php?rest_route=\/wp\/v2\/posts"}],"about":[{"href":"https:\/\/aconteceunovale.com.br\/portal\/index.php?rest_route=\/wp\/v2\/types\/post"}],"author":[{"embeddable":true,"href":"https:\/\/aconteceunovale.com.br\/portal\/index.php?rest_route=\/wp\/v2\/users\/1"}],"replies":[{"embeddable":true,"href":"https:\/\/aconteceunovale.com.br\/portal\/index.php?rest_route=%2Fwp%2Fv2%2Fcomments&post=109713"}],"version-history":[{"count":0,"href":"https:\/\/aconteceunovale.com.br\/portal\/index.php?rest_route=\/wp\/v2\/posts\/109713\/revisions"}],"wp:featuredmedia":[{"embeddable":true,"href":"https:\/\/aconteceunovale.com.br\/portal\/index.php?rest_route=\/wp\/v2\/media\/87872"}],"wp:attachment":[{"href":"https:\/\/aconteceunovale.com.br\/portal\/index.php?rest_route=%2Fwp%2Fv2%2Fmedia&parent=109713"}],"wp:term":[{"taxonomy":"category","embeddable":true,"href":"https:\/\/aconteceunovale.com.br\/portal\/index.php?rest_route=%2Fwp%2Fv2%2Fcategories&post=109713"},{"taxonomy":"post_tag","embeddable":true,"href":"https:\/\/aconteceunovale.com.br\/portal\/index.php?rest_route=%2Fwp%2Fv2%2Ftags&post=109713"}],"curies":[{"name":"wp","href":"https:\/\/api.w.org\/{rel}","templated":true}]}}