{"id":109701,"date":"2017-03-01T17:16:08","date_gmt":"2017-03-01T19:16:08","guid":{"rendered":"http:\/\/aconteceunovale.com.br\/portal\/?p=109701"},"modified":"2017-03-01T17:16:08","modified_gmt":"2017-03-01T19:16:08","slug":"programa-de-revitalizacao-do-rio-sao-francisco-recebera-r-135-milhoes-este-ano","status":"publish","type":"post","link":"https:\/\/aconteceunovale.com.br\/portal\/?p=109701","title":{"rendered":"Programa de revitaliza\u00e7\u00e3o do rio S\u00e3o Francisco receber\u00e1 R$ 13,5 milh\u00f5es este ano"},"content":{"rendered":"<p>O programa de Revitaliza\u00e7\u00e3o das Sub-bacias do Rio S\u00e3o Francisco ser\u00e1 executado em 70 munic\u00edpios na \u00e1rea da bacia do Velho Chico, com recursos assegurados de aproximadamente R$ 13,5 milh\u00f5es, nesta terceira fase de execu\u00e7\u00e3o do programa.<\/p>\n<p>O trabalho \u00e9 resultado de parceria entre o Governo de Minas Gerais, por meio da\u00a0Secretaria de Agricultura, Pecu\u00e1ria e Abastecimento (Seapa)\u00a0e da\u00a0Emater-MG, e o Minist\u00e9rio da Integra\u00e7\u00e3o Nacional, por meio da Companhia de Desenvolvimento dos Vales do s\u00e3o Francisco e Parna\u00edba (Codevasf).<\/p>\n<p>A formaliza\u00e7\u00e3o do conv\u00eanio de revitaliza\u00e7\u00e3o da \u00e1rea da bacia foi feita em 2008 e tem investimento total previsto de R$ 50 milh\u00f5es. Segundo o assessor t\u00e9cnico da Secretaria de Agricultura, Roberth Rodrigues, ao longo destes nove anos as a\u00e7\u00f5es chegaram a 144 munic\u00edpios, incluindo as cidades que ser\u00e3o beneficiadas neste ano.<\/p>\n<p>\u201cO programa est\u00e1 entrando na terceira fase de execu\u00e7\u00e3o. Nas duas primeiras, os munic\u00edpios atendidos estavam concentrados na regi\u00e3o Norte do estado. Neste ano, a maioria dos munic\u00edpios que receber\u00e3o as obras est\u00e3o localizados na por\u00e7\u00e3o Sul da bacia do S\u00e3o Francisco, que compreende a regi\u00e3o Central de Minas\u201d, explica.<\/p>\n<p><img decoding=\"async\" src=\"http:\/\/aconteceunovale.com.br\/portal\/wp-content\/uploads\/2017\/03\/revitalizacao_sf.jpg\" alt=\"\" \/><em>Est\u00e3o previstas a constru\u00e7\u00e3o de 22.362 bacias de capta\u00e7\u00e3o de \u00e1gua (Divulga\u00e7\u00e3o\/Seapa)<\/em><br \/>\n<\/br><\/p>\n<p><strong>Obras de Revitaliza\u00e7\u00e3o<\/strong><\/p>\n<p>Para este ano, j\u00e1 est\u00e3o licitadas sete empresas que v\u00e3o executar as obras nos munic\u00edpios selecionados. Esta sele\u00e7\u00e3o vem sendo feita com base em levantamento solicitado pela Ag\u00eancia Nacional das \u00c1guas (ANA) e realizado pela Emater-MG em 2002, que identificou as sub-bacias priorit\u00e1rias para receber as obras de revitaliza\u00e7\u00e3o.<\/p>\n<p>Nesta terceira etapa, est\u00e3o previstas a prote\u00e7\u00e3o de 479 nascentes e de 217 km de \u00e1reas de matas ciliares e de topo de morro; a constru\u00e7\u00e3o de 22.362 bacias de capta\u00e7\u00e3o de \u00e1gua da chuva (conhecidas como barraginhas) e de 1.268 km de terra\u00e7os em curva de n\u00edvel e a adequa\u00e7\u00e3o ambiental de 137 km de estradas vicinais.<\/p>\n<p>\u201cEstas interven\u00e7\u00f5es promovem a infiltra\u00e7\u00e3o de \u00e1gua no solo com a consequente melhora na qualidade e quantidade da \u00e1gua nas sub-bacias, contribuindo para a manuten\u00e7\u00e3o da vaz\u00e3o nos c\u00f3rregos e rios, al\u00e9m de garantir o abastecimento humano, a oferta de \u00e1gua para os animais e a manuten\u00e7\u00e3o de pequenas culturas durante quase todo o ano\u201d, afirma o assessor t\u00e9cnico da Seapa.<\/p>\n<p>\u00d3rg\u00e3o vinculado \u00e0 Secretaria de Agricultura, a Emater-MG vai atuar na mobiliza\u00e7\u00e3o dos produtores, na escolha dos locais mais adequados para o cercamento das \u00e1reas de prote\u00e7\u00e3o dos mananciais, al\u00e9m do contato com as prefeituras e com os Conselhos Municipais de Desenvolvimento Rural Sustent\u00e1vel (CMDRS).<\/p>\n<p><strong>Hist\u00f3rico do Programa<\/strong><\/p>\n<p>2002 \u2013 Ag\u00eancia Nacional das \u00c1guas (ANA) contrata a Emater-MG para identificar as sub-bacias priorit\u00e1rias para receber as obras de revitaliza\u00e7\u00e3o<\/p>\n<p>2008 \u2013 Formaliza\u00e7\u00e3o do conv\u00eanio entre o Governo de Minas\/Secretaria de Agricultura, Pecu\u00e1ria e Abastecimento, \u00f3rg\u00e3os vinculados e o Minist\u00e9rio da Integra\u00e7\u00e3o Nacional\/Codevasf<\/p>\n<p>2008 a 2010 \u2013 R$ 10,8 milh\u00f5es \/ 35 munic\u00edpios atendidos<\/p>\n<p>2010 a 2016 \u2013 R$ 6,5 milh\u00f5es \/ 39 munic\u00edpios atendidos<\/p>\n<p>2017 \u2013 R$ 13,5 milh\u00f5es \/ 70 munic\u00edpios atendidos<\/p>\n<p><strong>VER PRIMEIRO<\/strong><\/p>\n<p><strong>Receba as not\u00edcias do Aconteceu no Vale em primeira m\u00e3o. Clique em curtir no endere\u00e7o <a href=\"https:\/\/www.facebook.com\/aconteceunovale\" target=\"_blank\"><font color=\"red\">www.facebook.com\/aconteceunovale<\/font><\/a> ou no box abaixo:<\/strong><\/p>\n<div class=\"fb-like\" data-href=\"https:\/\/www.facebook.com\/aconteceunovale\" data-width=\"120\" data-layout=\"standard\" data-action=\"like\" data-size=\"small\" data-show-faces=\"true\" data-share=\"true\"><\/div>\n<p><\/br><\/p>\n<p><em>(Ag\u00eancia Minas)<\/em><\/p>\n","protected":false},"excerpt":{"rendered":"<p>O programa de Revitaliza\u00e7\u00e3o das Sub-bacias do Rio S\u00e3o Francisco ser\u00e1 executado em 70 munic\u00edpios na \u00e1rea da bacia do Velho Chico, com recursos assegurados de aproximadamente R$ 13,5 milh\u00f5es, nesta terceira fase de execu\u00e7\u00e3o do programa. O trabalho \u00e9 resultado de parceria entre o Governo de Minas Gerais, por meio da\u00a0Secretaria de Agricultura, Pecu\u00e1ria [&hellip;]<\/p>\n","protected":false},"author":1,"featured_media":109702,"comment_status":"open","ping_status":"closed","sticky":false,"template":"","format":"standard","meta":{"amp_status":"","footnotes":""},"categories":[1236],"tags":[140909,140910,111086,71724,71723,6330,16646],"class_list":["post-109701","post","type-post","status-publish","format-standard","has-post-thumbnail","hentry","category-norte_de_minas","tag-programa-de-revitalizacao-das-sub-bacias-do-rio-sao-francisco","tag-programa-de-revitalizacao-das-sub-bacias-do-rio-sao-francisco-sera-executado-em-70-municipios-na-area-da-bacia-do-velho-chico","tag-programa-de-revitalizacao-do-rio-sao-francisco","tag-revitalizacao-do-rio-sao-francisco","tag-revitalizacao-do-velho-chico","tag-rio-sao-francisco","tag-velho-chico"],"_links":{"self":[{"href":"https:\/\/aconteceunovale.com.br\/portal\/index.php?rest_route=\/wp\/v2\/posts\/109701","targetHints":{"allow":["GET"]}}],"collection":[{"href":"https:\/\/aconteceunovale.com.br\/portal\/index.php?rest_route=\/wp\/v2\/posts"}],"about":[{"href":"https:\/\/aconteceunovale.com.br\/portal\/index.php?rest_route=\/wp\/v2\/types\/post"}],"author":[{"embeddable":true,"href":"https:\/\/aconteceunovale.com.br\/portal\/index.php?rest_route=\/wp\/v2\/users\/1"}],"replies":[{"embeddable":true,"href":"https:\/\/aconteceunovale.com.br\/portal\/index.php?rest_route=%2Fwp%2Fv2%2Fcomments&post=109701"}],"version-history":[{"count":0,"href":"https:\/\/aconteceunovale.com.br\/portal\/index.php?rest_route=\/wp\/v2\/posts\/109701\/revisions"}],"wp:featuredmedia":[{"embeddable":true,"href":"https:\/\/aconteceunovale.com.br\/portal\/index.php?rest_route=\/wp\/v2\/media\/109702"}],"wp:attachment":[{"href":"https:\/\/aconteceunovale.com.br\/portal\/index.php?rest_route=%2Fwp%2Fv2%2Fmedia&parent=109701"}],"wp:term":[{"taxonomy":"category","embeddable":true,"href":"https:\/\/aconteceunovale.com.br\/portal\/index.php?rest_route=%2Fwp%2Fv2%2Fcategories&post=109701"},{"taxonomy":"post_tag","embeddable":true,"href":"https:\/\/aconteceunovale.com.br\/portal\/index.php?rest_route=%2Fwp%2Fv2%2Ftags&post=109701"}],"curies":[{"name":"wp","href":"https:\/\/api.w.org\/{rel}","templated":true}]}}