{"id":109690,"date":"2017-02-28T23:31:23","date_gmt":"2017-03-01T01:31:23","guid":{"rendered":"http:\/\/aconteceunovale.com.br\/portal\/?p=109690"},"modified":"2017-02-28T23:31:23","modified_gmt":"2017-03-01T01:31:23","slug":"mudanca-no-perfil-do-carnaval-divide-moradores-em-diamantina","status":"publish","type":"post","link":"https:\/\/aconteceunovale.com.br\/portal\/?p=109690","title":{"rendered":"Mudan\u00e7a no perfil do carnaval divide moradores em Diamantina"},"content":{"rendered":"<p>A aus\u00eancia das tradicionais bandas Bartucada e Bat-Caverna no Carnaval em Diamantina, no Vale do Jequitinhonha, e a mudan\u00e7a organizada pela prefeitura no perfil da folia na cidade, que este ano priorizou uma festa mais voltada para a fam\u00edlia, dividiu a opini\u00e3o de moradores do munic\u00edpio.<\/p>\n<p>Enquanto alguns comemoram a tranquilidade nas ruas proporcionada pela aus\u00eancia de milhares de foli\u00f5es \u2013 especialmente os mais jovens \u2013, outros lamentam a situa\u00e7\u00e3o e j\u00e1 falam no fim da \u201cera\u201d de grandes carnavais em Diamantina.<\/p>\n<p>\u201cA cidade est\u00e1 bem vazia. \u00c9 triste v\u00ea-la desse jeito. A pousada onde trabalho, por exemplo, at\u00e9 recebeu alguns h\u00f3spedes, mas foram poucos em rela\u00e7\u00e3o aos outros anos\u201d, comentou o recepcionista Moacir Jorge, de 54 anos. <\/p>\n<p>\u201cTenho certeza que a culpa disso \u00e9 a aus\u00eancia da Bartucada e da Bat-Caverna. As bandas alegram nossa cidade, sem elas o povo desaparece. \u00c9 p\u00e9ssimo para o com\u00e9rcio e tamb\u00e9m para n\u00f3s, moradores, que estamos acostumados com a multid\u00e3o nesse per\u00edodo\u201d, completou.<\/p>\n<p><img decoding=\"async\" src=\"http:\/\/aconteceunovale.com.br\/portal\/wp-content\/uploads\/2017\/02\/folia_dtna_1.jpg\" alt=\"\" \/><em>Desfile Bloco Mingau com Queijo (Foto: Ascom Prefeitura de Diamantina\/Divulga\u00e7\u00e3o)<\/em><br \/>\n<\/br><\/p>\n<p>Para o administrador de empresas Rog\u00e9rio Noronha, 36, no entanto, as altera\u00e7\u00f5es no Carnaval s\u00f3 trouxeram benef\u00edcios para Diamantina. Ele conta que levou as filhas e os sobrinhos para a folia e n\u00e3o se arrependeu. \u201cDiamantina n\u00e3o vive s\u00f3 de Bartucada e Bat-Caverna. Temos muitas outras bandas na regi\u00e3o que animaram os foli\u00f5es com m\u00fasicas autorais e marchinhas de outras \u00e9pocas. Voc\u00ea v\u00ea nas ruas as fam\u00edlias reunidas, com tranquilidade, tudo isso \u00e9 muito bom\u201d, comemorou.<\/p>\n<p>J\u00e1 o produtor de eventos Igor Carvalhaes, 35, respons\u00e1vel h\u00e1 11 anos por organizar a rep\u00fablica Groove Club, em Diamantina, acredita que o desaparecimento de foli\u00f5es na cidade \u00e9 resultado da divulga\u00e7\u00e3o tardia da prefeitura da programa\u00e7\u00e3o de Carnaval.<\/p>\n<p>\u201cFoi falta de informa\u00e7\u00e3o. S\u00f3 anunciaram os dias e hor\u00e1rios dos eventos para os moradores, n\u00e3o atra\u00edram turistas. \u00c9 uma clara demonstra\u00e7\u00e3o da administra\u00e7\u00e3o p\u00fablica de que eles n\u00e3o querem mais a folia com as ruas superlotadas. Neste ano, a rep\u00fablica que eu organizo recebeu 150 pessoas de todo o pa\u00eds. Vieram pessoas de diversas cidades como Manaus e S\u00e3o Paulo, mas elas ficaram curtindo a festa dentro da rep\u00fablica, porque l\u00e1 fora est\u00e1 tudo vazio\u201d, afirmou.<\/p>\n<p>Segundo a secret\u00e1ria municipal de Cultura, Turismo e Patrim\u00f4nio de Diamantina, M\u00e1rcia Bet\u00e2nia Oliveira Horta, a diminui\u00e7\u00e3o no n\u00famero de foli\u00f5es no munic\u00edpio \u00e9 constatada pela prefeitura desde 2012. Ela avalia que o crescimento do Carnaval em Belo Horizonte \u00e9 o fator respons\u00e1vel por essa transforma\u00e7\u00e3o.<\/p>\n<p>\u201cEm 2016, Diamantina teve uma queda de 70% no n\u00famero de foli\u00f5es vindos de BH. Neste ano, imagino que a redu\u00e7\u00e3o ser\u00e1 ainda maior, principalmente, do p\u00fablico jovem. A prefeitura ainda n\u00e3o fez um balan\u00e7o desse Carnaval, ainda vamos fazer uma avalia\u00e7\u00e3o e analisar como foi a folia. Mas j\u00e1 percebemos que o turista mais maduro e muitos moradores gostaram da festa. A pr\u00f3pria Pol\u00edcia Militar j\u00e1 apresentou um saldo positivo, com poucos crimes, sem delitos de viol\u00eancia e acidentes graves nas \u00e1reas de cachoeira. Foi um Carnaval mais tranquilo\u201d, salientou M\u00e1rcia.<\/p>\n<p>A secret\u00e1ria, contudo, antecipa que a prefeitura vai trabalhar para promover um Carnaval em 2018 mais abrangente e com a volta das bandas Bartucada e Bat-Caverna. \u201cDe maneira alguma pretendemos excluir da folia os mais jovens. Muito pelo contr\u00e1rio, neste ano tivemos um espa\u00e7o novo no Carnaval localizado na pra\u00e7a Niemeyer. O local ficou bem charmoso e bonito e superlotado de jovens de Diamantina. Vamos trabalhar bastante para o pr\u00f3ximo Carnaval, vamos dialogar com essas bandas, pois sabemos da import\u00e2ncia delas e, quem sabe, teremos elas de volta no pr\u00f3ximo ano\u201d, disse.<\/p>\n<p><img decoding=\"async\" src=\"http:\/\/aconteceunovale.com.br\/portal\/wp-content\/uploads\/2017\/02\/folia_dtna_2.jpg\" alt=\"\" \/><em>Bloco Vai Quem Quer Se Morrer N\u00e3o Faz Falta (Foto: Ascom Prefeitura de Diamantina\/Divulga\u00e7\u00e3o)<\/em><br \/>\n<\/br><\/p>\n<p><img decoding=\"async\" src=\"http:\/\/aconteceunovale.com.br\/portal\/wp-content\/uploads\/2017\/02\/folia_dtna_3.jpg\" alt=\"\" \/><em>Rato Seco no Carnaval de Diamantina (Foto: Ascom Prefeitura de Diamantina\/Divulga\u00e7\u00e3o)<\/em><br \/>\n<\/br><\/p>\n<p><img decoding=\"async\" src=\"http:\/\/aconteceunovale.com.br\/portal\/wp-content\/uploads\/2017\/02\/folia_dtna_4.jpg\" alt=\"\" \/><em>Brokio Xai Xai &#8211; Carnaval de Diamantina (Foto: Ascom Prefeitura de Diamantina\/Divulga\u00e7\u00e3o)<\/em><br \/>\n<\/br><\/p>\n<p><strong>VER PRIMEIRO<\/strong><\/p>\n<p><strong>Receba as not\u00edcias do Aconteceu no Vale em primeira m\u00e3o. Clique em curtir no endere\u00e7o <a href=\"https:\/\/www.facebook.com\/aconteceunovale\" target=\"_blank\"><font color=\"red\">www.facebook.com\/aconteceunovale<\/font><\/a> ou no box abaixo:<\/strong><\/p>\n<div class=\"fb-like\" data-href=\"https:\/\/www.facebook.com\/aconteceunovale\" data-width=\"120\" data-layout=\"standard\" data-action=\"like\" data-size=\"small\" data-show-faces=\"true\" data-share=\"true\"><\/div>\n<p><\/br><\/p>\n<p><strong><em>(Fonte: O Tempo)<\/em><\/strong><\/p>\n","protected":false},"excerpt":{"rendered":"<p>A aus\u00eancia das tradicionais bandas Bartucada e Bat-Caverna no Carnaval em Diamantina, no Vale do Jequitinhonha, e a mudan\u00e7a organizada pela prefeitura no perfil da folia na cidade, que este ano priorizou uma festa mais voltada para a fam\u00edlia, dividiu a opini\u00e3o de moradores do munic\u00edpio. Enquanto alguns comemoram a tranquilidade nas ruas proporcionada pela [&hellip;]<\/p>\n","protected":false},"author":1,"featured_media":109691,"comment_status":"open","ping_status":"closed","sticky":false,"template":"","format":"standard","meta":{"amp_status":"","footnotes":""},"categories":[125,120],"tags":[137244,137246,137240,137241,137245,137242,137243,135651,136839,3026,1018,198,138286,140902,134802,135052,140903,18096,30094],"class_list":["post-109690","post","type-post","status-publish","format-standard","has-post-thumbnail","hentry","category-noticias","category-jequi","tag-bartucada","tag-bartucada-e-bat-caverna-nao-tocam-no-carnaval-de-diamantina-em-2017","tag-barturcada-carnaval-de-diamantina","tag-barturcada-diamantina","tag-bat-caverna","tag-bat-caverna-carnaval-de-diamantina","tag-bat-caverna-diamantina","tag-carnaval-2017","tag-carnaval-2017-em-diamantina","tag-carnaval-de-diamantina","tag-destaque","tag-diamantina","tag-diamantina-reformula-carnaval-para-atrair-quem-quer-menos-agito","tag-fracasso-carnaval-de-diamantina","tag-juscelino-brasiliano-roque","tag-juscelino-roque","tag-mudanca-no-perfil-do-carnaval-divide-moradores-em-diamantina","tag-pmdb","tag-programacao-do-carnaval-de-diamantina"],"_links":{"self":[{"href":"https:\/\/aconteceunovale.com.br\/portal\/index.php?rest_route=\/wp\/v2\/posts\/109690","targetHints":{"allow":["GET"]}}],"collection":[{"href":"https:\/\/aconteceunovale.com.br\/portal\/index.php?rest_route=\/wp\/v2\/posts"}],"about":[{"href":"https:\/\/aconteceunovale.com.br\/portal\/index.php?rest_route=\/wp\/v2\/types\/post"}],"author":[{"embeddable":true,"href":"https:\/\/aconteceunovale.com.br\/portal\/index.php?rest_route=\/wp\/v2\/users\/1"}],"replies":[{"embeddable":true,"href":"https:\/\/aconteceunovale.com.br\/portal\/index.php?rest_route=%2Fwp%2Fv2%2Fcomments&post=109690"}],"version-history":[{"count":0,"href":"https:\/\/aconteceunovale.com.br\/portal\/index.php?rest_route=\/wp\/v2\/posts\/109690\/revisions"}],"wp:featuredmedia":[{"embeddable":true,"href":"https:\/\/aconteceunovale.com.br\/portal\/index.php?rest_route=\/wp\/v2\/media\/109691"}],"wp:attachment":[{"href":"https:\/\/aconteceunovale.com.br\/portal\/index.php?rest_route=%2Fwp%2Fv2%2Fmedia&parent=109690"}],"wp:term":[{"taxonomy":"category","embeddable":true,"href":"https:\/\/aconteceunovale.com.br\/portal\/index.php?rest_route=%2Fwp%2Fv2%2Fcategories&post=109690"},{"taxonomy":"post_tag","embeddable":true,"href":"https:\/\/aconteceunovale.com.br\/portal\/index.php?rest_route=%2Fwp%2Fv2%2Ftags&post=109690"}],"curies":[{"name":"wp","href":"https:\/\/api.w.org\/{rel}","templated":true}]}}