{"id":109685,"date":"2017-02-28T22:47:46","date_gmt":"2017-03-01T00:47:46","guid":{"rendered":"http:\/\/aconteceunovale.com.br\/portal\/?p=109685"},"modified":"2017-02-28T22:47:46","modified_gmt":"2017-03-01T00:47:46","slug":"carnaval-de-2018-sera-de-9-a-14-de-fevereiro-saiba-como-a-data-e-definida","status":"publish","type":"post","link":"https:\/\/aconteceunovale.com.br\/portal\/?p=109685","title":{"rendered":"Carnaval de 2018 ser\u00e1 de 9 a 14 de fevereiro; saiba como a data \u00e9 definida"},"content":{"rendered":"<p>Para quem j\u00e1 est\u00e1 pensando na folia do ano que vem e pensa em se programar, a ter\u00e7a-feira de carnaval em 2018 vai cair em 13 de fevereiro. A festa come\u00e7a na quinta ou sexta-feira anterior, 8 ou 9 de fevereiro (a depender do local), e acaba na quarta-feira de cinzas, 14. Em algumas cidades, a festa prossegue extraoficialmente at\u00e9 al\u00e9m desta data.<\/p>\n<p>Para saber como \u00e9 calculada a data do carnaval, basta lembrar que a festa de Momo est\u00e1 diretamente relacionada com os festejos cat\u00f3licos da P\u00e1scoa. A folia termina sempre 40 dias antes do domingo de Ramos, que \u00e9 o domingo que antecede a P\u00e1scoa. Da Quarta-feira de Cinzas at\u00e9 o Domingo de P\u00e1scoa, s\u00e3o 46 dias, per\u00edodo em que muitos crist\u00e3os fazem a Quaresma \u2013 um momento espiritual e de reflex\u00e3o em que tamb\u00e9m fazem algum tipo de jejum.<\/p>\n<p>A Quarta-feira de Cinzas representa, portanto, o primeiro dia da Quaresma Como a data \u00e9 flutuante, a ela pode cair entre 4 de fevereiro e 9 de mar\u00e7o. J\u00e1 o domingo em que se celebra a ressurrei\u00e7\u00e3o de Jesus Cristo, ou P\u00e1scoa, sempre acontece entre 22 de mar\u00e7o e 25 de abril.<\/p>\n<p>Com base em relatos b\u00edblicos e hist\u00f3ricos, os cat\u00f3licos acreditam que a ressurrei\u00e7\u00e3o de Cristo ocorreu em um dia de lua cheia, pr\u00f3ximo ao equin\u00f3cio da primavera no hemisf\u00e9rio Norte. Por essa raz\u00e3o, no ano 325, a Igreja Cat\u00f3lica realizou o Conc\u00edlio de Niceia e decidiu que a P\u00e1scoa seria celebrada sempre no domingo subsequente ao surgimento da primeira lua cheia ap\u00f3s a chegada da primavera.<\/p>\n<p>Assim, como o feriado da P\u00e1scoa \u00e9 vari\u00e1vel, a data do carnaval tamb\u00e9m segue essa mudan\u00e7a.<\/p>\n<p><img decoding=\"async\" src=\"http:\/\/aconteceunovale.com.br\/portal\/wp-content\/uploads\/2017\/02\/carnaval_2017.jpg\" alt=\"\" \/><em>Desfile da escola de samba Uni\u00e3o da Ilha do Governador (Fernando Fraz\u00e3o\/Ag\u00eancia Brasil)<\/em><br \/>\n<\/br><\/p>\n<p><strong>Quarta-feira de Cinzas n\u00e3o \u00e9 feriado<\/strong><\/p>\n<p>Embora a maioria do servi\u00e7os, com\u00e9rcio e estabelecimentos feche as portas entre s\u00e1bado e parte da Quarta-feira de Cinzas, as datas n\u00e3o s\u00e3o feriados nacionais estabelecidos por lei federal.<\/p>\n<p>Alguns munic\u00edpios e estados possuem uma legisla\u00e7\u00e3o pr\u00f3pria para a quest\u00e3o. No Rio de Janeiro, a lei estadual 5243\/2008 definiu a ter\u00e7a-feira de carnaval como feriado. Tamb\u00e9m existem capitais que transformaram a data em feriado municipal, como Belo Horizonte (MG) e Curitiba (PR).<\/p>\n<p><strong>VER PRIMEIRO<\/strong><\/p>\n<p><strong>Receba as not\u00edcias do Aconteceu no Vale em primeira m\u00e3o. Clique em curtir no endere\u00e7o <a href=\"https:\/\/www.facebook.com\/aconteceunovale\" target=\"_blank\"><font color=\"red\">www.facebook.com\/aconteceunovale<\/font><\/a> ou no box abaixo:<\/strong><\/p>\n<div class=\"fb-like\" data-href=\"https:\/\/www.facebook.com\/aconteceunovale\" data-width=\"120\" data-layout=\"standard\" data-action=\"like\" data-size=\"small\" data-show-faces=\"true\" data-share=\"true\"><\/div>\n<p><\/br><\/p>\n<p><em>(Ag\u00eancia Brasil)<\/em><\/p>\n","protected":false},"excerpt":{"rendered":"<p>Para quem j\u00e1 est\u00e1 pensando na folia do ano que vem e pensa em se programar, a ter\u00e7a-feira de carnaval em 2018 vai cair em 13 de fevereiro. A festa come\u00e7a na quinta ou sexta-feira anterior, 8 ou 9 de fevereiro (a depender do local), e acaba na quarta-feira de cinzas, 14. Em algumas cidades, [&hellip;]<\/p>\n","protected":false},"author":1,"featured_media":109686,"comment_status":"open","ping_status":"closed","sticky":false,"template":"","format":"standard","meta":{"amp_status":"","footnotes":""},"categories":[125],"tags":[135651,140893,140890,140894,1018,140898,28187,39841,140895,140900,140897,140901,140896,140899,140891,140892],"class_list":["post-109685","post","type-post","status-publish","format-standard","has-post-thumbnail","hentry","category-noticias","tag-carnaval-2017","tag-carnaval-2018","tag-carnaval-de-2018-sera-de-9-a-14-de-fevereiro","tag-data-do-carnaval-2018","tag-destaque","tag-domingo-de-pascoa-2018","tag-feriado","tag-pascoa","tag-periodo-de-carnaval-em-2018","tag-quaresma","tag-quaresma-2018","tag-quarta-feira-de-cinzas","tag-quarta-feira-de-cinzas-2018","tag-quarta-feira-de-cinzas-nao-e-feriado","tag-saiba-como-a-data-do-carnaval-e-definida","tag-saiba-como-e-definida-a-data-do-carnaval"],"_links":{"self":[{"href":"https:\/\/aconteceunovale.com.br\/portal\/index.php?rest_route=\/wp\/v2\/posts\/109685","targetHints":{"allow":["GET"]}}],"collection":[{"href":"https:\/\/aconteceunovale.com.br\/portal\/index.php?rest_route=\/wp\/v2\/posts"}],"about":[{"href":"https:\/\/aconteceunovale.com.br\/portal\/index.php?rest_route=\/wp\/v2\/types\/post"}],"author":[{"embeddable":true,"href":"https:\/\/aconteceunovale.com.br\/portal\/index.php?rest_route=\/wp\/v2\/users\/1"}],"replies":[{"embeddable":true,"href":"https:\/\/aconteceunovale.com.br\/portal\/index.php?rest_route=%2Fwp%2Fv2%2Fcomments&post=109685"}],"version-history":[{"count":0,"href":"https:\/\/aconteceunovale.com.br\/portal\/index.php?rest_route=\/wp\/v2\/posts\/109685\/revisions"}],"wp:featuredmedia":[{"embeddable":true,"href":"https:\/\/aconteceunovale.com.br\/portal\/index.php?rest_route=\/wp\/v2\/media\/109686"}],"wp:attachment":[{"href":"https:\/\/aconteceunovale.com.br\/portal\/index.php?rest_route=%2Fwp%2Fv2%2Fmedia&parent=109685"}],"wp:term":[{"taxonomy":"category","embeddable":true,"href":"https:\/\/aconteceunovale.com.br\/portal\/index.php?rest_route=%2Fwp%2Fv2%2Fcategories&post=109685"},{"taxonomy":"post_tag","embeddable":true,"href":"https:\/\/aconteceunovale.com.br\/portal\/index.php?rest_route=%2Fwp%2Fv2%2Ftags&post=109685"}],"curies":[{"name":"wp","href":"https:\/\/api.w.org\/{rel}","templated":true}]}}