{"id":109670,"date":"2017-02-28T16:08:28","date_gmt":"2017-02-28T18:08:28","guid":{"rendered":"http:\/\/aconteceunovale.com.br\/portal\/?p=109670"},"modified":"2017-02-28T16:10:43","modified_gmt":"2017-02-28T18:10:43","slug":"tulio-fernandes-revela-planos-do-barco-a-vela-para-2017-em-entrevista-ao-aconteceu-no-vale","status":"publish","type":"post","link":"https:\/\/aconteceunovale.com.br\/portal\/?p=109670","title":{"rendered":"T\u00falio Fernandes revela planos do Barco a Vela para 2017 em entrevista ao Aconteceu no Vale"},"content":{"rendered":"<p>O vocalista da Banda Barco a Vela, T\u00falio Fernandes, foi entrevistado nesta ter\u00e7a-feira (28\/2) pelo site Aconteceu no Vale. O cantor minasnovense revelou a nossa reportagem como est\u00e1 sua rotina de compromissos a frente da banda, com v\u00e1rios shows pelo Brasil, e aproveitou para convidar os leitores da regi\u00e3o para o \u00faltimo dia do Carnaval Bom D+ de Minas Novas.<\/p>\n<p><em>\u201cA m\u00fasica tem o poder de levar a gente a lugares impressionantes, experi\u00eancias f\u00edsicas e espirituais. O palco \u00e9 minha divers\u00e3o. \u00c9 onde fa\u00e7o o que mais gosto, que \u00e9 cantar. Sou muito grato a Deus desde o primeiro show e por tudo que pude fazer at\u00e9 hoje, principalmente liderando uma banda s\u00f3 de amigos.\u201d<\/em>, afirma T\u00falio.<\/p>\n<p><img decoding=\"async\" src=\"http:\/\/aconteceunovale.com.br\/portal\/wp-content\/uploads\/2017\/02\/entrevista_barco_5.jpg\" alt=\"\" \/><em>T\u00falio Fernandes \u00e9 vocalista do Barco a Vela (Foto: Divulga\u00e7\u00e3o)<\/em><br \/>\n<\/br><\/p>\n<p><em>\u201cMesmo ap\u00f3s v\u00e1rios anos, sinto como se ainda estivesse iniciando minha carreira. Comecei aos 13 anos na banda de forr\u00f3 p\u00e9-de-serra Xumbim Cum Rapadura, na qual ainda fa\u00e7o parte como projeto paralelo. Passei pela Banda Xeru, onde atuava como back. Comecei a brincar com acordeom aos 16, mas fiquei meio descrente com a m\u00fasica ap\u00f3s a morte de meu amigo Zeca. S\u00f3 voltei a me dedicar aos 19, quando j\u00e1 cursava Design em uma faculdade da Capital. Conversando com o nosso ex-guitarrista Ivan Pestana, tamb\u00e9m m\u00fasico de Minas Novas, disse a ele que tinha um projeto pra tocar no carnaval da cidade. Na \u00e9poca, Pestana chamou seu irm\u00e3o Andr\u00e9 Santos (contrabaixista), seu primo Helber (baterista) e, juntos, convidamos Matheus Mota, Airam Coelho, Roberto Mauricio e Ac\u00e1cio Augusto pra montar a Banda Barco a Vela. N\u00e3o t\u00ednhamos grandes pretens\u00f5es, s\u00f3 quer\u00edamos tocar no carnaval minasnovense. O nome da Banda, que foi ideia de meu irm\u00e3o Paulo, veio da m\u00fasica Barco a Vela do cantor e Compositor Romilson Ferreira.\u201d<\/em>, revelou o l\u00edder do Barco.<\/p>\n<p><img decoding=\"async\" src=\"http:\/\/aconteceunovale.com.br\/portal\/wp-content\/uploads\/2017\/02\/entrevista_barco_1.jpg\" alt=\"\" \/><em>Banda arrasta foli\u00f5es pelo Brasil (Foto: Divulga\u00e7\u00e3o)<\/em><br \/>\n<\/br><\/p>\n<p><strong>M\u00fasica Beijo Mesmo<\/strong><\/p>\n<p>Uma das m\u00fasicas que tem tocado muito neste ver\u00e3o 2017 \u00e9 a Beijo Mesmo. Questionamos qual foi a grande sacada do sucesso, que est\u00e1 com mais de meio milh\u00e3o de visualiza\u00e7\u00f5es em uma publica\u00e7\u00e3o no Youtube. <em>\u201cCara, essa m\u00fasica fiz com meu xar\u00e1, amigo e cantor sertanejo T\u00falio Macedo. A ideia era fazer algo bem alegre, com clima de carnaval. Misturamos um pouco de romantismo com folia e surgiu ela. O pr\u00f3ximo passo ser\u00e1 gravar um clipe.\u201d<\/em><\/p>\n<p><iframe loading=\"lazy\" width=\"640\" height=\"360\" src=\"https:\/\/www.youtube.com\/embed\/VPFMldkXpNc\" frameborder=\"0\" allowfullscreen><\/iframe><br \/>\n<\/br><\/p>\n<p>T\u00falio tamb\u00e9m falou sobre o cuidado com as letras de suas composi\u00e7\u00f5es. <em>\u201cA m\u00fasica pode ser legal, sem precisar ser banal. A m\u00fasica influencia muito no modo de pensar das pessoas, ent\u00e3o, me preocupo muito com isso\u201d.<\/em><\/p>\n<p><strong>Carnaval e projetos para 2017<\/strong><\/p>\n<p>T\u00falio aproveitou a oportunidade para convidar os foli\u00f5es que est\u00e3o conectados no Aconteceu no Vale para o \u00faltimo dia do Carnaval Bom D+ de Minas Novas. <em>\u201c\u00c9 muito bom mobilizar essa turma que gosta do nosso trabalho e do carnaval do povo fanadeiro. Eu amo tocar em minha cidade, \u00e9 sempre maravilhoso. Conto com a presen\u00e7a de todos voc\u00eas hoje \u00e0 noite\u201d.<\/em><\/p>\n<p>Sobre os planos para o restante do ano, T\u00falio Fernandes revelou que a banda planeja gravar um novo projeto com algumas releituras do primeiro CD. Questionado sobre a grava\u00e7\u00e3o do primeiro DVD, ele disse que n\u00e3o poderia dar muitos detalhes, mas que tudo ser\u00e1 divulgado quando o trabalho estiver pronto. <em>\u201cSer\u00e1 um ano especial, de muita m\u00fasica!\u201d<\/em>, finalizou.<\/p>\n<p><img decoding=\"async\" src=\"http:\/\/aconteceunovale.com.br\/portal\/wp-content\/uploads\/2017\/02\/entrevista_barco_2.jpg\" alt=\"\" \/><em>Banda arrasta foli\u00f5es pelo Brasil (Foto: Divulga\u00e7\u00e3o)<\/em><br \/>\n<\/br><\/p>\n<p><img decoding=\"async\" src=\"http:\/\/aconteceunovale.com.br\/portal\/wp-content\/uploads\/2017\/02\/entrevista_barco_3.jpg\" alt=\"\" \/><em>Banda arrasta foli\u00f5es pelo Brasil (Foto: Divulga\u00e7\u00e3o)<\/em><br \/>\n<\/br><\/p>\n<p><img decoding=\"async\" src=\"http:\/\/aconteceunovale.com.br\/portal\/wp-content\/uploads\/2017\/02\/entrevista_barco_4.jpg\" alt=\"\" \/><em>T\u00falio Fernandes \u00e9 vocalista do Barco a Vela (Foto: Divulga\u00e7\u00e3o)<\/em><br \/>\n<\/br><\/p>\n","protected":false},"excerpt":{"rendered":"<p>O vocalista da Banda Barco a Vela, T\u00falio Fernandes, foi entrevistado nesta ter\u00e7a-feira (28\/2) pelo site Aconteceu no Vale. O cantor minasnovense revelou a nossa reportagem como est\u00e1 sua rotina de compromissos a frente da banda, com v\u00e1rios shows pelo Brasil, e aproveitou para convidar os leitores da regi\u00e3o para o \u00faltimo dia do Carnaval [&hellip;]<\/p>\n","protected":false},"author":1,"featured_media":109676,"comment_status":"open","ping_status":"closed","sticky":false,"template":"","format":"standard","meta":{"amp_status":"","footnotes":""},"categories":[125,120],"tags":[140868,139608,139602,139607,72952,138,4578,140871,16121,140874,139599,139606,72953,29180,140870,139596,140869,139598,139603,29171,3989,1018,139595,140866,140885,140879,140880,139611,140884,140878,137,140883,140877,140864,140875,140873,139600,139604,139597,140863,139612,140865,139601,139605,72951,140872,140881,140882,140876,139610,67615,140862,139609,140867,139614,139613],"class_list":["post-109670","post","type-post","status-publish","format-standard","has-post-thumbnail","hentry","category-noticias","category-jequi","tag-agenda-banda-barco-a-vela","tag-alma-sant","tag-atracoes-carnaval-bom-d-2017","tag-atracoes-do-carnaval-bom-d-2017-em-minas-novas","tag-atracoes-do-carnaval-de-minas-novas","tag-axe-pop","tag-banda-barco-a-vela","tag-banda-barco-a-vela-de-minas-novas","tag-banda-cheiro-de-amor","tag-banda-sucesso-do-axe","tag-bandas-carnaval-bom-d-2017","tag-bandas-do-carnaval-bom-d-2017-em-minas-novas","tag-bandas-do-carnaval-de-minas-novas","tag-barco-a-vela","tag-barco-a-vela-de-minas-novas","tag-carnaval-2017-em-minas-novas","tag-carnaval-bom-d","tag-carnaval-bom-d-2017","tag-carnaval-bom-d-2017-em-minas-novas","tag-carnaval-bom-d-de-minas-novas","tag-carnaval-de-minas-novas","tag-destaque","tag-divulgada-a-programacao-do-carnaval-2017-em-minas-novas","tag-entrevista-banda-barco-a-vela","tag-estourado-no-carnaval-2017","tag-estourado-no-verao-2017","tag-estouro-no-verao-2017","tag-igor-niz","tag-melhor-musica-do-carnaval-2017","tag-melhor-musica-do-verao-2017","tag-minas-novas","tag-musica-do-carnaval-2017","tag-musica-do-verao-2017","tag-musicas-banda-barco-a-vela","tag-nova-musica-do-axe","tag-novo-sucesso-do-axe","tag-programacao-carnaval-bom-d-2017","tag-programacao-do-carnaval-bom-d-2017-em-minas-novas","tag-programacao-do-carnaval-de-minas-novas","tag-projetos-da-banda-barco-a-vela","tag-roger-castro","tag-show-banda-barco-a-vela","tag-shows-carnaval-bom-d-2017","tag-shows-do-carnaval-bom-d-2017-em-minas-novas","tag-shows-do-carnaval-de-minas-novas","tag-sucesso-do-axe","tag-sucesso-do-carnaval","tag-sucesso-do-carnaval-2017","tag-sucesso-verao-2017","tag-swingao-do-ghetto","tag-tulio-fernandes","tag-tulio-fernandes-revela-planos-do-barco-a-vela-para-2017-em-entrevista-ao-aconteceu-no-vale","tag-tulio-macedo","tag-video-banda-barco-a-vela","tag-vina-calmon","tag-vocalista-vina-calmon"],"_links":{"self":[{"href":"https:\/\/aconteceunovale.com.br\/portal\/index.php?rest_route=\/wp\/v2\/posts\/109670","targetHints":{"allow":["GET"]}}],"collection":[{"href":"https:\/\/aconteceunovale.com.br\/portal\/index.php?rest_route=\/wp\/v2\/posts"}],"about":[{"href":"https:\/\/aconteceunovale.com.br\/portal\/index.php?rest_route=\/wp\/v2\/types\/post"}],"author":[{"embeddable":true,"href":"https:\/\/aconteceunovale.com.br\/portal\/index.php?rest_route=\/wp\/v2\/users\/1"}],"replies":[{"embeddable":true,"href":"https:\/\/aconteceunovale.com.br\/portal\/index.php?rest_route=%2Fwp%2Fv2%2Fcomments&post=109670"}],"version-history":[{"count":0,"href":"https:\/\/aconteceunovale.com.br\/portal\/index.php?rest_route=\/wp\/v2\/posts\/109670\/revisions"}],"wp:featuredmedia":[{"embeddable":true,"href":"https:\/\/aconteceunovale.com.br\/portal\/index.php?rest_route=\/wp\/v2\/media\/109676"}],"wp:attachment":[{"href":"https:\/\/aconteceunovale.com.br\/portal\/index.php?rest_route=%2Fwp%2Fv2%2Fmedia&parent=109670"}],"wp:term":[{"taxonomy":"category","embeddable":true,"href":"https:\/\/aconteceunovale.com.br\/portal\/index.php?rest_route=%2Fwp%2Fv2%2Fcategories&post=109670"},{"taxonomy":"post_tag","embeddable":true,"href":"https:\/\/aconteceunovale.com.br\/portal\/index.php?rest_route=%2Fwp%2Fv2%2Ftags&post=109670"}],"curies":[{"name":"wp","href":"https:\/\/api.w.org\/{rel}","templated":true}]}}