{"id":109668,"date":"2017-02-27T13:21:04","date_gmt":"2017-02-27T15:21:04","guid":{"rendered":"http:\/\/aconteceunovale.com.br\/portal\/?p=109668"},"modified":"2017-02-27T13:21:04","modified_gmt":"2017-02-27T15:21:04","slug":"ligar-de-telefone-fixo-para-celular-esta-mais-barato","status":"publish","type":"post","link":"https:\/\/aconteceunovale.com.br\/portal\/?p=109668","title":{"rendered":"Ligar de telefone fixo para celular est\u00e1 mais barato"},"content":{"rendered":"<p>As liga\u00e7\u00f5es feitas de telefones fixos para celulares est\u00e3o mais baratas desde s\u00e1bado (25\/02). Os valores das chamadas locais tiveram uma redu\u00e7\u00e3o entre 16,49% e 19,25% e, para as liga\u00e7\u00f5es interurbanas, a queda \u00e9 entre 7,05% e 12,01%, dependendo da empresa.<\/p>\n<p>Segundo a Ag\u00eancia Nacional de Telecomunica\u00e7\u00f5es (Anatel), a queda no custo das liga\u00e7\u00f5es se deve \u00e0 redu\u00e7\u00e3o das tarifas de interconex\u00e3o, que \u00e9 o valor cobrado de uma empresa pelo uso da rede de outra operadora para a realiza\u00e7\u00e3o de liga\u00e7\u00f5es. Desde 2014, a tarifa de interconex\u00e3o vem caindo e novas redu\u00e7\u00f5es devem ocorrer at\u00e9 2019, segundo previs\u00e3o da Anatel.<\/p>\n<p>A redu\u00e7\u00e3o das tarifas vai beneficiar os 41,8 milh\u00f5es de assinantes de telefone fixo do pa\u00eds. Ao mesmo tempo em que a tarifa \u00e9 reduzida, as empresas de telecomunica\u00e7\u00f5es devem aumentar os investimentos na amplia\u00e7\u00e3o de suas redes, na melhoria da qualidade de servi\u00e7os e no atendimento aos consumidores, conforme determina\u00e7\u00f5es da Anatel.<\/p>\n<p><strong>VER PRIMEIRO<\/strong><\/p>\n<p><strong>Receba as not\u00edcias do Aconteceu no Vale em primeira m\u00e3o. Clique em curtir no endere\u00e7o <a href=\"https:\/\/www.facebook.com\/aconteceunovale\" target=\"_blank\"><font color=\"red\">www.facebook.com\/aconteceunovale<\/font><\/a> ou no box abaixo:<\/strong><\/p>\n<div class=\"fb-like\" data-href=\"https:\/\/www.facebook.com\/aconteceunovale\" data-width=\"120\" data-layout=\"standard\" data-action=\"like\" data-size=\"small\" data-show-faces=\"true\" data-share=\"true\"><\/div>\n<p><\/br><\/p>\n<p><em>(Ag\u00eancia Brasil)<\/em><\/p>\n","protected":false},"excerpt":{"rendered":"<p>As liga\u00e7\u00f5es feitas de telefones fixos para celulares est\u00e3o mais baratas desde s\u00e1bado (25\/02). Os valores das chamadas locais tiveram uma redu\u00e7\u00e3o entre 16,49% e 19,25% e, para as liga\u00e7\u00f5es interurbanas, a queda \u00e9 entre 7,05% e 12,01%, dependendo da empresa. Segundo a Ag\u00eancia Nacional de Telecomunica\u00e7\u00f5es (Anatel), a queda no custo das liga\u00e7\u00f5es se [&hellip;]<\/p>\n","protected":false},"author":1,"featured_media":80104,"comment_status":"open","ping_status":"closed","sticky":false,"template":"","format":"standard","meta":{"amp_status":"","footnotes":""},"categories":[6],"tags":[19797,21380,140861,140856,140860,140854,40480,140858,140859,35405,140855,140857],"class_list":["post-109668","post","type-post","status-publish","format-standard","has-post-thumbnail","hentry","category-br","tag-anatel","tag-celulares","tag-fixos","tag-ligacao-de-telefone-fixo-para-celular","tag-ligacoes-telefonicas","tag-ligar-de-telefone-fixo-para-celular-esta-mais-barato","tag-queda","tag-queda-no-valor-das-ligacoes-de-telefone-fixo-para-celular","tag-reducao-no-valor-das-ligacoes-de-telefone-fixo-para-celular","tag-tarifas","tag-telefone-fixo-para-celular","tag-valor-de-ligacao-de-telefone-fixo-para-celular"],"_links":{"self":[{"href":"https:\/\/aconteceunovale.com.br\/portal\/index.php?rest_route=\/wp\/v2\/posts\/109668","targetHints":{"allow":["GET"]}}],"collection":[{"href":"https:\/\/aconteceunovale.com.br\/portal\/index.php?rest_route=\/wp\/v2\/posts"}],"about":[{"href":"https:\/\/aconteceunovale.com.br\/portal\/index.php?rest_route=\/wp\/v2\/types\/post"}],"author":[{"embeddable":true,"href":"https:\/\/aconteceunovale.com.br\/portal\/index.php?rest_route=\/wp\/v2\/users\/1"}],"replies":[{"embeddable":true,"href":"https:\/\/aconteceunovale.com.br\/portal\/index.php?rest_route=%2Fwp%2Fv2%2Fcomments&post=109668"}],"version-history":[{"count":0,"href":"https:\/\/aconteceunovale.com.br\/portal\/index.php?rest_route=\/wp\/v2\/posts\/109668\/revisions"}],"wp:featuredmedia":[{"embeddable":true,"href":"https:\/\/aconteceunovale.com.br\/portal\/index.php?rest_route=\/wp\/v2\/media\/80104"}],"wp:attachment":[{"href":"https:\/\/aconteceunovale.com.br\/portal\/index.php?rest_route=%2Fwp%2Fv2%2Fmedia&parent=109668"}],"wp:term":[{"taxonomy":"category","embeddable":true,"href":"https:\/\/aconteceunovale.com.br\/portal\/index.php?rest_route=%2Fwp%2Fv2%2Fcategories&post=109668"},{"taxonomy":"post_tag","embeddable":true,"href":"https:\/\/aconteceunovale.com.br\/portal\/index.php?rest_route=%2Fwp%2Fv2%2Ftags&post=109668"}],"curies":[{"name":"wp","href":"https:\/\/api.w.org\/{rel}","templated":true}]}}