{"id":109666,"date":"2017-02-27T13:17:49","date_gmt":"2017-02-27T15:17:49","guid":{"rendered":"http:\/\/aconteceunovale.com.br\/portal\/?p=109666"},"modified":"2017-02-27T13:17:49","modified_gmt":"2017-02-27T15:17:49","slug":"termina-hoje-prazo-para-entrega-da-declaracao-do-imposto-retido-na-fonte","status":"publish","type":"post","link":"https:\/\/aconteceunovale.com.br\/portal\/?p=109666","title":{"rendered":"Termina hoje prazo para entrega da Declara\u00e7\u00e3o do Imposto Retido na Fonte"},"content":{"rendered":"<p>As empresas t\u00eam at\u00e9 as 23h59min59s de hoje (27\/02) para apresentar \u00e0 Receita Federal a Declara\u00e7\u00e3o de Imposto de Renda Retido na Fonte (DIRF) relativo ao exerc\u00edcio de 2016. Est\u00e3o isentas dessa obriga\u00e7\u00e3o apenas os microempreendedores individuais (MEI) com receita bruta anual de at\u00e9 R$ 60 mil em suas opera\u00e7\u00f5es de cart\u00e3o de cr\u00e9dito com IRRF sobre os pagamentos de comiss\u00f5es para as operadoras.<\/p>\n<p>Se o prazo n\u00e3o for cumprido, a empresa ter\u00e1 de pagar multa de 2% ao m\u00eas-calend\u00e1rio ou fra\u00e7\u00e3o, incidente sobre o montante de tributos e contribui\u00e7\u00f5es informados na declara\u00e7\u00e3o, ainda que integralmente pago, limitada a 20%.<\/p>\n<p>Como forma de ampliar o controle tribut\u00e1rio sobre determinadas opera\u00e7\u00f5es e ampliar mecanismos de combate \u00e0 evas\u00e3o tribut\u00e1ria, a Receita Federal tamb\u00e9m tornou obrigat\u00f3ria a declara\u00e7\u00e3o em casos de pessoas f\u00edsicas e jur\u00eddicas residentes no pa\u00eds, mesmo sem ter feito a reten\u00e7\u00e3o do imposto, desde que tenham sido candidatos a cargos eletivos, inclusive vices e suplentes, ou que tenham efetuado pagamento, cr\u00e9dito, entrega, emprego ou remessa a pessoa f\u00edsica ou jur\u00eddica residente ou domiciliada no exterior.<\/p>\n<p>Nesses casos, a obrigatoriedade de declara\u00e7\u00e3o vale para as seguintes situa\u00e7\u00f5es: aplica\u00e7\u00f5es em fundos de investimento de convers\u00e3o de d\u00e9bitos externos; royalties, servi\u00e7os t\u00e9cnicos e de assist\u00eancia t\u00e9cnica; juros e comiss\u00f5es em geral; juros sobre o capital pr\u00f3prio; aluguel e arrendamento; aplica\u00e7\u00f5es financeiras em fundos ou em entidades de investimento coletivo; carteiras de valores mobili\u00e1rios e mercados de renda fixa ou renda vari\u00e1vel; fretes internacionais; previd\u00eancia complementar; remunera\u00e7\u00e3o de direitos; obras audiovisuais, cinematogr\u00e1ficas e videof\u00f4nicas; lucros e dividendos distribu\u00eddos; cobertura de gastos pessoais, no exterior, de pessoas f\u00edsicas residentes no pa\u00eds, em viagens de turismo, neg\u00f3cios, servi\u00e7o, treinamento ou miss\u00f5es oficiais; rendimentos de que trata o Artigo 1\u00ba do Decreto n\u00ba 6.761, de 5 de fevereiro de 2009, que tiveram a al\u00edquota do imposto sobre a renda reduzida a 0% e demais rendimentos considerados como rendas e proventos de qualquer natureza, na forma prevista na legisla\u00e7\u00e3o espec\u00edfica.<\/p>\n<p><strong>VER PRIMEIRO<\/strong><\/p>\n<p><strong>Receba as not\u00edcias do Aconteceu no Vale em primeira m\u00e3o. Clique em curtir no endere\u00e7o <a href=\"https:\/\/www.facebook.com\/aconteceunovale\" target=\"_blank\"><font color=\"red\">www.facebook.com\/aconteceunovale<\/font><\/a> ou no box abaixo:<\/strong><\/p>\n<div class=\"fb-like\" data-href=\"https:\/\/www.facebook.com\/aconteceunovale\" data-width=\"120\" data-layout=\"standard\" data-action=\"like\" data-size=\"small\" data-show-faces=\"true\" data-share=\"true\"><\/div>\n<p><\/br><\/p>\n<p><em>(Fonte: Ag\u00eancia Brasil)<\/em><\/p>\n","protected":false},"excerpt":{"rendered":"<p>As empresas t\u00eam at\u00e9 as 23h59min59s de hoje (27\/02) para apresentar \u00e0 Receita Federal a Declara\u00e7\u00e3o de Imposto de Renda Retido na Fonte (DIRF) relativo ao exerc\u00edcio de 2016. Est\u00e3o isentas dessa obriga\u00e7\u00e3o apenas os microempreendedores individuais (MEI) com receita bruta anual de at\u00e9 R$ 60 mil em suas opera\u00e7\u00f5es de cart\u00e3o de cr\u00e9dito com [&hellip;]<\/p>\n","protected":false},"author":1,"featured_media":68956,"comment_status":"open","ping_status":"closed","sticky":false,"template":"","format":"standard","meta":{"amp_status":"","footnotes":""},"categories":[6],"tags":[140853,140847,140852,20860,140851,140850,140848,140849,1464,140846],"class_list":["post-109666","post","type-post","status-publish","format-standard","has-post-thumbnail","hentry","category-br","tag-declaracao-de-imposto-de-renda-retido-na-fonte","tag-declaracao-do-imposto-retido-na-fonte","tag-dirf","tag-empresas","tag-imposto-retido","tag-imposto-retido-na-fonte","tag-prazo-para-declaracao-do-imposto-retido-na-fonte","tag-prazo-para-entrega-da-declaracao-do-imposto-retido-na-fonte","tag-receita-federal","tag-termina-hoje-prazo-para-entrega-da-declaracao-do-imposto-retido-na-fonte"],"_links":{"self":[{"href":"https:\/\/aconteceunovale.com.br\/portal\/index.php?rest_route=\/wp\/v2\/posts\/109666","targetHints":{"allow":["GET"]}}],"collection":[{"href":"https:\/\/aconteceunovale.com.br\/portal\/index.php?rest_route=\/wp\/v2\/posts"}],"about":[{"href":"https:\/\/aconteceunovale.com.br\/portal\/index.php?rest_route=\/wp\/v2\/types\/post"}],"author":[{"embeddable":true,"href":"https:\/\/aconteceunovale.com.br\/portal\/index.php?rest_route=\/wp\/v2\/users\/1"}],"replies":[{"embeddable":true,"href":"https:\/\/aconteceunovale.com.br\/portal\/index.php?rest_route=%2Fwp%2Fv2%2Fcomments&post=109666"}],"version-history":[{"count":0,"href":"https:\/\/aconteceunovale.com.br\/portal\/index.php?rest_route=\/wp\/v2\/posts\/109666\/revisions"}],"wp:featuredmedia":[{"embeddable":true,"href":"https:\/\/aconteceunovale.com.br\/portal\/index.php?rest_route=\/wp\/v2\/media\/68956"}],"wp:attachment":[{"href":"https:\/\/aconteceunovale.com.br\/portal\/index.php?rest_route=%2Fwp%2Fv2%2Fmedia&parent=109666"}],"wp:term":[{"taxonomy":"category","embeddable":true,"href":"https:\/\/aconteceunovale.com.br\/portal\/index.php?rest_route=%2Fwp%2Fv2%2Fcategories&post=109666"},{"taxonomy":"post_tag","embeddable":true,"href":"https:\/\/aconteceunovale.com.br\/portal\/index.php?rest_route=%2Fwp%2Fv2%2Ftags&post=109666"}],"curies":[{"name":"wp","href":"https:\/\/api.w.org\/{rel}","templated":true}]}}