{"id":109657,"date":"2017-02-24T23:59:47","date_gmt":"2017-02-25T01:59:47","guid":{"rendered":"http:\/\/aconteceunovale.com.br\/portal\/?p=109657"},"modified":"2017-02-24T23:59:47","modified_gmt":"2017-02-25T01:59:47","slug":"direto-de-brasilia-coluna-jerusia-arruda-7","status":"publish","type":"post","link":"https:\/\/aconteceunovale.com.br\/portal\/?p=109657","title":{"rendered":"Direto de Bras\u00edlia \u2013 Coluna Jer\u00fasia Arruda"},"content":{"rendered":"<p><center><img decoding=\"async\" src=\"http:\/\/aconteceunovale.com.br\/portal\/wp-content\/uploads\/2017\/01\/jerusia_arruda.jpg\" alt=\"\" \/><a href=\"https:\/\/www.facebook.com\/jerusia.arruda\" target=\"_blank\">JER\u00daSIA ARRUDA &#8211; <font color=\"blue\">www.facebook.com\/jerusia.arruda<\/font><\/a><\/center><br \/>\n<\/br><\/p>\n<p><strong>MAIOR CARNAVAL DA HIST\u00d3RIA<\/strong><br \/>\nO Distrito Federal espera reunir quase 2 milh\u00f5es de foli\u00f5es neste Carnaval, que est\u00e1 sendo considerado o maior da hist\u00f3ria da capital federal. No ano passado, cerca de 1 milh\u00e3o de foli\u00f5es sa\u00edram \u00e0s ruas. A festa momesca promete movimentar neste ano mais de R$ 500 milh\u00f5es em neg\u00f3cios. A mistura de ritmos tomou conta de Bras\u00edlia, com os blocos de rua, que tocam ax\u00e9, samba, frevo, marchinhas e at\u00e9 rock. De acordo com o secret\u00e1rio de Cultura do DF, Guilherme Reis, o carnaval do DF tem um formato que privilegia a entrada de investimentos privados, desonerando os cofres p\u00fablicos e garantindo que a folia permane\u00e7a diversa, democr\u00e1tica e sem cord\u00f5es.<\/p>\n<p><strong>CARNAVAL ACESS\u00cdVEL<\/strong><br \/>\nOs foli\u00f5es que escolheram curtir o Carnaval nos bloquinhos espalhados pelo DF poder\u00e3o contar com o transporte p\u00fablico durante as madrugadas de carnaval. Linhas adicionais de \u00f4nibus estar\u00e3o dispon\u00edveis ligando a rodovi\u00e1ria do Plano Piloto a outras regi\u00f5es at\u00e9 2h da madrugada. Para quem vai para a folia de carro, \u00e9 bom ficar atento porque o tr\u00e2nsito foi alterado em alguns pontos das entrequadras comerciais, para que os blocos de rua possam fazer a festa com mais seguran\u00e7a. Segundo o GDF, o aumento de eventos neste ano foi t\u00e3o superior em rela\u00e7\u00e3o ao ano passado que foi necess\u00e1rio dividir as atribui\u00e7\u00f5es do tr\u00e2nsito entre o Batalh\u00e3o Policial de Tr\u00e2nsito, o Detran e o Departamento de Estradas de Rodagem (DER).<\/p>\n<p><strong>MINIST\u00c9RIO FR\u00c1GIL<\/strong><br \/>\nO ministro da Casa Civil, Eliseu Padilha, ser\u00e1 submetido a uma cirurgia neste fim de semana, no hospital Moinhos de Vento, em Porto Alegre, para a retirada da pr\u00f3stata. No in\u00edcio da semana ele sofreu uma hemorragia causada por obstru\u00e7\u00e3o urin\u00e1ria e, ap\u00f3s a realiza\u00e7\u00e3o de exames, descobriu um aumento da pr\u00f3stata. Em reuni\u00e3o com o presidente Michel Temer, na \u00faltima quinta-feira, ele entregou uma licen\u00e7a m\u00e9dica e dever\u00e1 ficar afastado das atividades at\u00e9 o pr\u00f3ximo dia 6. Padilha sai no momento em que Cl\u00e1udio Melo Filho, ex-executivo da Odebrecht, afirma, em dela\u00e7\u00e3o premiada, que enviou dinheiro vivo ao escrit\u00f3rio do empres\u00e1rio Jos\u00e9 Yunes a pedido dele.<\/p>\n<p><strong>PRESIDENTE DO SENADO INTERNADO<\/strong><br \/>\nQuem tamb\u00e9m passou por uma cirurgia nesta semana foi o presidente do Senado, Eun\u00edcio Oliveira (PMDB-CE).  A assessoria de imprensa de Eun\u00edcio informou que o peemedebista passou por uma &#8220;pequena&#8221; cirurgia na noite de quarta-feira (22) para a retirada da ves\u00edcula. Segundo a assessoria ele foi internado com uma crise de &#8220;colecistite aguda com obstru\u00e7\u00e3o por c\u00e1lculos na via biliar principal\u201d. De acordo com laudo m\u00e9dico divulgado pela assessoria do presidente a cirurgia ocorreu com sucesso e Eun\u00edcio passa bem.<\/p>\n<p><strong>RETOMADA DE OBRAS PARADAS<\/strong><br \/>\nO deputado federal Z\u00e9 Silva (SD-MG), coordenador da Comiss\u00e3o de obras paralisadas na C\u00e2mara dos Deputados, sugeriu ao governo federal a libera\u00e7\u00e3o da retomada de, pelo menos, 20% das obras menores, da \u00e1rea da sa\u00fade e da educa\u00e7\u00e3o. Em resposta aos trabalhos realizados pela comiss\u00e3o, o ministro do Planejamento anunciou que foram retomadas 436 de 1,6 mil obras federais paralisadas, a maioria quadras esportivas em escolas, creches, pr\u00e9-escolas, obras de saneamento, rodovias e obras de infraestrutura tur\u00edstica. Para o deputado mineiro a decis\u00e3o \u00e9 uma conquista para o Brasil. Para assegurar o cadastramento das obras paralisadas no pa\u00eds, Z\u00e9 Silva apresentou o PL 5664\/2016, que cria um cadastro de livre acesso na Internet, com todas as obras p\u00fablicas custeadas com verbas federais.  <\/p>\n<p><strong>VOO DE RISCO<\/strong><br \/>\nUm v\u00eddeo gravado no voo 1457 da Gol, que saiu de Bras\u00edlia com destino a S\u00e3o Paulo na quarta-feira (22), mostra o piloto pedindo paci\u00eancia a passageiros que se &#8220;enfureceram&#8221; por aguardar quase duas horas no avi\u00e3o antes de serem liberados. Pelo menos um viajante chegou a passar mal e foi atendido por ambul\u00e2ncia. A demora ocorreu porque o aeroporto de destino, o de Congonhas, ficou fechado depois que um avi\u00e3o apresentou princ\u00edpio de inc\u00eandio em uma turbina.<\/p>\n<p><strong>CORRIDA ELEITORAL<\/strong><br \/>\nAs pr\u00f3ximas elei\u00e7\u00f5es ser\u00e3o somente no final de 2018, mas no DF a corrida por uma vaga no legislativo j\u00e1 come\u00e7ou. Enquanto partidos aliados cobram do governador Rodrigo Rollemberg mais espa\u00e7o no primeiro escal\u00e3o do Executivo local, correligion\u00e1rios exigem cargos de maior visibilidade para aumentar o contato com o eleitorado. Pelo menos seis assessores diretos de Rollemberg devem concorrer no ano que vem. Entre os administradores regionais tamb\u00e9m h\u00e1 v\u00e1rios interessados na corrida eleitoral.<\/p>\n<p><strong>VER PRIMEIRO<\/strong><\/p>\n<p><strong>Receba as not\u00edcias do Aconteceu no Vale em primeira m\u00e3o. Clique em curtir no endere\u00e7o <a href=\"https:\/\/www.facebook.com\/aconteceunovale\" target=\"_blank\"><font color=\"red\">www.facebook.com\/aconteceunovale<\/font><\/a> ou no box abaixo:<\/strong><\/p>\n<div class=\"fb-like\" data-href=\"https:\/\/www.facebook.com\/aconteceunovale\" data-width=\"120\" data-layout=\"standard\" data-action=\"like\" data-size=\"small\" data-show-faces=\"true\" data-share=\"true\"><\/div>\n<p><\/br><\/p>\n","protected":false},"excerpt":{"rendered":"<p>JER\u00daSIA ARRUDA &#8211; www.facebook.com\/jerusia.arruda MAIOR CARNAVAL DA HIST\u00d3RIA O Distrito Federal espera reunir quase 2 milh\u00f5es de foli\u00f5es neste Carnaval, que est\u00e1 sendo considerado o maior da hist\u00f3ria da capital federal. No ano passado, cerca de 1 milh\u00e3o de foli\u00f5es sa\u00edram \u00e0s ruas. A festa momesca promete movimentar neste ano mais de R$ 500 milh\u00f5es [&hellip;]<\/p>\n","protected":false},"author":1,"featured_media":106574,"comment_status":"open","ping_status":"closed","sticky":false,"template":"","format":"standard","meta":{"amp_status":"","footnotes":""},"categories":[4927],"tags":[4606,135443,135343,135442,137424,139963,206036],"class_list":["post-109657","post","type-post","status-publish","format-standard","has-post-thumbnail","hentry","category-colunistas","tag-brasilia","tag-coluna-direto-de-brasilia","tag-coluna-jerusia-arruda","tag-direto-de-brasilia","tag-direto-de-brasilia-jerusia-arruda","tag-direto-de-brasilia-coluna-jerusia-arruda","tag-jerusia-arruda"],"_links":{"self":[{"href":"https:\/\/aconteceunovale.com.br\/portal\/index.php?rest_route=\/wp\/v2\/posts\/109657","targetHints":{"allow":["GET"]}}],"collection":[{"href":"https:\/\/aconteceunovale.com.br\/portal\/index.php?rest_route=\/wp\/v2\/posts"}],"about":[{"href":"https:\/\/aconteceunovale.com.br\/portal\/index.php?rest_route=\/wp\/v2\/types\/post"}],"author":[{"embeddable":true,"href":"https:\/\/aconteceunovale.com.br\/portal\/index.php?rest_route=\/wp\/v2\/users\/1"}],"replies":[{"embeddable":true,"href":"https:\/\/aconteceunovale.com.br\/portal\/index.php?rest_route=%2Fwp%2Fv2%2Fcomments&post=109657"}],"version-history":[{"count":0,"href":"https:\/\/aconteceunovale.com.br\/portal\/index.php?rest_route=\/wp\/v2\/posts\/109657\/revisions"}],"wp:featuredmedia":[{"embeddable":true,"href":"https:\/\/aconteceunovale.com.br\/portal\/index.php?rest_route=\/wp\/v2\/media\/106574"}],"wp:attachment":[{"href":"https:\/\/aconteceunovale.com.br\/portal\/index.php?rest_route=%2Fwp%2Fv2%2Fmedia&parent=109657"}],"wp:term":[{"taxonomy":"category","embeddable":true,"href":"https:\/\/aconteceunovale.com.br\/portal\/index.php?rest_route=%2Fwp%2Fv2%2Fcategories&post=109657"},{"taxonomy":"post_tag","embeddable":true,"href":"https:\/\/aconteceunovale.com.br\/portal\/index.php?rest_route=%2Fwp%2Fv2%2Ftags&post=109657"}],"curies":[{"name":"wp","href":"https:\/\/api.w.org\/{rel}","templated":true}]}}