{"id":109650,"date":"2017-02-24T23:32:12","date_gmt":"2017-02-25T01:32:12","guid":{"rendered":"http:\/\/aconteceunovale.com.br\/portal\/?p=109650"},"modified":"2017-02-24T23:32:12","modified_gmt":"2017-02-25T01:32:12","slug":"gloria-a-deus-por-tudo-diz-ex-goleiro-bruno-ao-deixar-prisao-em-santa-luzia","status":"publish","type":"post","link":"https:\/\/aconteceunovale.com.br\/portal\/?p=109650","title":{"rendered":"&#8220;Gl\u00f3ria a Deus por tudo&#8221;, diz ex-goleiro Bruno ao deixar pris\u00e3o em Santa Luzia"},"content":{"rendered":"<p>O ex-goleiro Bruno Fernandes deixou a pris\u00e3o \u00e0s 19h35 desta sexta-feira (24\/02\/2017). Acompanhado da esposa e do advogado, o ex-atleta n\u00e3o conversou com a imprensa. Na sa\u00edda, a \u00fanica frase proferida por Bruno foi &#8220;Gl\u00f3ria a Deus por tudo&#8221;.<\/p>\n<p>Ele estava preso na Associa\u00e7\u00e3o de Prote\u00e7\u00e3o e Assist\u00eancia ao Condenado (APAC) de Santa Luzia, na Grande BH. Bruno foi liberado por meio do habeas corpus de n\u00famero 139.612, expedido pelo ministro do Supremo Tribunal Federal (STF) Marco Aur\u00e9lio Mello.<\/p>\n<p>Bruno, que foi condenado em 8 de mar\u00e7o de 2013, poder\u00e1 recorrer da pena em liberdade. Ele foi sentenciado a 22 anos e tr\u00eas meses de pena pelo sequestro do filho e morte e oculta\u00e7\u00e3o de cad\u00e1ver da ex-amante Eliza Samudio.<\/p>\n<p>No texto, o ministro afirma que a pris\u00e3o do goleiro, que n\u00e3o teve direito de recorrer ao processo em liberdade, inverte a ordem do processo-crime. O caminho coerente, segundo Marco Aur\u00e9lio, deveria priorizar o princ\u00edpio da n\u00e3o-culpabilidade, averiguando, primeiro, se Bruno foi, de fato, respons\u00e1vel pelo crime e, depois de confirmada a culpa, o ex-goleiro poderia ser preso para cumprir a pena. <\/p>\n<p>&#8220;A esta altura, sem culpa formada, o paciente est\u00e1 preso h\u00e1 6 anos e 7 meses. Nada, absolutamente nada, justifica tal fato&#8221;, diz o texto. A decis\u00e3o ainda ressalta que o fato de o ex-atleta ser r\u00e9u prim\u00e1rio e possuir bons antecedentes, alega\u00e7\u00e3o da defesa de Bruno, foi &#8220;colocado em segundo plano&#8221; na an\u00e1lise.<\/p>\n<p><img decoding=\"async\" src=\"http:\/\/aconteceunovale.com.br\/portal\/wp-content\/uploads\/2017\/02\/bruno_sai_da_apac.jpg\" alt=\"\" \/><em>Bruno deixa a APAC em Santa Luzia (Foto: Fl\u00e1vio Tavares\/Hoje em Dia)<\/em><br \/>\n<\/br><\/p>\n<p><strong>VER PRIMEIRO<\/strong><\/p>\n<p><strong>Receba as not\u00edcias do Aconteceu no Vale em primeira m\u00e3o. Clique em curtir no endere\u00e7o <a href=\"https:\/\/www.facebook.com\/aconteceunovale\" target=\"_blank\"><font color=\"red\">www.facebook.com\/aconteceunovale<\/font><\/a> ou no box abaixo:<\/strong><\/p>\n<div class=\"fb-like\" data-href=\"https:\/\/www.facebook.com\/aconteceunovale\" data-width=\"120\" data-layout=\"standard\" data-action=\"like\" data-size=\"small\" data-show-faces=\"true\" data-share=\"true\"><\/div>\n<p><\/br><\/p>\n<p><em>(Fonte: Hoje em Dia)<\/em><\/p>\n","protected":false},"excerpt":{"rendered":"<p>O ex-goleiro Bruno Fernandes deixou a pris\u00e3o \u00e0s 19h35 desta sexta-feira (24\/02\/2017). Acompanhado da esposa e do advogado, o ex-atleta n\u00e3o conversou com a imprensa. Na sa\u00edda, a \u00fanica frase proferida por Bruno foi &#8220;Gl\u00f3ria a Deus por tudo&#8221;. Ele estava preso na Associa\u00e7\u00e3o de Prote\u00e7\u00e3o e Assist\u00eancia ao Condenado (APAC) de Santa Luzia, na [&hellip;]<\/p>\n","protected":false},"author":1,"featured_media":109652,"comment_status":"open","ping_status":"closed","sticky":false,"template":"","format":"standard","meta":{"amp_status":"","footnotes":""},"categories":[59,123],"tags":[140823,10545,140772,140822,10547,12348,140773,14190,3752,140769,140771,15964,119495,140774,119499,1498,140770,28511,140775,28510],"class_list":["post-109650","post","type-post","status-publish","format-standard","has-post-thumbnail","hentry","category-sports","category-gerais","tag-bruno-deixa-a-apac-em-santa-luzia","tag-bruno-fernandes","tag-caso-eliza-samudio","tag-diz-ex-goleiro-bruno-ao-deixar-prisao-em-santa-luzia","tag-elisa-samudio","tag-eliza-samudio","tag-ex-goleiro-bruno","tag-flamengo","tag-goleiro-bruno","tag-liberdade-de-bruno-fernandes","tag-liberdade-para-o-goleiro-bruno","tag-luiz-henrique-romao","tag-marco-aurelio-mello","tag-marco-aurelio-melo","tag-ministro-marco-aurelio-mello","tag-santa-luzia","tag-soltura-de-bruno-fernandes","tag-stf","tag-supremo-manda-soltar-ex-goleiro-bruno","tag-supremo-tribunal-federal"],"_links":{"self":[{"href":"https:\/\/aconteceunovale.com.br\/portal\/index.php?rest_route=\/wp\/v2\/posts\/109650","targetHints":{"allow":["GET"]}}],"collection":[{"href":"https:\/\/aconteceunovale.com.br\/portal\/index.php?rest_route=\/wp\/v2\/posts"}],"about":[{"href":"https:\/\/aconteceunovale.com.br\/portal\/index.php?rest_route=\/wp\/v2\/types\/post"}],"author":[{"embeddable":true,"href":"https:\/\/aconteceunovale.com.br\/portal\/index.php?rest_route=\/wp\/v2\/users\/1"}],"replies":[{"embeddable":true,"href":"https:\/\/aconteceunovale.com.br\/portal\/index.php?rest_route=%2Fwp%2Fv2%2Fcomments&post=109650"}],"version-history":[{"count":0,"href":"https:\/\/aconteceunovale.com.br\/portal\/index.php?rest_route=\/wp\/v2\/posts\/109650\/revisions"}],"wp:featuredmedia":[{"embeddable":true,"href":"https:\/\/aconteceunovale.com.br\/portal\/index.php?rest_route=\/wp\/v2\/media\/109652"}],"wp:attachment":[{"href":"https:\/\/aconteceunovale.com.br\/portal\/index.php?rest_route=%2Fwp%2Fv2%2Fmedia&parent=109650"}],"wp:term":[{"taxonomy":"category","embeddable":true,"href":"https:\/\/aconteceunovale.com.br\/portal\/index.php?rest_route=%2Fwp%2Fv2%2Fcategories&post=109650"},{"taxonomy":"post_tag","embeddable":true,"href":"https:\/\/aconteceunovale.com.br\/portal\/index.php?rest_route=%2Fwp%2Fv2%2Ftags&post=109650"}],"curies":[{"name":"wp","href":"https:\/\/api.w.org\/{rel}","templated":true}]}}